{"id":139857,"date":"2026-03-05T18:24:28","date_gmt":"2026-03-05T18:24:28","guid":{"rendered":"https:\/\/www.primor.eu\/blog\/?p=139857"},"modified":"2026-03-02T18:26:54","modified_gmt":"2026-03-02T18:26:54","slug":"cuidar-piel-cuello-escote","status":"publish","type":"post","link":"https:\/\/www.primor.eu\/blog\/cuidar-piel-cuello-escote\/","title":{"rendered":"Las zonas m\u00e1s olvidadas: c\u00f3mo cuidar la piel de tu cuello y escote"},"content":{"rendered":"\n<p>Cuidamos el rostro con constancia casi milim\u00e9trica. Limpiamos. Hidratamos. Aplicamos s\u00e9rum. Protector solar. Pero cuando bajamos unos cent\u00edmetros\u2026 <strong>muchas veces nos detenemos. <\/strong>El <strong>cuello<\/strong> y el<strong> escote<\/strong> suelen ser las <strong>grandes olvidadas de la rutina facial.<\/strong> Y, sin embargo, son zonas que envejecen antes, que est\u00e1n expuestas a los mismos factores externos y que delatan el paso del tiempo con m\u00e1s facilidad si no reciben el mismo cuidado.<\/p>\n\n\n\n<h2 class=\"wp-block-heading\">Por qu\u00e9 el cuello y el escote envejecen antes<\/h2>\n\n\n\n<p>La piel de estas zonas <strong>es m\u00e1s fina y tiene menos gl\u00e1ndulas seb\u00e1ceas<\/strong> que el rostro. Eso significa menos capacidad natural para retener hidrataci\u00f3n y menos soporte estructural. Adem\u00e1s:<\/p>\n\n\n\n<ul class=\"wp-block-list\">\n<li>Est\u00e1n expuestas al sol durante todo el a\u00f1o.<\/li>\n\n\n\n<li>Reciben menos protecci\u00f3n solar que el rostro.<\/li>\n\n\n\n<li>Sufren el impacto de la postura (mirar el m\u00f3vil, trabajar frente al ordenador).<\/li>\n\n\n\n<li>Pierden firmeza con el paso del tiempo de forma m\u00e1s visible.<\/li>\n<\/ul>\n\n\n\n<p>Por tanto, el <strong>resultado<\/strong> son l\u00edneas horizontales en el cuello, p\u00e9rdida de elasticidad, manchas solares en el escote y textura m\u00e1s fina y arrugada. No es cuesti\u00f3n de edad, es cuesti\u00f3n de h\u00e1bito.<\/p>\n\n\n\n<h2 class=\"wp-block-heading\">El error m\u00e1s com\u00fan<\/h2>\n\n\n\n<p>Aplicar la rutina facial y detenerse en la barbilla. Muchas personas<strong> invierten en activos potentes para el rostro <\/strong>y olvidan extenderlos hacia abajo. Con el tiempo, el contraste entre una piel facial cuidada y un cuello desatendido se hace evidente. <strong>La soluci\u00f3n no es complicar la rutina<\/strong>, es ampliarla.<\/p>\n\n\n\n<h2 class=\"wp-block-heading\">C\u00f3mo cuidar la piel del cuello y escote<\/h2>\n\n\n\n<p>No necesitas diez productos nuevos. Necesitas <strong>coherencia<\/strong>.<\/p>\n\n\n\n<h3 class=\"wp-block-heading\">1\/ Limpieza suave<\/h3>\n\n\n\n<p>El cuello y el escote tambi\u00e9n acumulan sudor, contaminaci\u00f3n y restos de protector solar o perfume. Limpiarlos con la misma suavidad que el rostro ayuda a mantener la piel equilibrada. Evita fricciones agresivas. La piel aqu\u00ed es m\u00e1s delicada.<\/p>\n\n\n\n<h3 class=\"wp-block-heading\">2\/ Hidrataci\u00f3n constante<\/h3>\n\n\n\n<p>Al tener menos producci\u00f3n seb\u00e1cea, estas zonas <strong>tienden a deshidratarse con facilidad<\/strong>. Aplicar tu crema facial tambi\u00e9n en cuello y escote es un gesto sencillo que marca diferencia. Si tu piel necesita un extra, puedes optar por f\u00f3rmulas reafirmantes o con ingredientes como \u00e1cido hialur\u00f3nico, p\u00e9ptidos o ceramidas.<\/p>\n\n\n\n<h3 class=\"wp-block-heading\">3\/ Protecci\u00f3n solar diaria<\/h3>\n\n\n\n<p>Este punto es <strong>innegociable<\/strong>. El escote es una de las zonas que m\u00e1s radiaci\u00f3n solar recibe, especialmente en primavera y verano. Las manchas y la p\u00e9rdida de firmeza suelen estar directamente relacionadas con la exposici\u00f3n acumulada. No hay excusas que valgan, usa protecci\u00f3n solar.<\/p>\n\n\n\n<h3 class=\"wp-block-heading\">4\/ Atenci\u00f3n a las manchas<\/h3>\n\n\n\n<p>Si ya tienes hiperpigmentaciones, usa activos despigmentantes suaves, siempre adaptados a la tolerancia de la piel. Eso s\u00ed, sin protecci\u00f3n solar constante, cualquier tratamiento pierde eficacia.<\/p>\n\n\n\n<h3 class=\"wp-block-heading\">5\/ Cuidado con la postura<\/h3>\n\n\n\n<p>Las llamadas \u2018tech lines\u2019 o l\u00edneas horizontales del cuello est\u00e1n cada vez m\u00e1s relacionadas con el <strong>uso continuado del m\u00f3vil. <\/strong>\u00c1ndate con ojo.<\/p>\n\n\n\n<h2 class=\"wp-block-heading\">\u00bfNecesita productos espec\u00edficos?<\/h2>\n\n\n\n<p>Existen cremas formuladas espec\u00edficamente para cuello y escote, con texturas adaptadas y activos reafirmantes. <strong>No son imprescindibles si tu crema facial es adecuada<\/strong>, pero pueden aportar un plus en pieles maduras o con p\u00e9rdida visible de firmeza. Lo importante es que el cuidado no termine en el ment\u00f3n. As\u00ed que, ya sabes: apl\u00edcate el cuento.<\/p>\n\n\n<div class=\"kk-star-ratings kksr-auto kksr-align-center kksr-valign-bottom\"\n    data-payload='{&quot;align&quot;:&quot;center&quot;,&quot;id&quot;:&quot;139857&quot;,&quot;slug&quot;:&quot;default&quot;,&quot;valign&quot;:&quot;bottom&quot;,&quot;ignore&quot;:&quot;&quot;,&quot;reference&quot;:&quot;auto&quot;,&quot;class&quot;:&quot;&quot;,&quot;count&quot;:&quot;1&quot;,&quot;legendonly&quot;:&quot;&quot;,&quot;readonly&quot;:&quot;&quot;,&quot;score&quot;:&quot;5&quot;,&quot;starsonly&quot;:&quot;&quot;,&quot;best&quot;:&quot;5&quot;,&quot;gap&quot;:&quot;5&quot;,&quot;greet&quot;:&quot;Valora este art\u00edculo&quot;,&quot;legend&quot;:&quot;5\\\/5 - (1 voto)&quot;,&quot;size&quot;:&quot;24&quot;,&quot;title&quot;:&quot;Las zonas m\u00e1s olvidadas: c\u00f3mo cuidar la piel de tu cuello y escote&quot;,&quot;width&quot;:&quot;142.5&quot;,&quot;_legend&quot;:&quot;{score}\\\/{best} - ({count} {votes})&quot;,&quot;font_factor&quot;:&quot;1.25&quot;}'>\n            \n<div class=\"kksr-stars\">\n    \n<div class=\"kksr-stars-inactive\">\n            <div class=\"kksr-star\" data-star=\"1\" style=\"padding-right: 5px\">\n            \n\n<div class=\"kksr-icon\" style=\"width: 24px; height: 24px;\"><\/div>\n        <\/div>\n            <div class=\"kksr-star\" data-star=\"2\" style=\"padding-right: 5px\">\n            \n\n<div class=\"kksr-icon\" style=\"width: 24px; height: 24px;\"><\/div>\n        <\/div>\n            <div class=\"kksr-star\" data-star=\"3\" style=\"padding-right: 5px\">\n            \n\n<div class=\"kksr-icon\" style=\"width: 24px; height: 24px;\"><\/div>\n        <\/div>\n            <div class=\"kksr-star\" data-star=\"4\" style=\"padding-right: 5px\">\n            \n\n<div class=\"kksr-icon\" style=\"width: 24px; height: 24px;\"><\/div>\n        <\/div>\n            <div class=\"kksr-star\" data-star=\"5\" style=\"padding-right: 5px\">\n            \n\n<div class=\"kksr-icon\" style=\"width: 24px; height: 24px;\"><\/div>\n        <\/div>\n    <\/div>\n    \n<div class=\"kksr-stars-active\" style=\"width: 142.5px;\">\n            <div class=\"kksr-star\" style=\"padding-right: 5px\">\n            \n\n<div class=\"kksr-icon\" style=\"width: 24px; height: 24px;\"><\/div>\n        <\/div>\n            <div class=\"kksr-star\" style=\"padding-right: 5px\">\n            \n\n<div class=\"kksr-icon\" style=\"width: 24px; height: 24px;\"><\/div>\n        <\/div>\n            <div class=\"kksr-star\" style=\"padding-right: 5px\">\n            \n\n<div class=\"kksr-icon\" style=\"width: 24px; height: 24px;\"><\/div>\n        <\/div>\n            <div class=\"kksr-star\" style=\"padding-right: 5px\">\n            \n\n<div class=\"kksr-icon\" style=\"width: 24px; height: 24px;\"><\/div>\n        <\/div>\n            <div class=\"kksr-star\" style=\"padding-right: 5px\">\n            \n\n<div class=\"kksr-icon\" style=\"width: 24px; height: 24px;\"><\/div>\n        <\/div>\n    <\/div>\n<\/div>\n                \n\n<div class=\"kksr-legend\" style=\"font-size: 19.2px;\">\n            5\/5 - (1 voto)    <\/div>\n    <\/div>\n","protected":false},"excerpt":{"rendered":"<p>Cuidamos el rostro con constancia casi milim\u00e9trica. Limpiamos. Hidratamos. Aplicamos s\u00e9rum. Protector solar. Pero cuando bajamos unos cent\u00edmetros\u2026 muchas veces nos detenemos. El cuello y el escote suelen ser las grandes olvidadas de la rutina facial. Y, sin embargo, son zonas que envejecen antes, que est\u00e1n expuestas a los mismos factores externos y que delatan [&hellip;]<\/p>\n","protected":false},"author":14,"featured_media":139861,"comment_status":"closed","ping_status":"closed","sticky":false,"template":"","format":"standard","meta":{"jnews-multi-image_gallery":[],"jnews_single_post":{"format":"standard"},"jnews_primary_category":[],"jnews_social_meta":[],"jnews_override_counter":[],"footnotes":""},"categories":[29],"tags":[],"class_list":["post-139857","post","type-post","status-publish","format-standard","has-post-thumbnail","hentry","category-cosmetica"],"_links":{"self":[{"href":"https:\/\/www.primor.eu\/blog\/wp-json\/wp\/v2\/posts\/139857","targetHints":{"allow":["GET"]}}],"collection":[{"href":"https:\/\/www.primor.eu\/blog\/wp-json\/wp\/v2\/posts"}],"about":[{"href":"https:\/\/www.primor.eu\/blog\/wp-json\/wp\/v2\/types\/post"}],"author":[{"embeddable":true,"href":"https:\/\/www.primor.eu\/blog\/wp-json\/wp\/v2\/users\/14"}],"replies":[{"embeddable":true,"href":"https:\/\/www.primor.eu\/blog\/wp-json\/wp\/v2\/comments?post=139857"}],"version-history":[{"count":1,"href":"https:\/\/www.primor.eu\/blog\/wp-json\/wp\/v2\/posts\/139857\/revisions"}],"predecessor-version":[{"id":139864,"href":"https:\/\/www.primor.eu\/blog\/wp-json\/wp\/v2\/posts\/139857\/revisions\/139864"}],"wp:featuredmedia":[{"embeddable":true,"href":"https:\/\/www.primor.eu\/blog\/wp-json\/wp\/v2\/media\/139861"}],"wp:attachment":[{"href":"https:\/\/www.primor.eu\/blog\/wp-json\/wp\/v2\/media?parent=139857"}],"wp:term":[{"taxonomy":"category","embeddable":true,"href":"https:\/\/www.primor.eu\/blog\/wp-json\/wp\/v2\/categories?post=139857"},{"taxonomy":"post_tag","embeddable":true,"href":"https:\/\/www.primor.eu\/blog\/wp-json\/wp\/v2\/tags?post=139857"}],"curies":[{"name":"wp","href":"https:\/\/api.w.org\/{rel}","templated":true}]}}