{"id":139856,"date":"2026-03-05T18:24:28","date_gmt":"2026-03-05T18:24:28","guid":{"rendered":"https:\/\/www.primor.eu\/blog\/?p=139856"},"modified":"2026-03-02T18:27:28","modified_gmt":"2026-03-02T18:27:28","slug":"tipos-alopecia","status":"publish","type":"post","link":"https:\/\/www.primor.eu\/blog\/tipos-alopecia\/","title":{"rendered":"Tipos de alpecia y c\u00f3mo saber cu\u00e1l padeces"},"content":{"rendered":"\n<p><a href=\"https:\/\/www.primor.eu\/blog\/tratamientos-biologicos-para-frenar-caida-del-cabello\/\"><strong>Perder cabello<\/strong><\/a><strong> no siempre significa lo mismo<\/strong>. A veces es puntual, a veces es progresivo y otras veces es la forma en que el cuerpo nos est\u00e1 diciendo que algo necesita atenci\u00f3n. Cuando hablamos de <strong>alopecia<\/strong>, solemos pensar en una \u00fanica realidad. Pero lo cierto es que existen distintos tipos, con causas y abordajes diferentes. Y entender cu\u00e1l puede estar detr\u00e1s de la ca\u00edda es el primer paso para actuar con criterio (no con p\u00e1nico). Te contamos todo lo que deber\u00edas saber en el blog de Primor.\u00a0<\/p>\n\n\n\n<h2 class=\"wp-block-heading\">Qu\u00e9 es exactamente la alopecia<\/h2>\n\n\n\n<p>La alopecia es la <strong>p\u00e9rdida anormal de cabello<\/strong> o la disminuci\u00f3n progresiva de su densidad. Puede afectar al cuero cabelludo o a otras zonas del cuerpo, y puede tener causas gen\u00e9ticas, hormonales, autoinmunes o ambientales.<\/p>\n\n\n\n<p>La <strong>clave<\/strong> est\u00e1 en diferenciar una<strong> ca\u00edda puntual <\/strong>(como la estacional o el efluvio tel\u00f3geno) de una alopecia establecida. Si la p\u00e9rdida se prolonga en el tiempo y el cabello no se recupera, conviene investigar.<\/p>\n\n\n\n<h2 class=\"wp-block-heading\">Por qu\u00e9 se me cae el pelo: tipos de alopecia<\/h2>\n\n\n\n<h3 class=\"wp-block-heading\">1\/ Alopecia androg\u00e9nica<\/h3>\n\n\n\n<p>Es la m\u00e1s frecuente, tanto en hombres como en mujeres. Est\u00e1 relacionada con <strong>factores gen\u00e9ticos y hormonales<\/strong>, especialmente con la sensibilidad de los fol\u00edculos a los andr\u00f3genos.<\/p>\n\n\n\n<h4 class=\"wp-block-heading\">C\u00f3mo suele manifestarse:<\/h4>\n\n\n\n<ul class=\"wp-block-list\">\n<li>En <strong>hombres<\/strong>: entradas marcadas y p\u00e9rdida en la coronilla.<\/li>\n\n\n\n<li>En <strong>mujeres<\/strong>: afinamiento progresivo, sobre todo en la zona de la raya central.<\/li>\n\n\n\n<li>Disminuci\u00f3n gradual de densidad, no ca\u00edda masiva repentina.<\/li>\n<\/ul>\n\n\n\n<p>Es <strong>progresiva<\/strong>. Y cuanto antes se detecta, mejores suelen ser los resultados del tratamiento.b&nbsp; Si notas que cada vez tienes menos volumen en zonas concretas y el proceso avanza lentamente, podr\u00eda tratarse de este tipo.<\/p>\n\n\n\n<h3 class=\"wp-block-heading\">2\/ Efluvio tel\u00f3geno<\/h3>\n\n\n\n<p>Es una <strong>ca\u00edda difusa y repentina <\/strong>que suele aparecer tras un desencadenante concreto, que puede ser estr\u00e9s intenso, cambios hormonales (postparto, menopausia), dietas restrictivas, infecciones o cirug\u00edas. En este caso, el cabello entra de forma masiva en fase de ca\u00edda.<\/p>\n\n\n\n<h4 class=\"wp-block-heading\">Se\u00f1ales habituales:<\/h4>\n\n\n\n<ul class=\"wp-block-list\">\n<li>Ca\u00edda abundante al lavar o cepillar.<\/li>\n\n\n\n<li>P\u00e9rdida generalizada, no localizada.<\/li>\n\n\n\n<li>Sensaci\u00f3n de menor densidad en pocas semanas.<\/li>\n<\/ul>\n\n\n\n<p>La<strong> buena noticia:<\/strong> suele ser reversible si se corrige la causa.<\/p>\n\n\n\n<p>Si la ca\u00edda empez\u00f3 dos o tres meses despu\u00e9s de un evento estresante, este tipo es una posibilidad frecuente.<\/p>\n\n\n\n<h3 class=\"wp-block-heading\">3\/ Alopecia areata<\/h3>\n\n\n\n<p>Es de origen <a href=\"https:\/\/www.primor.eu\/blog\/alopecia-areata-mujer\/\"><strong>autoinmune<\/strong><\/a>. El sistema inmunol\u00f3gico ataca los fol\u00edculos pilosos, provocando p\u00e9rdida en \u00e1reas concretas.<\/p>\n\n\n\n<h4 class=\"wp-block-heading\">C\u00f3mo reconocerla:<\/h4>\n\n\n\n<ul class=\"wp-block-list\">\n<li>Placas redondas sin cabello.<\/li>\n\n\n\n<li>Zonas bien delimitadas.<\/li>\n\n\n\n<li>Aparici\u00f3n relativamente r\u00e1pida.<\/li>\n<\/ul>\n\n\n\n<p>Puede afectar solo a peque\u00f1as \u00e1reas o, en casos m\u00e1s extensos, a gran parte del cuero cabelludo. <strong>Requiere valoraci\u00f3n dermatol\u00f3gica.<\/strong> No es una ca\u00edda \u201cnormal\u201d ni estacional.<\/p>\n\n\n\n<h3 class=\"wp-block-heading\">4\/ Alopecia cicatricial<\/h3>\n\n\n\n<p>Es menos frecuente, pero m\u00e1s <strong>compleja<\/strong>. En este caso, el fol\u00edculo piloso se destruye y es reemplazado por tejido cicatricial, lo que impide que el cabello vuelva a crecer.<\/p>\n\n\n\n<h4 class=\"wp-block-heading\">Se\u00f1ales de alerta:<\/h4>\n\n\n\n<ul class=\"wp-block-list\">\n<li>Zonas con p\u00e9rdida permanente.<\/li>\n\n\n\n<li>Cambios visibles en la piel del cuero cabelludo.<\/li>\n\n\n\n<li>Inflamaci\u00f3n, dolor o descamaci\u00f3n asociada.<\/li>\n<\/ul>\n\n\n\n<p>Es <strong>fundamental<\/strong> acudir a un especialista cuanto antes si se sospecha este tipo, ya que el diagn\u00f3stico precoz puede frenar su progresi\u00f3n.<\/p>\n\n\n\n<h3 class=\"wp-block-heading\">5\/ Alopecia por tracci\u00f3n<\/h3>\n\n\n\n<p>Est\u00e1 relacionada con <a href=\"https:\/\/www.primor.eu\/blog\/clean-look-alopecia-mujeres\/\">peinados excesivamente tirantes<\/a> y tensi\u00f3n continuada sobre el fol\u00edculo. Trenzas muy ajustadas, coletas altas diarias o extensiones mal colocadas pueden provocarla.<\/p>\n\n\n\n<h4 class=\"wp-block-heading\">C\u00f3mo identificarla:<\/h4>\n\n\n\n<ul class=\"wp-block-list\">\n<li>P\u00e9rdida en zonas donde hay mayor tensi\u00f3n.<\/li>\n\n\n\n<li>Afinamiento en la l\u00ednea frontal o lateral.<\/li>\n<\/ul>\n\n\n\n<p>Si se detecta a tiempo y se elimina la causa, puede revertirse.<\/p>\n\n\n\n<h2 class=\"wp-block-heading\">Entonces\u2026 \u00bfc\u00f3mo saber cu\u00e1l padeces?<\/h2>\n\n\n\n<p>Hay tres preguntas clave que pueden orientarte:<\/p>\n\n\n\n<ol class=\"wp-block-list\">\n<li>\u00bfLa ca\u00edda es repentina o progresiva?<\/li>\n\n\n\n<li>\u00bfEs difusa o localizada en zonas concretas?<\/li>\n\n\n\n<li>\u00bfHa ocurrido algo significativo en los \u00faltimos meses (estr\u00e9s, cambios hormonales, enfermedad)?<\/li>\n<\/ol>\n\n\n\n<p>Pero estas preguntas <strong>no sustituyen una valoraci\u00f3n profesional.<\/strong> Un dermat\u00f3logo puede realizar exploraci\u00f3n cl\u00ednica, dermatoscopia e incluso an\u00e1lisis para identificar la causa real.&nbsp;&nbsp;<\/p>\n\n\n<div class=\"kk-star-ratings kksr-auto kksr-align-center kksr-valign-bottom\"\n    data-payload='{&quot;align&quot;:&quot;center&quot;,&quot;id&quot;:&quot;139856&quot;,&quot;slug&quot;:&quot;default&quot;,&quot;valign&quot;:&quot;bottom&quot;,&quot;ignore&quot;:&quot;&quot;,&quot;reference&quot;:&quot;auto&quot;,&quot;class&quot;:&quot;&quot;,&quot;count&quot;:&quot;0&quot;,&quot;legendonly&quot;:&quot;&quot;,&quot;readonly&quot;:&quot;&quot;,&quot;score&quot;:&quot;0&quot;,&quot;starsonly&quot;:&quot;&quot;,&quot;best&quot;:&quot;5&quot;,&quot;gap&quot;:&quot;5&quot;,&quot;greet&quot;:&quot;Valora este art\u00edculo&quot;,&quot;legend&quot;:&quot;0\\\/5 - (0 votos)&quot;,&quot;size&quot;:&quot;24&quot;,&quot;title&quot;:&quot;Tipos de alpecia y c\u00f3mo saber cu\u00e1l padeces&quot;,&quot;width&quot;:&quot;0&quot;,&quot;_legend&quot;:&quot;{score}\\\/{best} - ({count} {votes})&quot;,&quot;font_factor&quot;:&quot;1.25&quot;}'>\n            \n<div class=\"kksr-stars\">\n    \n<div class=\"kksr-stars-inactive\">\n            <div class=\"kksr-star\" data-star=\"1\" style=\"padding-right: 5px\">\n            \n\n<div class=\"kksr-icon\" style=\"width: 24px; height: 24px;\"><\/div>\n        <\/div>\n            <div class=\"kksr-star\" data-star=\"2\" style=\"padding-right: 5px\">\n            \n\n<div class=\"kksr-icon\" style=\"width: 24px; height: 24px;\"><\/div>\n        <\/div>\n            <div class=\"kksr-star\" data-star=\"3\" style=\"padding-right: 5px\">\n            \n\n<div class=\"kksr-icon\" style=\"width: 24px; height: 24px;\"><\/div>\n        <\/div>\n            <div class=\"kksr-star\" data-star=\"4\" style=\"padding-right: 5px\">\n            \n\n<div class=\"kksr-icon\" style=\"width: 24px; height: 24px;\"><\/div>\n        <\/div>\n            <div class=\"kksr-star\" data-star=\"5\" style=\"padding-right: 5px\">\n            \n\n<div class=\"kksr-icon\" style=\"width: 24px; height: 24px;\"><\/div>\n        <\/div>\n    <\/div>\n    \n<div class=\"kksr-stars-active\" style=\"width: 0px;\">\n            <div class=\"kksr-star\" style=\"padding-right: 5px\">\n            \n\n<div class=\"kksr-icon\" style=\"width: 24px; height: 24px;\"><\/div>\n        <\/div>\n            <div class=\"kksr-star\" style=\"padding-right: 5px\">\n            \n\n<div class=\"kksr-icon\" style=\"width: 24px; height: 24px;\"><\/div>\n        <\/div>\n            <div class=\"kksr-star\" style=\"padding-right: 5px\">\n            \n\n<div class=\"kksr-icon\" style=\"width: 24px; height: 24px;\"><\/div>\n        <\/div>\n            <div class=\"kksr-star\" style=\"padding-right: 5px\">\n            \n\n<div class=\"kksr-icon\" style=\"width: 24px; height: 24px;\"><\/div>\n        <\/div>\n            <div class=\"kksr-star\" style=\"padding-right: 5px\">\n            \n\n<div class=\"kksr-icon\" style=\"width: 24px; height: 24px;\"><\/div>\n        <\/div>\n    <\/div>\n<\/div>\n                \n\n<div class=\"kksr-legend\" style=\"font-size: 19.2px;\">\n            <span class=\"kksr-muted\">Valora este art\u00edculo<\/span>\n    <\/div>\n    <\/div>\n","protected":false},"excerpt":{"rendered":"<p>Perder cabello no siempre significa lo mismo. A veces es puntual, a veces es progresivo y otras veces es la forma en que el cuerpo nos est\u00e1 diciendo que algo necesita atenci\u00f3n. Cuando hablamos de alopecia, solemos pensar en una \u00fanica realidad. Pero lo cierto es que existen distintos tipos, con causas y abordajes diferentes. [&hellip;]<\/p>\n","protected":false},"author":14,"featured_media":139862,"comment_status":"closed","ping_status":"closed","sticky":false,"template":"","format":"standard","meta":{"jnews-multi-image_gallery":[],"jnews_single_post":{"format":"standard"},"jnews_primary_category":[],"jnews_social_meta":[],"jnews_override_counter":[],"footnotes":""},"categories":[35],"tags":[],"class_list":["post-139856","post","type-post","status-publish","format-standard","has-post-thumbnail","hentry","category-cabello"],"_links":{"self":[{"href":"https:\/\/www.primor.eu\/blog\/wp-json\/wp\/v2\/posts\/139856","targetHints":{"allow":["GET"]}}],"collection":[{"href":"https:\/\/www.primor.eu\/blog\/wp-json\/wp\/v2\/posts"}],"about":[{"href":"https:\/\/www.primor.eu\/blog\/wp-json\/wp\/v2\/types\/post"}],"author":[{"embeddable":true,"href":"https:\/\/www.primor.eu\/blog\/wp-json\/wp\/v2\/users\/14"}],"replies":[{"embeddable":true,"href":"https:\/\/www.primor.eu\/blog\/wp-json\/wp\/v2\/comments?post=139856"}],"version-history":[{"count":1,"href":"https:\/\/www.primor.eu\/blog\/wp-json\/wp\/v2\/posts\/139856\/revisions"}],"predecessor-version":[{"id":139865,"href":"https:\/\/www.primor.eu\/blog\/wp-json\/wp\/v2\/posts\/139856\/revisions\/139865"}],"wp:featuredmedia":[{"embeddable":true,"href":"https:\/\/www.primor.eu\/blog\/wp-json\/wp\/v2\/media\/139862"}],"wp:attachment":[{"href":"https:\/\/www.primor.eu\/blog\/wp-json\/wp\/v2\/media?parent=139856"}],"wp:term":[{"taxonomy":"category","embeddable":true,"href":"https:\/\/www.primor.eu\/blog\/wp-json\/wp\/v2\/categories?post=139856"},{"taxonomy":"post_tag","embeddable":true,"href":"https:\/\/www.primor.eu\/blog\/wp-json\/wp\/v2\/tags?post=139856"}],"curies":[{"name":"wp","href":"https:\/\/api.w.org\/{rel}","templated":true}]}}