{"id":139808,"date":"2026-03-14T12:00:00","date_gmt":"2026-03-14T12:00:00","guid":{"rendered":"https:\/\/www.primor.eu\/blog\/?p=139808"},"modified":"2026-03-02T13:07:34","modified_gmt":"2026-03-02T13:07:34","slug":"soft-goth-maquillaje","status":"publish","type":"post","link":"https:\/\/www.primor.eu\/blog\/soft-goth-maquillaje\/","title":{"rendered":"Soft Goth: la tendencia de maquillaje m\u00e1s rom\u00e1ntica (y dram\u00e1tica)"},"content":{"rendered":"\n<p>Si te sientes atra\u00edda por la nueva tendencia de maquillaje <strong>soft <a href=\"https:\/\/www.primor.eu\/blog\/clean-goth\/\" data-type=\"link\" data-id=\"https:\/\/www.primor.eu\/blog\/clean-goth\/\">goth<\/a><\/strong>, es probable que te guste la est\u00e9tica g\u00f3tica o que simplemente quieras experimentar con ella para ver c\u00f3mo te sienta. En este art\u00edculo te comentamos por qu\u00e9 el soft goth est\u00e1 pegando fuerte y te recomendamos unos sencillos <strong>tips para conseguirlo<\/strong>, as\u00ed como algunos de los <a href=\"https:\/\/www.primor.eu\/es_es\/sombras-de-ojos-lujo\" data-type=\"link\" data-id=\"https:\/\/www.primor.eu\/es_es\/sombras-de-ojos-lujo\">mejores productos<\/a> de nuestra tienda para un buen acabado.\u00a0<\/p>\n\n\n\n<h2 class=\"wp-block-heading\">Por qu\u00e9 el soft goth es tendencia<\/h2>\n\n\n\n<p>Lo primero que te debes estar preguntando si no has probado nunca esta est\u00e9tica en tu maquillaje, es por qu\u00e9 el soft goth <strong>es tendencia<\/strong> si siempre ha estado relegado al nicho de las g\u00f3ticas o esas mujeres amantes del heavy metal y su cultura.&nbsp;<\/p>\n\n\n\n<p>Pues bien, aqu\u00ed viene el secreto de por qu\u00e9 el soft goth ha dejado de estar reservado solamente para ese tipo de personas y ha pasado a ser masivo.<\/p>\n\n\n\n<p>En primer lugar, hay que tener en cuenta que hace tiempo que vivimos un <strong>revival de los 90<\/strong> en t\u00e9rminos de moda y belleza. Esto hace que el soft goth est\u00e9 dentro de la lista de must, ya que peg\u00f3 fuerte en esta d\u00e9cada.&nbsp;<\/p>\n\n\n\n<p>Por otro lado, hemos de tener en cuenta que las <strong>series de terror<\/strong> y otras rom\u00e1nticas como Wednesday est\u00e1n pegando fuerte, por lo que no es casualidad que haya jovencitas que quieran emular la est\u00e9tica de sus personajes favoritos.<\/p>\n\n\n\n<p>Por \u00faltimo, hay una<strong> fiebre en redes <\/strong>como TikTok y Pinterest con contenidos que dan tips sobre c\u00f3mo conseguir soft goth y ya sabemos que hoy en d\u00eda, las tendencias en redes se hacen virales en seguida.<br><\/p>\n\n\n\n<p>C\u00f3mo conseguir el soft goth sutil en tu d\u00eda a d\u00eda<\/p>\n\n\n\n<p>Y ahora s\u00ed, si quieres adaptar la est\u00e9tica soft goth a tu maquillaje, pero no te sientes g\u00f3tica y quieres que no sea demasiado marcada, sigue estos tips:<\/p>\n\n\n\n<ul class=\"wp-block-list\">\n<li>Usa un malva para los labios en lugar de tonos morados oscuros<\/li>\n\n\n\n<li>Mant\u00e9n las cejas definidas pero no excesivamente marcadas<\/li>\n\n\n\n<li>Apuesta por sombras de ojos marrones profundas en lugar de negras<\/li>\n\n\n\n<li>No uses maquillaje o polvos demasiado p\u00e1lidos y perm\u00edtete subir algunos tonos<\/li>\n<\/ul>\n\n\n\n<h2 class=\"wp-block-heading\">Algunos productos infalibles para conseguir tu soft goth<\/h2>\n\n\n\n<h3 class=\"wp-block-heading\">L\u00e1piz para Cejas Micro Brow Pencil de NYX<\/h3>\n\n\n\n<p>Este l\u00e1piz para cejas cuenta con una punta ultra fina que brinda una m\u00e1xima precisi\u00f3n, permiti\u00e9ndote construir unas cejas hermosas y llenas de manera natural, incluso las m\u00e1s delgadas, pelo a pelo.<\/p>\n\n\n\n<p>El Micro Brow Pencil de NYX va m\u00e1s all\u00e1 al incluir un extremo de goupill\u00f3n que peina y difumina el color, logrando un efecto integrado y una mirada expresiva y llena de personalidad. Despu\u00e9s de aplicar el color, cepilla tus cejas para una apariencia m\u00e1s natural.<\/p>\n\n\n\n<p>Este l\u00e1piz cejas est\u00e1 disponible en 8 tonalidades diferentes, lo que te permite elegir el tono que mejor se adapte a ti.&nbsp;<\/p>\n\n\n\n<p>Conf\u00eda en la calidad de NYX para conseguir unas cejas impecables y definidas.<\/p>\n\n\n    <a class='product' target='_blank' href='https:\/\/www.primor.eu\/es_es\/nyx-professional-make-up-lapiz-para-cejas-micro-brow-pencil-110029.html?#803=55535'>\r\n        <img loading='async' src='https:\/\/cdn2.primor.eu\/media\/catalog\/product\/cache\/8d3aba296f7a18b5251ee30fa5db42b2\/0\/M\/0MO19257_1_572f.jpg' alt='COMPRAR AHORA'>\r\n            <div class=\"claim\">\r\n                COMPRAR AHORA            <\/div>\r\n        <\/a>\r\n    \n\n\n<h3 class=\"wp-block-heading\">The Nudes Palette de Maybelline New York<\/h3>\n\n\n\n<p>Paleta de sombras neutras de Maybelline, un imprescindible en cualquier tocador. Cuenta con 12 tonos que van desde un beige crema, hasta un bronce o un marr\u00f3n m\u00e1s oscuro, toda una gama de tonos tierra con los que dise\u00f1ar tu mirada, consiguiendo un aspecto natural tanto para el d\u00eda como para la noche.<\/p>\n\n\n\n<p>Adem\u00e1s, su tono negro profundo permite conseguir un efecto ojos ahumados para una mirada m\u00e1s elegante.<\/p>\n\n\n    <a class='product' target='_blank' href='https:\/\/www.primor.eu\/es_es\/maybelline-new-york-the-nudes-palette-35547.html'>\r\n        <img loading='async' src='https:\/\/cdn2.primor.eu\/media\/catalog\/product\/cache\/8d3aba296f7a18b5251ee30fa5db42b2\/0\/M\/0MO11059_1_e42a.jpg' alt='COMPRAR AHORA'>\r\n            <div class=\"claim\">\r\n                COMPRAR AHORA            <\/div>\r\n        <\/a>\r\n    \n\n<div class=\"kk-star-ratings kksr-auto kksr-align-center kksr-valign-bottom\"\n    data-payload='{&quot;align&quot;:&quot;center&quot;,&quot;id&quot;:&quot;139808&quot;,&quot;slug&quot;:&quot;default&quot;,&quot;valign&quot;:&quot;bottom&quot;,&quot;ignore&quot;:&quot;&quot;,&quot;reference&quot;:&quot;auto&quot;,&quot;class&quot;:&quot;&quot;,&quot;count&quot;:&quot;0&quot;,&quot;legendonly&quot;:&quot;&quot;,&quot;readonly&quot;:&quot;&quot;,&quot;score&quot;:&quot;0&quot;,&quot;starsonly&quot;:&quot;&quot;,&quot;best&quot;:&quot;5&quot;,&quot;gap&quot;:&quot;5&quot;,&quot;greet&quot;:&quot;Valora este art\u00edculo&quot;,&quot;legend&quot;:&quot;0\\\/5 - (0 votos)&quot;,&quot;size&quot;:&quot;24&quot;,&quot;title&quot;:&quot;Soft Goth: la tendencia de maquillaje m\u00e1s rom\u00e1ntica (y dram\u00e1tica)&quot;,&quot;width&quot;:&quot;0&quot;,&quot;_legend&quot;:&quot;{score}\\\/{best} - ({count} {votes})&quot;,&quot;font_factor&quot;:&quot;1.25&quot;}'>\n            \n<div class=\"kksr-stars\">\n    \n<div class=\"kksr-stars-inactive\">\n            <div class=\"kksr-star\" data-star=\"1\" style=\"padding-right: 5px\">\n            \n\n<div class=\"kksr-icon\" style=\"width: 24px; height: 24px;\"><\/div>\n        <\/div>\n            <div class=\"kksr-star\" data-star=\"2\" style=\"padding-right: 5px\">\n            \n\n<div class=\"kksr-icon\" style=\"width: 24px; height: 24px;\"><\/div>\n        <\/div>\n            <div class=\"kksr-star\" data-star=\"3\" style=\"padding-right: 5px\">\n            \n\n<div class=\"kksr-icon\" style=\"width: 24px; height: 24px;\"><\/div>\n        <\/div>\n            <div class=\"kksr-star\" data-star=\"4\" style=\"padding-right: 5px\">\n            \n\n<div class=\"kksr-icon\" style=\"width: 24px; height: 24px;\"><\/div>\n        <\/div>\n            <div class=\"kksr-star\" data-star=\"5\" style=\"padding-right: 5px\">\n            \n\n<div class=\"kksr-icon\" style=\"width: 24px; height: 24px;\"><\/div>\n        <\/div>\n    <\/div>\n    \n<div class=\"kksr-stars-active\" style=\"width: 0px;\">\n            <div class=\"kksr-star\" style=\"padding-right: 5px\">\n            \n\n<div class=\"kksr-icon\" style=\"width: 24px; height: 24px;\"><\/div>\n        <\/div>\n            <div class=\"kksr-star\" style=\"padding-right: 5px\">\n            \n\n<div class=\"kksr-icon\" style=\"width: 24px; height: 24px;\"><\/div>\n        <\/div>\n            <div class=\"kksr-star\" style=\"padding-right: 5px\">\n            \n\n<div class=\"kksr-icon\" style=\"width: 24px; height: 24px;\"><\/div>\n        <\/div>\n            <div class=\"kksr-star\" style=\"padding-right: 5px\">\n            \n\n<div class=\"kksr-icon\" style=\"width: 24px; height: 24px;\"><\/div>\n        <\/div>\n            <div class=\"kksr-star\" style=\"padding-right: 5px\">\n            \n\n<div class=\"kksr-icon\" style=\"width: 24px; height: 24px;\"><\/div>\n        <\/div>\n    <\/div>\n<\/div>\n                \n\n<div class=\"kksr-legend\" style=\"font-size: 19.2px;\">\n            <span class=\"kksr-muted\">Valora este art\u00edculo<\/span>\n    <\/div>\n    <\/div>\n","protected":false},"excerpt":{"rendered":"<p>Si te sientes atra\u00edda por la nueva tendencia de maquillaje soft goth, es probable que te guste la est\u00e9tica g\u00f3tica o que simplemente quieras experimentar con ella para ver c\u00f3mo te sienta. En este art\u00edculo te comentamos por qu\u00e9 el soft goth est\u00e1 pegando fuerte y te recomendamos unos sencillos tips para conseguirlo, as\u00ed como [&hellip;]<\/p>\n","protected":false},"author":30,"featured_media":139810,"comment_status":"closed","ping_status":"closed","sticky":false,"template":"","format":"standard","meta":{"jnews-multi-image_gallery":[],"jnews_single_post":{"format":"standard"},"jnews_primary_category":[],"jnews_social_meta":[],"jnews_override_counter":[],"footnotes":""},"categories":[41],"tags":[],"class_list":["post-139808","post","type-post","status-publish","format-standard","has-post-thumbnail","hentry","category-maquillaje"],"_links":{"self":[{"href":"https:\/\/www.primor.eu\/blog\/wp-json\/wp\/v2\/posts\/139808","targetHints":{"allow":["GET"]}}],"collection":[{"href":"https:\/\/www.primor.eu\/blog\/wp-json\/wp\/v2\/posts"}],"about":[{"href":"https:\/\/www.primor.eu\/blog\/wp-json\/wp\/v2\/types\/post"}],"author":[{"embeddable":true,"href":"https:\/\/www.primor.eu\/blog\/wp-json\/wp\/v2\/users\/30"}],"replies":[{"embeddable":true,"href":"https:\/\/www.primor.eu\/blog\/wp-json\/wp\/v2\/comments?post=139808"}],"version-history":[{"count":2,"href":"https:\/\/www.primor.eu\/blog\/wp-json\/wp\/v2\/posts\/139808\/revisions"}],"predecessor-version":[{"id":139813,"href":"https:\/\/www.primor.eu\/blog\/wp-json\/wp\/v2\/posts\/139808\/revisions\/139813"}],"wp:featuredmedia":[{"embeddable":true,"href":"https:\/\/www.primor.eu\/blog\/wp-json\/wp\/v2\/media\/139810"}],"wp:attachment":[{"href":"https:\/\/www.primor.eu\/blog\/wp-json\/wp\/v2\/media?parent=139808"}],"wp:term":[{"taxonomy":"category","embeddable":true,"href":"https:\/\/www.primor.eu\/blog\/wp-json\/wp\/v2\/categories?post=139808"},{"taxonomy":"post_tag","embeddable":true,"href":"https:\/\/www.primor.eu\/blog\/wp-json\/wp\/v2\/tags?post=139808"}],"curies":[{"name":"wp","href":"https:\/\/api.w.org\/{rel}","templated":true}]}}