{"id":139185,"date":"2026-02-13T07:45:55","date_gmt":"2026-02-13T07:45:55","guid":{"rendered":"https:\/\/www.primor.eu\/blog\/?p=139185"},"modified":"2026-02-13T07:47:07","modified_gmt":"2026-02-13T07:47:07","slug":"mejores-productos-preparar-piel-san-valentin","status":"publish","type":"post","link":"https:\/\/www.primor.eu\/blog\/mejores-productos-preparar-piel-san-valentin\/","title":{"rendered":"Prepara tu piel para San Valent\u00edn con nuestros mejores productos"},"content":{"rendered":"\n<p><strong><a href=\"https:\/\/www.primor.eu\/es_es\/regalos-san-valentin\" data-type=\"link\" data-id=\"https:\/\/www.primor.eu\/es_es\/regalos-san-valentin\">San Valent\u00edn <\/a><\/strong>est\u00e1 a la vuelta de la esquina y, si todav\u00eda no tienes el regalo perfecto, tenemos una idea con la que no vas a fallar: <strong>cosm\u00e9tica<\/strong>. Porque, seamos realistas, todo el mundo <strong>disfruta de una piel bien cuidada<\/strong>, un cabello brillante y un aroma irresistible. As\u00ed que, en lugar de recurrir a los cl\u00e1sicos bombones o flores, apuesta por un <strong>detalle que combine lujo, bienestar y <a href=\"https:\/\/www.primor.eu\/blog\/rojo-color-amor-san-valentin\/\" data-type=\"link\" data-id=\"https:\/\/www.primor.eu\/blog\/rojo-color-amor-san-valentin\/\">amor<\/a>.<\/strong> \u00bfNo sabes por d\u00f3nde empezar? Tranquilidad, aqu\u00ed tienes los mejores productos para la piel de San Valent\u00edn para sorprender a tu pareja este 14 de febrero.<\/p>\n\n\n\n<h2 class=\"wp-block-heading\">Los mejores productos para tu piel en San Valent\u00edn<\/h2>\n\n\n\n<h3 class=\"wp-block-heading\">1.\u2060 \u2060Un perfume con personalidad: el cl\u00e1sico que nunca falla<\/h3>\n\n\n\n<p>S\u00ed, sabemos que los perfumes son el regalo m\u00e1s recurrente, pero eso no significa que sean aburridos. Un buen perfume es un acierto asegurado si eliges la fragancia adecuada.<\/p>\n\n\n\n<ul class=\"wp-block-list\">\n<li><strong>Para ella:<\/strong> Si le gustan los aromas dulces y rom\u00e1nticos, elige un perfume con notas de vainilla, jazm\u00edn o frutos rojos. Si prefiere algo fresco y elegante, opta por fragancias con bergamota, almizcle o t\u00e9 verde.<\/li>\n\n\n\n<li><strong>Para \u00e9l: <\/strong>Las fragancias amaderadas y especiadas son una apuesta segura, con notas de s\u00e1ndalo, cuero o vetiver. Si le van los perfumes m\u00e1s ligeros, las fragancias c\u00edtricas con toques de menta o jengibre le encantar\u00e1n.<\/li>\n<\/ul>\n\n\n\n<p>Y si quieres que el regalo sea a\u00fan m\u00e1s especial, busca sets que incluyan gel de ducha o loci\u00f3n corporal con la misma fragancia.<\/p>\n\n\n\n<h3 class=\"wp-block-heading\">2.\u2060 \u2060Cuidado facial: el lujo del self-care<\/h3>\n\n\n\n<p>Regalar cosm\u00e9tica es regalar momentos de autocuidado, y un buen set de skincare puede convertirse en el mejor aliado para una piel radiante.<\/p>\n\n\n\n<ul class=\"wp-block-list\">\n<li><strong>Para ella:<\/strong> Un s\u00e9rum con \u00e1cido hialur\u00f3nico para hidratar en profundidad, una mascarilla iluminadora con vitamina C o una crema nutritiva con col\u00e1geno.<\/li>\n\n\n\n<li><strong>Para \u00e9l<\/strong>: Un limpiador facial que elimine impurezas sin resecar, un contorno de ojos para reducir ojeras y un s\u00e9rum con niacinamida para mejorar la textura de la piel.<\/li>\n<\/ul>\n\n\n\n<p>Si quieres un regalo m\u00e1s completo, a\u00f1ade un rodillo de jade o un gua sha para masajear el rostro y potenciar la absorci\u00f3n de los productos.<\/p>\n\n\n\n<h3 class=\"wp-block-heading\">3.\u2060 \u2060Maquillaje: el capricho perfecto<\/h3>\n\n\n\n<p>Si tu pareja es fan del maquillaje, un buen producto de makeup es el regalo perfecto. Aqu\u00ed algunas ideas infalibles:<\/p>\n\n\n\n<ul class=\"wp-block-list\">\n<li>Una <strong>paleta de sombras en tonos neutros <\/strong>o rom\u00e1nticos.<\/li>\n\n\n\n<li>Un <strong>labial en un color especial para San Valent\u00edn<\/strong> (rojos, rosas o nudes irresistibles).<\/li>\n\n\n\n<li>Un <strong>iluminador en crema<\/strong> o <strong>polvo<\/strong> para un glow espectacular.<\/li>\n<\/ul>\n\n\n\n<p>Adem\u00e1s, puedes completar el regalo con una brocha de maquillaje de calidad o un fijador en spray para que su look dure todo el d\u00eda.<\/p>\n\n\n\n<h3 class=\"wp-block-heading\">4.\u2060 \u2060Cosm\u00e9tica corporal y capilar: amor en cada detalle<\/h3>\n\n\n\n<p>Si buscas un regalo diferente pero igualmente especial, apuesta por productos para el cuerpo y el cabello.<\/p>\n\n\n\n<ul class=\"wp-block-list\">\n<li><strong>Cremas hidratantes con aromas envolventes<\/strong>: manteca de karit\u00e9, coco o almendra.<\/li>\n\n\n\n<li><strong>Aceites corporales<\/strong> para una piel suave y luminosa.<\/li>\n\n\n\n<li><strong>Mascarillas capilares <\/strong>para nutrir y fortalecer el cabello.<\/li>\n\n\n\n<li><strong>Cepillos y herramientas de peinado<\/strong> para un cabello perfecto sin esfuerzo.<\/li>\n<\/ul>\n\n\n\n<p>Nada dice \u201cte quiero\u201d como un self-care kit completo para mimarse de pies a cabeza.<\/p>\n\n\n\n<h2 class=\"wp-block-heading\">Los mejores productos para tu piel en San Valent\u00edn<\/h2>\n\n\n        <product-table class=\"pr-slider\">\r\n            <product-headers class=\"grid-table-rows\">\r\n                <div>Foto<\/div>\r\n                <div>Producto<\/div>\r\n                <div>Marca<\/div>\r\n                <div>Valoraciones<\/div>\r\n                <div>Precio<\/div>\r\n            <\/product-headers>\r\n\r\n            <product-list>\r\n                                    <a href=\"https:\/\/www.primor.eu\/es_es\/yves-saint-laurent-myslf-le-parfum-perfume-de-hombre-112615.html?#863=67095\" class=\"product-item grid-table-rows\" target=\"_blank\">\r\n                        <div>\r\n                            <img decoding=\"async\" class=\"product-img\" width=\"80px\" height=\"80px\" src=\"https:\/\/cdn2.primor.eu\/media\/catalog\/product\/cache\/8d3aba296f7a18b5251ee30fa5db42b2\/3\/6\/3614274114669_1_508c.jpg\" alt=\"MYSLF Le Parfum Perfume de Hombre\">\r\n                        <\/div>\r\n\r\n                        <!-- Contenido de producto  -->\r\n                        <div>\r\n                            <div class=\"product-position\">\r\n                                #1 Top Ventas                            <\/div>\r\n\r\n                            <h2>\r\n                                MYSLF Le Parfum Perfume de Hombre                            <\/h2>\r\n                        <\/div>\r\n\r\n                        <!-- Imagen y\/o nombre de la marca -->\r\n                        <div>\r\n                                                            <img decoding=\"async\" width=\"70\" src=\"https:\/\/www.primor.eu\/media\/catalog\/category\/yves.png\" alt=\"Yves Saint Laurent\">\r\n                                                    <\/div>\r\n\r\n                        <!-- Puntuaci\u00f3n del producto  -->\r\n                        <div class=\"rating\">\r\n                                                            <div class=\"rate\" style=\"--p:96;\"><\/div>\r\n                                <b>4.8\/5<\/b>\r\n                                <div class=\"rate-stars\">\r\n                                                                            <div\r\n                                            class=\"rate-star  \">\r\n                                        <\/div>\r\n                                                                            <div\r\n                                            class=\"rate-star  \">\r\n                                        <\/div>\r\n                                                                            <div\r\n                                            class=\"rate-star  \">\r\n                                        <\/div>\r\n                                                                            <div\r\n                                            class=\"rate-star  \">\r\n                                        <\/div>\r\n                                                                            <div\r\n                                            class=\"rate-star  \">\r\n                                        <\/div>\r\n                                                                    <\/div>\r\n                                                    <\/div>\r\n\r\n                        <!-- Bot\u00f3n de producto  -->\r\n                        <div>\r\n                            <span class=\"price-claim\">\r\n                                VER PRECIO                            <\/span>\r\n                        <\/div>\r\n                    <\/a>\r\n                                    <a href=\"https:\/\/www.primor.eu\/es_es\/elizabeth-arden-set-prevage-2-0-turn-back-time-97526.html\" class=\"product-item grid-table-rows\" target=\"_blank\">\r\n                        <div>\r\n                            <img decoding=\"async\" class=\"product-img\" width=\"80px\" height=\"80px\" src=\"https:\/\/cdn2.primor.eu\/media\/catalog\/product\/cache\/8d3aba296f7a18b5251ee30fa5db42b2\/0\/8\/085805260224_6b3c.JPG\" alt=\"Set Prevage 2.0 Turn Back Time\">\r\n                        <\/div>\r\n\r\n                        <!-- Contenido de producto  -->\r\n                        <div>\r\n                            <div class=\"product-position\">\r\n                                #2                            <\/div>\r\n\r\n                            <h2>\r\n                                Set Prevage 2.0 Turn Back Time                            <\/h2>\r\n                        <\/div>\r\n\r\n                        <!-- Imagen y\/o nombre de la marca -->\r\n                        <div>\r\n                                                            <img decoding=\"async\" width=\"70\" src=\"https:\/\/www.primor.eu\/media\/catalog\/category\/elizabeth-arden.png\" alt=\"\">\r\n                                                    <\/div>\r\n\r\n                        <!-- Puntuaci\u00f3n del producto  -->\r\n                        <div class=\"rating\">\r\n                                                            <div class=\"rate\" style=\"--p:20;\"><\/div>\r\n                                <b>1\/5<\/b>\r\n                                <div class=\"rate-stars\">\r\n                                                                            <div\r\n                                            class=\"rate-star  \">\r\n                                        <\/div>\r\n                                                                            <div\r\n                                            class=\"rate-star disable \">\r\n                                        <\/div>\r\n                                                                            <div\r\n                                            class=\"rate-star disable \">\r\n                                        <\/div>\r\n                                                                            <div\r\n                                            class=\"rate-star disable \">\r\n                                        <\/div>\r\n                                                                            <div\r\n                                            class=\"rate-star disable \">\r\n                                        <\/div>\r\n                                                                    <\/div>\r\n                                                    <\/div>\r\n\r\n                        <!-- Bot\u00f3n de producto  -->\r\n                        <div>\r\n                            <span class=\"price-claim\">\r\n                                VER PRECIO                            <\/span>\r\n                        <\/div>\r\n                    <\/a>\r\n                                    <a href=\"https:\/\/www.primor.eu\/es_es\/gucci-bloom-edp-111757.html?#854=66334\" class=\"product-item grid-table-rows\" target=\"_blank\">\r\n                        <div>\r\n                            <img decoding=\"async\" class=\"product-img\" width=\"80px\" height=\"80px\" src=\"https:\/\/cdn2.primor.eu\/media\/catalog\/product\/cache\/8d3aba296f7a18b5251ee30fa5db42b2\/4\/A\/4AF04926_1_5ccc.jpg\" alt=\"Bloom EDP\">\r\n                        <\/div>\r\n\r\n                        <!-- Contenido de producto  -->\r\n                        <div>\r\n                            <div class=\"product-position\">\r\n                                #3                            <\/div>\r\n\r\n                            <h2>\r\n                                Bloom EDP                            <\/h2>\r\n                        <\/div>\r\n\r\n                        <!-- Imagen y\/o nombre de la marca -->\r\n                        <div>\r\n                                                            <img decoding=\"async\" width=\"70\" src=\"https:\/\/www.primor.eu\/media\/catalog\/category\/GUCCI.png\" alt=\"Gucci\">\r\n                                                    <\/div>\r\n\r\n                        <!-- Puntuaci\u00f3n del producto  -->\r\n                        <div class=\"rating\">\r\n                                                            <div class=\"rate\" style=\"--p:96;\"><\/div>\r\n                                <b>4.8\/5<\/b>\r\n                                <div class=\"rate-stars\">\r\n                                                                            <div\r\n                                            class=\"rate-star  \">\r\n                                        <\/div>\r\n                                                                            <div\r\n                                            class=\"rate-star  \">\r\n                                        <\/div>\r\n                                                                            <div\r\n                                            class=\"rate-star  \">\r\n                                        <\/div>\r\n                                                                            <div\r\n                                            class=\"rate-star  \">\r\n                                        <\/div>\r\n                                                                            <div\r\n                                            class=\"rate-star  \">\r\n                                        <\/div>\r\n                                                                    <\/div>\r\n                                                    <\/div>\r\n\r\n                        <!-- Bot\u00f3n de producto  -->\r\n                        <div>\r\n                            <span class=\"price-claim\">\r\n                                VER PRECIO                            <\/span>\r\n                        <\/div>\r\n                    <\/a>\r\n                            <\/product-list>\r\n        <\/product-table>\r\n\r\n        \n\n\n\n<h3 class=\"wp-block-heading\">MYSLF Le Parfum Perfume de Hombre de Yves Saint Laurent<\/h3>\n\n\n\n<p>Este&nbsp;<strong>perfume de hombre<\/strong>&nbsp;comienza con un acorde vibrante de pimienta negra, seguido por un coraz\u00f3n rico en flor de azahar. En las notas de fondo, la calidez de las maderas se mezcla con una suave infusi\u00f3n de vainilla, creando una estela duradera en la piel.<br><\/p>\n\n\n    <a class='product' target='_blank' href='https:\/\/www.primor.eu\/es_es\/yves-saint-laurent-myslf-le-parfum-perfume-de-hombre-112615.html?#863=67095'>\r\n        <img loading='async' src='https:\/\/cdn2.primor.eu\/media\/catalog\/product\/cache\/8d3aba296f7a18b5251ee30fa5db42b2\/3\/6\/3614274114669_1_508c.jpg' alt='COMPRAR AHORA'>\r\n            <div class=\"claim\">\r\n                COMPRAR AHORA            <\/div>\r\n        <\/a>\r\n    \n\n\n<h3 class=\"wp-block-heading\">Set Prevage 2.0 Turn Back Time de Elizabeth Arden<\/h3>\n\n\n\n<p>Este set viene formado por: PREVAGE 2.0 S\u00e9rum Antienvejecimiento Diario, ahora con 4 veces m\u00e1s poder antioxidante. Gracias a la IDEBENONA y a 10 nuevos ingredientes, PREVAGE act\u00faa instant\u00e1neamente y a largo plazo para corregir, proteger y mejorar el aspecto de la piel. Tambi\u00e9n incluye PREVAGE S\u00e9rum Antienvejecimiento para ojos, ideal para combatir las ojeras y reducir las l\u00edneas de expresi\u00f3n; el Limpiador Potenciados Tratamiento Antienvejecimiento PREVAGE para optimizar los beneficios de los s\u00e9rums antiedad; y el Potenciador de Renovaci\u00f3n de la piel SUPERSTART, enriquecido con probi\u00f3ticos para restaurar la salud de la piel.<\/p>\n\n\n    <a class='product' target='_blank' href='https:\/\/www.primor.eu\/es_es\/elizabeth-arden-set-prevage-2-0-turn-back-time-97526.html'>\r\n        <img loading='async' src='https:\/\/cdn2.primor.eu\/media\/catalog\/product\/cache\/8d3aba296f7a18b5251ee30fa5db42b2\/0\/8\/085805260224_6b3c.JPG' alt='COMPRAR AHORA'>\r\n            <div class=\"claim\">\r\n                COMPRAR AHORA            <\/div>\r\n        <\/a>\r\n    \n\n\n<h3 class=\"wp-block-heading\">Bloom EDP de Gucci<\/h3>\n\n\n\n<p>Mezclado por el maestro perfumista Alberto Morillas bajo la direcci\u00f3n del director creativo de la casa,&nbsp;<strong>Gucci Bloom<\/strong>&nbsp;se crea para desarrollarse como su nombre, capturando el rico aroma de un pr\u00f3spero jard\u00edn lleno de abundantes flores. Nardo y jazm\u00edn se combinan con Rangoon Creeper, una flor \u00fanica descubierta en el sur de la India que se utiliza por primera vez en perfumer\u00eda para crear una rica fragancia que transporta al usuario a un jard\u00edn imaginario.<br><\/p>\n\n\n    <a class='product' target='_blank' href='https:\/\/www.primor.eu\/es_es\/gucci-bloom-edp-111757.html?#854=66334'>\r\n        <img loading='async' src='https:\/\/cdn2.primor.eu\/media\/catalog\/product\/cache\/8d3aba296f7a18b5251ee30fa5db42b2\/4\/A\/4AF04926_1_5ccc.jpg' alt='COMPRAR AHORA'>\r\n            <div class=\"claim\">\r\n                COMPRAR AHORA            <\/div>\r\n        <\/a>\r\n    \n\n\n<h3 class=\"wp-block-heading\">Pack Men Hyaluron Antiedad de Nivea<\/h3>\n\n\n\n<p>El Pack NIVEA MEN Hyaluron Antiedad ha sido dise\u00f1ado para ofrecer un cuidado facial completo y eficaz que combate los signos del envejecimiento y revitaliza la piel del rostro. Formulado con \u00c1cido Hialur\u00f3nico, hidrata en profundidad, reduce visiblemente las arrugas y mejora la elasticidad, ayudando a mantener un aspecto joven, firme y saludable.<\/p>\n\n\n    <a class='product' target='_blank' href='https:\/\/www.primor.eu\/es_es\/nivea-pack-nivea-men-hyaluron-antiedad-134879.html'>\r\n        <img loading='async' src='https:\/\/cdn2.primor.eu\/media\/catalog\/product\/cache\/8d3aba296f7a18b5251ee30fa5db42b2\/8\/4\/8412300054669_1436.jpg' alt='COMPRAR AHORA'>\r\n            <div class=\"claim\">\r\n                COMPRAR AHORA            <\/div>\r\n        <\/a>\r\n    \n\n<div class=\"kk-star-ratings kksr-auto kksr-align-center kksr-valign-bottom\"\n    data-payload='{&quot;align&quot;:&quot;center&quot;,&quot;id&quot;:&quot;139185&quot;,&quot;slug&quot;:&quot;default&quot;,&quot;valign&quot;:&quot;bottom&quot;,&quot;ignore&quot;:&quot;&quot;,&quot;reference&quot;:&quot;auto&quot;,&quot;class&quot;:&quot;&quot;,&quot;count&quot;:&quot;0&quot;,&quot;legendonly&quot;:&quot;&quot;,&quot;readonly&quot;:&quot;&quot;,&quot;score&quot;:&quot;0&quot;,&quot;starsonly&quot;:&quot;&quot;,&quot;best&quot;:&quot;5&quot;,&quot;gap&quot;:&quot;5&quot;,&quot;greet&quot;:&quot;Valora este art\u00edculo&quot;,&quot;legend&quot;:&quot;0\\\/5 - (0 votos)&quot;,&quot;size&quot;:&quot;24&quot;,&quot;title&quot;:&quot;Prepara tu piel para San Valent\u00edn con nuestros mejores productos&quot;,&quot;width&quot;:&quot;0&quot;,&quot;_legend&quot;:&quot;{score}\\\/{best} - ({count} {votes})&quot;,&quot;font_factor&quot;:&quot;1.25&quot;}'>\n            \n<div class=\"kksr-stars\">\n    \n<div class=\"kksr-stars-inactive\">\n            <div class=\"kksr-star\" data-star=\"1\" style=\"padding-right: 5px\">\n            \n\n<div class=\"kksr-icon\" style=\"width: 24px; height: 24px;\"><\/div>\n        <\/div>\n            <div class=\"kksr-star\" data-star=\"2\" style=\"padding-right: 5px\">\n            \n\n<div class=\"kksr-icon\" style=\"width: 24px; height: 24px;\"><\/div>\n        <\/div>\n            <div class=\"kksr-star\" data-star=\"3\" style=\"padding-right: 5px\">\n            \n\n<div class=\"kksr-icon\" style=\"width: 24px; height: 24px;\"><\/div>\n        <\/div>\n            <div class=\"kksr-star\" data-star=\"4\" style=\"padding-right: 5px\">\n            \n\n<div class=\"kksr-icon\" style=\"width: 24px; height: 24px;\"><\/div>\n        <\/div>\n            <div class=\"kksr-star\" data-star=\"5\" style=\"padding-right: 5px\">\n            \n\n<div class=\"kksr-icon\" style=\"width: 24px; height: 24px;\"><\/div>\n        <\/div>\n    <\/div>\n    \n<div class=\"kksr-stars-active\" style=\"width: 0px;\">\n            <div class=\"kksr-star\" style=\"padding-right: 5px\">\n            \n\n<div class=\"kksr-icon\" style=\"width: 24px; height: 24px;\"><\/div>\n        <\/div>\n            <div class=\"kksr-star\" style=\"padding-right: 5px\">\n            \n\n<div class=\"kksr-icon\" style=\"width: 24px; height: 24px;\"><\/div>\n        <\/div>\n            <div class=\"kksr-star\" style=\"padding-right: 5px\">\n            \n\n<div class=\"kksr-icon\" style=\"width: 24px; height: 24px;\"><\/div>\n        <\/div>\n            <div class=\"kksr-star\" style=\"padding-right: 5px\">\n            \n\n<div class=\"kksr-icon\" style=\"width: 24px; height: 24px;\"><\/div>\n        <\/div>\n            <div class=\"kksr-star\" style=\"padding-right: 5px\">\n            \n\n<div class=\"kksr-icon\" style=\"width: 24px; height: 24px;\"><\/div>\n        <\/div>\n    <\/div>\n<\/div>\n                \n\n<div class=\"kksr-legend\" style=\"font-size: 19.2px;\">\n            <span class=\"kksr-muted\">Valora este art\u00edculo<\/span>\n    <\/div>\n    <\/div>\n","protected":false},"excerpt":{"rendered":"<p>San Valent\u00edn est\u00e1 a la vuelta de la esquina y, si todav\u00eda no tienes el regalo perfecto, tenemos una idea con la que no vas a fallar: cosm\u00e9tica. Porque, seamos realistas, todo el mundo disfruta de una piel bien cuidada, un cabello brillante y un aroma irresistible. As\u00ed que, en lugar de recurrir a los [&hellip;]<\/p>\n","protected":false},"author":30,"featured_media":139186,"comment_status":"closed","ping_status":"closed","sticky":false,"template":"","format":"standard","meta":{"jnews-multi-image_gallery":[],"jnews_single_post":{"format":"standard"},"jnews_primary_category":[],"jnews_social_meta":[],"jnews_override_counter":[],"footnotes":""},"categories":[29],"tags":[],"class_list":["post-139185","post","type-post","status-publish","format-standard","has-post-thumbnail","hentry","category-cosmetica"],"_links":{"self":[{"href":"https:\/\/www.primor.eu\/blog\/wp-json\/wp\/v2\/posts\/139185","targetHints":{"allow":["GET"]}}],"collection":[{"href":"https:\/\/www.primor.eu\/blog\/wp-json\/wp\/v2\/posts"}],"about":[{"href":"https:\/\/www.primor.eu\/blog\/wp-json\/wp\/v2\/types\/post"}],"author":[{"embeddable":true,"href":"https:\/\/www.primor.eu\/blog\/wp-json\/wp\/v2\/users\/30"}],"replies":[{"embeddable":true,"href":"https:\/\/www.primor.eu\/blog\/wp-json\/wp\/v2\/comments?post=139185"}],"version-history":[{"count":1,"href":"https:\/\/www.primor.eu\/blog\/wp-json\/wp\/v2\/posts\/139185\/revisions"}],"predecessor-version":[{"id":139189,"href":"https:\/\/www.primor.eu\/blog\/wp-json\/wp\/v2\/posts\/139185\/revisions\/139189"}],"wp:featuredmedia":[{"embeddable":true,"href":"https:\/\/www.primor.eu\/blog\/wp-json\/wp\/v2\/media\/139186"}],"wp:attachment":[{"href":"https:\/\/www.primor.eu\/blog\/wp-json\/wp\/v2\/media?parent=139185"}],"wp:term":[{"taxonomy":"category","embeddable":true,"href":"https:\/\/www.primor.eu\/blog\/wp-json\/wp\/v2\/categories?post=139185"},{"taxonomy":"post_tag","embeddable":true,"href":"https:\/\/www.primor.eu\/blog\/wp-json\/wp\/v2\/tags?post=139185"}],"curies":[{"name":"wp","href":"https:\/\/api.w.org\/{rel}","templated":true}]}}