{"id":137500,"date":"2026-01-19T10:04:08","date_gmt":"2026-01-19T10:04:08","guid":{"rendered":"https:\/\/www.primor.eu\/blog\/?p=137500"},"modified":"2026-04-29T07:09:59","modified_gmt":"2026-04-29T07:09:59","slug":"belleza-emocional","status":"publish","type":"post","link":"https:\/\/www.primor.eu\/blog\/belleza-emocional\/","title":{"rendered":"Belleza emocional: c\u00f3mo lo que sentimos por dentro se nota por fuera"},"content":{"rendered":"\n<p>Durante mucho tiempo, hemos entendido la belleza como algo externo: una crema, un maquillaje, un peinado perfecto. Pero en los \u00faltimos a\u00f1os \u2014y especialmente de cara a 2026\u2014 esa idea empieza a quedarse corta. Cada vez hablamos m\u00e1s de <strong>belleza emocional<\/strong>, un concepto que conecta directamente c\u00f3mo nos sentimos con c\u00f3mo nos vemos.<\/p>\n\n\n\n<p>La <strong><a href=\"https:\/\/www.primor.eu\/es_es\/tratamientos-calmantes-y-para-piel-sensible\">piel <\/a><\/strong>no vive aislada. El <strong><a href=\"https:\/\/www.primor.eu\/es_es\/aceites-para-el-pelo-y-tratamientos\">cabello <\/a><\/strong>no entiende de compartimentos estancos. El <strong><a href=\"https:\/\/www.primor.eu\/es_es\/rutinas-faciales\">rostro <\/a><\/strong>es, muchas veces, el primer lugar donde se reflejan el <strong>estr\u00e9s<\/strong>, el <strong>cansancio<\/strong>, la <strong>ansiedad<\/strong> o la <strong>calma<\/strong>. Y por mucho que intentemos taparlo con productos, el cuerpo acaba hablando.<\/p>\n\n\n\n<h2 class=\"wp-block-heading\">La piel como espejo emocional<\/h2>\n\n\n\n<p>La piel es un \u00f3rgano reactivo, sensible y profundamente conectado con el sistema nervioso. Cuando estamos sometidas a estr\u00e9s prolongado, falta de descanso o carga emocional, la piel suele ser la primera en avisar.<\/p>\n\n\n\n<p>Brotes inesperados, enrojecimiento, sensibilidad, p\u00e9rdida de luminosidad o sensaci\u00f3n de tirantez no siempre tienen su origen en una mala rutina cosm\u00e9tica. A veces, lo que la piel est\u00e1 pidiendo no es otro s\u00e9rum, sino <strong>una pausa<\/strong>.<\/p>\n\n\n\n<p>La belleza emocional parte de esta idea: entender que <strong><a href=\"https:\/\/www.primor.eu\/es_es\/cosmetica\">cuidar la piel<\/a><\/strong> tambi\u00e9n implica cuidar el estado mental y emocional.<\/p>\n\n\n\n<h2 class=\"wp-block-heading\">Estr\u00e9s, cortisol y envejecimiento visible<\/h2>\n\n\n\n<p>El estr\u00e9s sostenido eleva los niveles de cortisol, una hormona que, cuando se mantiene alta durante mucho tiempo, afecta directamente a la piel. Debilita la barrera cut\u00e1nea, favorece la inflamaci\u00f3n y acelera la degradaci\u00f3n del col\u00e1geno.<\/p>\n\n\n\n<p>El resultado es una piel m\u00e1s apagada, m\u00e1s reactiva y con signos de envejecimiento m\u00e1s marcados. No es casualidad que en \u00e9pocas emocionalmente complicadas nos veamos \u201cpeor\u201d en el espejo.<\/p>\n\n\n\n<p>La belleza emocional no busca culpabilizar, sino <strong>entender la relaci\u00f3n directa entre bienestar interno y apariencia externa<\/strong>.<\/p>\n\n\n\n<h2 class=\"wp-block-heading\">El cansancio tambi\u00e9n se nota<\/h2>\n\n\n\n<p>Dormir poco no solo provoca ojeras. <strong>Afecta a la regeneraci\u00f3n celular,<\/strong> a la hidrataci\u00f3n natural de la piel y a la capacidad del organismo para repararse.<\/p>\n\n\n\n<p>Cuando el descanso falla, el rostro se ve m\u00e1s apagado, las l\u00edneas se marcan m\u00e1s y el maquillaje deja de asentarse igual. La piel necesita dormir tanto como nosotros.<\/p>\n\n\n\n<p>Por eso, dentro de la belleza emocional, el <strong>descanso<\/strong> se considera un producto m\u00e1s de la rutina. Invisible, pero esencial.<\/p>\n\n\n\n<h2 class=\"wp-block-heading\">El autocuidado ya no es una moda<\/h2>\n\n\n\n<p>Durante a\u00f1os, el autocuidado se redujo a rutinas largas y complejas. Hoy se redefine. No se trata de hacer m\u00e1s, sino de <strong>hacerlo con intenci\u00f3n<\/strong>.<\/p>\n\n\n\n<p>Aplicar una crema sin prisas, disfrutar de una textura agradable, elegir un aroma que calme o dedicar cinco minutos a una limpieza consciente son peque\u00f1os gestos que el cuerpo interpreta como se\u00f1ales de seguridad.<\/p>\n\n\n\n<p>Y cuando nos sentimos seguras, la piel lo agradece.<\/p>\n\n\n\n<h2 class=\"wp-block-heading\">Maquillaje como herramienta de expresi\u00f3n<\/h2>\n\n\n\n<p>El maquillaje tambi\u00e9n forma parte de la belleza emocional. Ya no se utiliza solo para corregir, sino para acompa\u00f1ar c\u00f3mo nos sentimos.<\/p>\n\n\n\n<p>Hay d\u00edas en los que un <strong><a href=\"https:\/\/www.primor.eu\/es_es\/maquillaje-de-lujo\">maquillaje <\/a><\/strong>ligero, casi imperceptible, es suficiente. Otros, el color o un labial potente nos devuelve energ\u00eda y seguridad. Ninguna opci\u00f3n es mejor que la otra: ambas responden a una necesidad emocional distinta.<\/p>\n\n\n\n<p>La clave est\u00e1 en escuchar, no en imponerse.<\/p>\n\n\n\n<h2 class=\"wp-block-heading\">Cabello, estado emocional y autoimagen<\/h2>\n\n\n\n<p>El cabello tambi\u00e9n <strong>refleja nuestro momento vital<\/strong>. Ca\u00edda puntual, falta de brillo o descuido suelen aparecer en \u00e9pocas de estr\u00e9s o cambios emocionales.<\/p>\n\n\n\n<p>Cuidarlo no es solo una cuesti\u00f3n est\u00e9tica, sino un gesto de reconexi\u00f3n con una misma. Peinarse, hidratarlo, tocarlo\u2026 son acciones que influyen directamente en c\u00f3mo nos percibimos.<\/p>\n\n\n\n<p>Y la autoimagen es parte fundamental del bienestar emocional.<\/p>\n\n\n<div class=\"kk-star-ratings kksr-auto kksr-align-center kksr-valign-bottom\"\n    data-payload='{&quot;align&quot;:&quot;center&quot;,&quot;id&quot;:&quot;137500&quot;,&quot;slug&quot;:&quot;default&quot;,&quot;valign&quot;:&quot;bottom&quot;,&quot;ignore&quot;:&quot;&quot;,&quot;reference&quot;:&quot;auto&quot;,&quot;class&quot;:&quot;&quot;,&quot;count&quot;:&quot;0&quot;,&quot;legendonly&quot;:&quot;&quot;,&quot;readonly&quot;:&quot;&quot;,&quot;score&quot;:&quot;0&quot;,&quot;starsonly&quot;:&quot;&quot;,&quot;best&quot;:&quot;5&quot;,&quot;gap&quot;:&quot;5&quot;,&quot;greet&quot;:&quot;Valora este art\u00edculo&quot;,&quot;legend&quot;:&quot;0\\\/5 - (0 votos)&quot;,&quot;size&quot;:&quot;24&quot;,&quot;title&quot;:&quot;Belleza emocional: c\u00f3mo lo que sentimos por dentro se nota por fuera&quot;,&quot;width&quot;:&quot;0&quot;,&quot;_legend&quot;:&quot;{score}\\\/{best} - ({count} {votes})&quot;,&quot;font_factor&quot;:&quot;1.25&quot;}'>\n            \n<div class=\"kksr-stars\">\n    \n<div class=\"kksr-stars-inactive\">\n            <div class=\"kksr-star\" data-star=\"1\" style=\"padding-right: 5px\">\n            \n\n<div class=\"kksr-icon\" style=\"width: 24px; height: 24px;\"><\/div>\n        <\/div>\n            <div class=\"kksr-star\" data-star=\"2\" style=\"padding-right: 5px\">\n            \n\n<div class=\"kksr-icon\" style=\"width: 24px; height: 24px;\"><\/div>\n        <\/div>\n            <div class=\"kksr-star\" data-star=\"3\" style=\"padding-right: 5px\">\n            \n\n<div class=\"kksr-icon\" style=\"width: 24px; height: 24px;\"><\/div>\n        <\/div>\n            <div class=\"kksr-star\" data-star=\"4\" style=\"padding-right: 5px\">\n            \n\n<div class=\"kksr-icon\" style=\"width: 24px; height: 24px;\"><\/div>\n        <\/div>\n            <div class=\"kksr-star\" data-star=\"5\" style=\"padding-right: 5px\">\n            \n\n<div class=\"kksr-icon\" style=\"width: 24px; height: 24px;\"><\/div>\n        <\/div>\n    <\/div>\n    \n<div class=\"kksr-stars-active\" style=\"width: 0px;\">\n            <div class=\"kksr-star\" style=\"padding-right: 5px\">\n            \n\n<div class=\"kksr-icon\" style=\"width: 24px; height: 24px;\"><\/div>\n        <\/div>\n            <div class=\"kksr-star\" style=\"padding-right: 5px\">\n            \n\n<div class=\"kksr-icon\" style=\"width: 24px; height: 24px;\"><\/div>\n        <\/div>\n            <div class=\"kksr-star\" style=\"padding-right: 5px\">\n            \n\n<div class=\"kksr-icon\" style=\"width: 24px; height: 24px;\"><\/div>\n        <\/div>\n            <div class=\"kksr-star\" style=\"padding-right: 5px\">\n            \n\n<div class=\"kksr-icon\" style=\"width: 24px; height: 24px;\"><\/div>\n        <\/div>\n            <div class=\"kksr-star\" style=\"padding-right: 5px\">\n            \n\n<div class=\"kksr-icon\" style=\"width: 24px; height: 24px;\"><\/div>\n        <\/div>\n    <\/div>\n<\/div>\n                \n\n<div class=\"kksr-legend\" style=\"font-size: 19.2px;\">\n            <span class=\"kksr-muted\">Valora este art\u00edculo<\/span>\n    <\/div>\n    <\/div>\n","protected":false},"excerpt":{"rendered":"<p>Durante mucho tiempo, hemos entendido la belleza como algo externo: una crema, un maquillaje, un peinado perfecto. Pero en los \u00faltimos a\u00f1os \u2014y especialmente de cara a 2026\u2014 esa idea empieza a quedarse corta. Cada vez hablamos m\u00e1s de belleza emocional, un concepto que conecta directamente c\u00f3mo nos sentimos con c\u00f3mo nos vemos. La piel [&hellip;]<\/p>\n","protected":false},"author":14,"featured_media":137501,"comment_status":"closed","ping_status":"closed","sticky":false,"template":"","format":"standard","meta":{"jnews-multi-image_gallery":[],"jnews_single_post":{"format":"standard"},"jnews_primary_category":[],"jnews_social_meta":[],"jnews_override_counter":[],"footnotes":""},"categories":[6321,6316],"tags":[],"class_list":["post-137500","post","type-post","status-publish","format-standard","has-post-thumbnail","hentry","category-banner-home","category-beauty-viral"],"_links":{"self":[{"href":"https:\/\/www.primor.eu\/blog\/wp-json\/wp\/v2\/posts\/137500","targetHints":{"allow":["GET"]}}],"collection":[{"href":"https:\/\/www.primor.eu\/blog\/wp-json\/wp\/v2\/posts"}],"about":[{"href":"https:\/\/www.primor.eu\/blog\/wp-json\/wp\/v2\/types\/post"}],"author":[{"embeddable":true,"href":"https:\/\/www.primor.eu\/blog\/wp-json\/wp\/v2\/users\/14"}],"replies":[{"embeddable":true,"href":"https:\/\/www.primor.eu\/blog\/wp-json\/wp\/v2\/comments?post=137500"}],"version-history":[{"count":2,"href":"https:\/\/www.primor.eu\/blog\/wp-json\/wp\/v2\/posts\/137500\/revisions"}],"predecessor-version":[{"id":141959,"href":"https:\/\/www.primor.eu\/blog\/wp-json\/wp\/v2\/posts\/137500\/revisions\/141959"}],"wp:featuredmedia":[{"embeddable":true,"href":"https:\/\/www.primor.eu\/blog\/wp-json\/wp\/v2\/media\/137501"}],"wp:attachment":[{"href":"https:\/\/www.primor.eu\/blog\/wp-json\/wp\/v2\/media?parent=137500"}],"wp:term":[{"taxonomy":"category","embeddable":true,"href":"https:\/\/www.primor.eu\/blog\/wp-json\/wp\/v2\/categories?post=137500"},{"taxonomy":"post_tag","embeddable":true,"href":"https:\/\/www.primor.eu\/blog\/wp-json\/wp\/v2\/tags?post=137500"}],"curies":[{"name":"wp","href":"https:\/\/api.w.org\/{rel}","templated":true}]}}