{"id":137216,"date":"2026-01-18T21:00:00","date_gmt":"2026-01-18T21:00:00","guid":{"rendered":"https:\/\/www.primor.eu\/blog\/?p=137216"},"modified":"2026-01-11T10:31:12","modified_gmt":"2026-01-11T10:31:12","slug":"electricidad-estatica-pelo","status":"publish","type":"post","link":"https:\/\/www.primor.eu\/blog\/electricidad-estatica-pelo\/","title":{"rendered":"C\u00f3mo surge la electricidad est\u00e1tica en el pelo y c\u00f3mo acabar con ella"},"content":{"rendered":"\n<p>La <strong>electricidad est\u00e1tica <\/strong>en el <strong><a href=\"https:\/\/www.primor.eu\/blog\/trucos-productos-pelo-liso\/\" data-type=\"link\" data-id=\"https:\/\/www.primor.eu\/blog\/trucos-productos-pelo-liso\/\">pelo<\/a> <\/strong>es un problema cl\u00e1sico que persigue a muchas mujeres, sobre todo cuando usan secadores o herramientas de secado que la provocan.&nbsp;<\/p>\n\n\n\n<p>Si est\u00e1s dentro de este grupo o si bien sueles tener electricidad est\u00e1tica en el pelo y quieres saber c\u00f3mo solucionar este problema inc\u00f3modo, te contamos c\u00f3mo hacerlo.&nbsp;<\/p>\n\n\n\n<h2 class=\"wp-block-heading\">Qu\u00e9 es la electricidad est\u00e1tica en el pelo<\/h2>\n\n\n\n<p>Lo primero que vamos a hacer es explicarte qu\u00e9 es la <strong>electricidad est\u00e1tica<\/strong> en el <strong>pelo<\/strong>, para luego pasar a ver las causas que la provocan y, por \u00faltimo, c\u00f3mo evitarla.&nbsp;<\/p>\n\n\n\n<p>Lo primero que debes entender es que esta se da cuando se genera un desequilibrio de <strong>cargas el\u00e9ctricas<\/strong> en el cabello. Esto hace que cada fibra de pelo, que tiene peque\u00f1as cargas el\u00e9ctricas que normalmente se equilibran entre s\u00ed, provoque esta electricidad est\u00e1tica por el roce con <strong>elementos externos <\/strong>que la provocan.<\/p>\n\n\n\n<p>Esto se da por la<strong> fricci\u00f3n<\/strong> con prendas de ropa , gorros, bufandas o incluso cepillos pueden provocar que esto suceda.<\/p>\n\n\n\n<h2 class=\"wp-block-heading\">Causas de la electricidad est\u00e1tica en el pelo<\/h2>\n\n\n\n<p>Vamos a ver las causas de la electricidad est\u00e1tica en el pelo, para que puedas identificar por qu\u00e9 te suele ocurrir a ti en concreto y sepas m\u00e1s espec\u00edficamente lo que tendr\u00edas que evitar para que deje de ser as\u00ed. Son estas:<\/p>\n\n\n\n<ul class=\"wp-block-list\">\n<li><strong>Roce con ropa<\/strong>: suele ocurrir con el roce con prendas de materiales como el poli\u00e9ster, el nylon o la lana, provocando que se encrespe el pelo.<\/li>\n\n\n\n<li><strong>Con el coche<\/strong>: a muchas nos ha pasado el hecho de entrar en el coche con el brushing reci\u00e9n hecho y ver c\u00f3mo nuestros pelos se ponen literalmente de punta.<\/li>\n\n\n\n<li><strong>Con objetos<\/strong>: de materiales como el pl\u00e1stico, como puede ocurrir con algunos <a href=\"https:\/\/www.primor.eu\/es_es\/cepillos-y-peines-secadores-de-pelo\" data-type=\"link\" data-id=\"https:\/\/www.primor.eu\/es_es\/cepillos-y-peines-secadores-de-pelo\">peines<\/a> incluso al cepillarse. Pero tambi\u00e9n al pasar la mano repetidamente sobre el cabello o rozarse con otros objetos de materiales que provocan esta electricidad.&nbsp;<\/li>\n\n\n\n<li><strong>Productos que resecan<\/strong>: algunos champ\u00fas o productos para el cabello que lo resecan, pueden aumentar esta reacci\u00f3n.&nbsp;<\/li>\n\n\n\n<li><strong>Climas secos<\/strong>: como en los que hay aire con poca humedad. Tambi\u00e9n suele ocurrir en invierno y en zonas con calefacci\u00f3n.<\/li>\n<\/ul>\n\n\n\n<h2 class=\"wp-block-heading\">C\u00f3mo prevenir la electricidad est\u00e1tica en el pelo<\/h2>\n\n\n\n<p>Y ahora que hemos visto cu\u00e1les son las causas de que se d\u00e9 electricidad est\u00e1tica en el pelo, es mucho m\u00e1s f\u00e1cil que una vez que has localizado la que crees que suele causarlo en tu caso, tengas la soluci\u00f3n para que deje de ser as\u00ed. Sigue estos consejos para evitarlo:<\/p>\n\n\n\n<ul class=\"wp-block-list\">\n<li><strong>Usa peines adecuados<\/strong>: que no sean de pl\u00e1stico y recurre cada vez m\u00e1s a cepillos de cerdas naturales o peines de madera, que reducen la fricci\u00f3n y minimizan la electricidad est\u00e1tica.<\/li>\n\n\n\n<li><strong>Seca con precauci\u00f3n<\/strong>: el pelo. Si no puedes hacerlo al aire y necesitas secador de pelo, usa difusor y ajusta la temperatura para que no se reseque demasiado el pelo.<\/li>\n\n\n\n<li><strong><a href=\"https:\/\/www.primor.eu\/es_es\/aceites-para-el-pelo-y-tratamientos\" data-type=\"link\" data-id=\"https:\/\/www.primor.eu\/es_es\/aceites-para-el-pelo-y-tratamientos\">Hidrata tu pelo<\/a><\/strong>: con productos para cabello seco o incluso s\u00e9rums o aceites altamente hidratantes.<\/li>\n\n\n\n<li><strong>Usa ropa adecuada<\/strong>: sobre todo cuando acabes de secar tu cabello y evita los tejidos que antes mencionamos, eligiendo mejor otros como el algod\u00f3n, que no generan frizz ni electricidad est\u00e1tica en tu pelo.<\/li>\n<\/ul>\n\n\n<div class=\"kk-star-ratings kksr-auto kksr-align-center kksr-valign-bottom\"\n    data-payload='{&quot;align&quot;:&quot;center&quot;,&quot;id&quot;:&quot;137216&quot;,&quot;slug&quot;:&quot;default&quot;,&quot;valign&quot;:&quot;bottom&quot;,&quot;ignore&quot;:&quot;&quot;,&quot;reference&quot;:&quot;auto&quot;,&quot;class&quot;:&quot;&quot;,&quot;count&quot;:&quot;0&quot;,&quot;legendonly&quot;:&quot;&quot;,&quot;readonly&quot;:&quot;&quot;,&quot;score&quot;:&quot;0&quot;,&quot;starsonly&quot;:&quot;&quot;,&quot;best&quot;:&quot;5&quot;,&quot;gap&quot;:&quot;5&quot;,&quot;greet&quot;:&quot;Valora este art\u00edculo&quot;,&quot;legend&quot;:&quot;0\\\/5 - (0 votos)&quot;,&quot;size&quot;:&quot;24&quot;,&quot;title&quot;:&quot;C\u00f3mo surge la electricidad est\u00e1tica en el pelo y c\u00f3mo acabar con ella&quot;,&quot;width&quot;:&quot;0&quot;,&quot;_legend&quot;:&quot;{score}\\\/{best} - ({count} {votes})&quot;,&quot;font_factor&quot;:&quot;1.25&quot;}'>\n            \n<div class=\"kksr-stars\">\n    \n<div class=\"kksr-stars-inactive\">\n            <div class=\"kksr-star\" data-star=\"1\" style=\"padding-right: 5px\">\n            \n\n<div class=\"kksr-icon\" style=\"width: 24px; height: 24px;\"><\/div>\n        <\/div>\n            <div class=\"kksr-star\" data-star=\"2\" style=\"padding-right: 5px\">\n            \n\n<div class=\"kksr-icon\" style=\"width: 24px; height: 24px;\"><\/div>\n        <\/div>\n            <div class=\"kksr-star\" data-star=\"3\" style=\"padding-right: 5px\">\n            \n\n<div class=\"kksr-icon\" style=\"width: 24px; height: 24px;\"><\/div>\n        <\/div>\n            <div class=\"kksr-star\" data-star=\"4\" style=\"padding-right: 5px\">\n            \n\n<div class=\"kksr-icon\" style=\"width: 24px; height: 24px;\"><\/div>\n        <\/div>\n            <div class=\"kksr-star\" data-star=\"5\" style=\"padding-right: 5px\">\n            \n\n<div class=\"kksr-icon\" style=\"width: 24px; height: 24px;\"><\/div>\n        <\/div>\n    <\/div>\n    \n<div class=\"kksr-stars-active\" style=\"width: 0px;\">\n            <div class=\"kksr-star\" style=\"padding-right: 5px\">\n            \n\n<div class=\"kksr-icon\" style=\"width: 24px; height: 24px;\"><\/div>\n        <\/div>\n            <div class=\"kksr-star\" style=\"padding-right: 5px\">\n            \n\n<div class=\"kksr-icon\" style=\"width: 24px; height: 24px;\"><\/div>\n        <\/div>\n            <div class=\"kksr-star\" style=\"padding-right: 5px\">\n            \n\n<div class=\"kksr-icon\" style=\"width: 24px; height: 24px;\"><\/div>\n        <\/div>\n            <div class=\"kksr-star\" style=\"padding-right: 5px\">\n            \n\n<div class=\"kksr-icon\" style=\"width: 24px; height: 24px;\"><\/div>\n        <\/div>\n            <div class=\"kksr-star\" style=\"padding-right: 5px\">\n            \n\n<div class=\"kksr-icon\" style=\"width: 24px; height: 24px;\"><\/div>\n        <\/div>\n    <\/div>\n<\/div>\n                \n\n<div class=\"kksr-legend\" style=\"font-size: 19.2px;\">\n            <span class=\"kksr-muted\">Valora este art\u00edculo<\/span>\n    <\/div>\n    <\/div>\n","protected":false},"excerpt":{"rendered":"<p>La electricidad est\u00e1tica en el pelo es un problema cl\u00e1sico que persigue a muchas mujeres, sobre todo cuando usan secadores o herramientas de secado que la provocan.&nbsp; Si est\u00e1s dentro de este grupo o si bien sueles tener electricidad est\u00e1tica en el pelo y quieres saber c\u00f3mo solucionar este problema inc\u00f3modo, te contamos c\u00f3mo hacerlo.&nbsp; [&hellip;]<\/p>\n","protected":false},"author":30,"featured_media":137217,"comment_status":"closed","ping_status":"closed","sticky":false,"template":"","format":"standard","meta":{"jnews-multi-image_gallery":[],"jnews_single_post":{"format":"standard"},"jnews_primary_category":[],"jnews_social_meta":[],"jnews_override_counter":[],"footnotes":""},"categories":[35],"tags":[],"class_list":["post-137216","post","type-post","status-publish","format-standard","has-post-thumbnail","hentry","category-cabello"],"_links":{"self":[{"href":"https:\/\/www.primor.eu\/blog\/wp-json\/wp\/v2\/posts\/137216","targetHints":{"allow":["GET"]}}],"collection":[{"href":"https:\/\/www.primor.eu\/blog\/wp-json\/wp\/v2\/posts"}],"about":[{"href":"https:\/\/www.primor.eu\/blog\/wp-json\/wp\/v2\/types\/post"}],"author":[{"embeddable":true,"href":"https:\/\/www.primor.eu\/blog\/wp-json\/wp\/v2\/users\/30"}],"replies":[{"embeddable":true,"href":"https:\/\/www.primor.eu\/blog\/wp-json\/wp\/v2\/comments?post=137216"}],"version-history":[{"count":3,"href":"https:\/\/www.primor.eu\/blog\/wp-json\/wp\/v2\/posts\/137216\/revisions"}],"predecessor-version":[{"id":137221,"href":"https:\/\/www.primor.eu\/blog\/wp-json\/wp\/v2\/posts\/137216\/revisions\/137221"}],"wp:featuredmedia":[{"embeddable":true,"href":"https:\/\/www.primor.eu\/blog\/wp-json\/wp\/v2\/media\/137217"}],"wp:attachment":[{"href":"https:\/\/www.primor.eu\/blog\/wp-json\/wp\/v2\/media?parent=137216"}],"wp:term":[{"taxonomy":"category","embeddable":true,"href":"https:\/\/www.primor.eu\/blog\/wp-json\/wp\/v2\/categories?post=137216"},{"taxonomy":"post_tag","embeddable":true,"href":"https:\/\/www.primor.eu\/blog\/wp-json\/wp\/v2\/tags?post=137216"}],"curies":[{"name":"wp","href":"https:\/\/api.w.org\/{rel}","templated":true}]}}