{"id":137071,"date":"2026-01-17T18:00:00","date_gmt":"2026-01-17T18:00:00","guid":{"rendered":"https:\/\/www.primor.eu\/blog\/?p=137071"},"modified":"2026-01-08T07:51:44","modified_gmt":"2026-01-08T07:51:44","slug":"incluir-propositos-ano-nuevo-salud-autocuidado","status":"publish","type":"post","link":"https:\/\/www.primor.eu\/blog\/incluir-propositos-ano-nuevo-salud-autocuidado\/","title":{"rendered":"Por qu\u00e9 y c\u00f3mo incluir la salud y el autocuidado en tus prop\u00f3sitos de A\u00f1o Nuevo"},"content":{"rendered":"\n<p>Si buscas <strong>prop\u00f3sitos <\/strong>de <strong><a href=\"https:\/\/www.primor.eu\/es_es\/suplementos-vitaminas-y-minerales-parafarmacia\" data-type=\"link\" data-id=\"https:\/\/www.primor.eu\/es_es\/suplementos-vitaminas-y-minerales-parafarmacia\">salud <\/a>y <\/strong><a href=\"https:\/\/www.primor.eu\/blog\/mejores-rutinas-autocuidado-homenaje\/\" data-type=\"link\" data-id=\"https:\/\/www.primor.eu\/blog\/mejores-rutinas-autocuidado-homenaje\/\"><strong>autocuidado<\/strong> <\/a>para comenzar el a\u00f1o con buen pie, vamos a contarte c\u00f3mo puedes incluir de verdad la salud y el autocuidado este a\u00f1o para que sean <strong>prop\u00f3sitos sostenibles<\/strong>.\u00a0<\/p>\n\n\n\n<p>Y es que muchas veces cuando pensamos en prop\u00f3sitos de salud y <a href=\"https:\/\/www.primor.eu\/es_es\/primor-fit\" data-type=\"link\" data-id=\"https:\/\/www.primor.eu\/es_es\/primor-fit\">autocuidado <\/a>nos ponemos objetivos muy elevados. Como ir al gimnasio cada d\u00eda. Como llevar una dieta muy estricta sin ninguna desviaci\u00f3n. Y eso, al final tensa la cuerda y hace dif\u00edcil que se pueda sostener en la rutina.<\/p>\n\n\n\n<h2 class=\"wp-block-heading\">Claves para sostener tus prop\u00f3sitos de salud y autocuidado<\/h2>\n\n\n\n<p>Incluir la salud y el autocuidado en tus prop\u00f3sitos de A\u00f1o Nuevo es clave. Lo es porque la base de una buena vida reside en cuidarte desde los fundamentos. Y es que esos fundamentos son los que luego har\u00e1n que esta se sostenga o que no lo haga.<\/p>\n\n\n\n<h3 class=\"wp-block-heading\">Respirar de forma consciente<\/h3>\n\n\n\n<p>Muchas veces hacemos cosas que pueden llevarse a cabo con mayores dosis de autocuidado, aunque no te des cuenta. Por ejemplo, respirar de forma profunda mientras est\u00e1s haciendo las tareas del hogar o mientras conduces, para reducir la ansiedad.&nbsp;<\/p>\n\n\n\n<p>Basta con parar y respirar hinchando la tripa, para despu\u00e9s exhalar del mismo modo. Esto hace que puedas oxigenarte y relajarte al mismo tiempo.&nbsp;<\/p>\n\n\n\n<h3 class=\"wp-block-heading\">Caminar mientras procesas lo que sientes<\/h3>\n\n\n\n<p>Cuando te sucede algo en la vida que te mueve emocionalmente o te es dif\u00edcil de sostener, en muchos casos no necesitas rumiar solo\/a, sino permitirte contarlo y sentirte sostenido\/a.<\/p>\n\n\n\n<p>Una de las mejores formas es la de dar un paseo con alguien que tengas cercano o un ser querido. Tambi\u00e9n puedes hacer una llamada de tel\u00e9fono y salir a caminar mientras vas hablando con esa persona.<\/p>\n\n\n\n<p>Es m\u00e1s, si no tienes a nadie disponible puedes ir colocando las ideas t\u00fa solo\/a mientras caminas, ya que es un ejercicio que permite airear la mente e ir pensando de otro modo, incluso cambiar el punto de vista.<\/p>\n\n\n\n<h3 class=\"wp-block-heading\">Cambia tu idea de auto cuidado<\/h3>\n\n\n\n<p>Muchas veces pensamos que para practicar el autocuidado hay que hacer una sesi\u00f3n de spa casera o sacar dos horas para hacer una clase de yoga, por ejemplo.&nbsp;<\/p>\n\n\n\n<p>Esto no tiene por qu\u00e9 ser la \u00fanica idea de autocuidado. Es m\u00e1s, el concepto de cuidarse deber\u00eda estar integrado en la rutina y ser f\u00e1cil de llevar a cabo.&nbsp;<\/p>\n\n\n\n<p>Autocuidarse tambi\u00e9n es aceptarnos como somos. Poner l\u00edmites cuando no queremos hacer algo. Pedir ayuda para algo que se nos hace demasiado para hacerlo sin ella. Desconectarse del tel\u00e9fono una tarde libre o el fin de semana.<\/p>\n\n\n\n<h3 class=\"wp-block-heading\">Ten alternativas flexibles<\/h3>\n\n\n\n<p>El autocuidado no siempre tiene por qu\u00e9 ser ir una hora al d\u00eda al gimnasio, por ejemplo. Si quieres de verdad cuidarte y no ser r\u00edgido\/a, puedes trazar un plan con opciones flexibles que se adapten a lo que necesitas cada d\u00eda.&nbsp;<\/p>\n\n\n\n<p>Algunas de ellas pueden ser salir a caminar, entrenar, ir a correr o descansar cuando el cuerpo te lo pida, alternando todas. Y es que el cuerpo tambi\u00e9n necesita variedad y al fin y al cabo es lo m\u00e1s sano para tu mente tambi\u00e9n.<\/p>\n\n\n<div class=\"kk-star-ratings kksr-auto kksr-align-center kksr-valign-bottom\"\n    data-payload='{&quot;align&quot;:&quot;center&quot;,&quot;id&quot;:&quot;137071&quot;,&quot;slug&quot;:&quot;default&quot;,&quot;valign&quot;:&quot;bottom&quot;,&quot;ignore&quot;:&quot;&quot;,&quot;reference&quot;:&quot;auto&quot;,&quot;class&quot;:&quot;&quot;,&quot;count&quot;:&quot;0&quot;,&quot;legendonly&quot;:&quot;&quot;,&quot;readonly&quot;:&quot;&quot;,&quot;score&quot;:&quot;0&quot;,&quot;starsonly&quot;:&quot;&quot;,&quot;best&quot;:&quot;5&quot;,&quot;gap&quot;:&quot;5&quot;,&quot;greet&quot;:&quot;Valora este art\u00edculo&quot;,&quot;legend&quot;:&quot;0\\\/5 - (0 votos)&quot;,&quot;size&quot;:&quot;24&quot;,&quot;title&quot;:&quot;Por qu\u00e9 y c\u00f3mo incluir la salud y el autocuidado en tus prop\u00f3sitos de A\u00f1o Nuevo&quot;,&quot;width&quot;:&quot;0&quot;,&quot;_legend&quot;:&quot;{score}\\\/{best} - ({count} {votes})&quot;,&quot;font_factor&quot;:&quot;1.25&quot;}'>\n            \n<div class=\"kksr-stars\">\n    \n<div class=\"kksr-stars-inactive\">\n            <div class=\"kksr-star\" data-star=\"1\" style=\"padding-right: 5px\">\n            \n\n<div class=\"kksr-icon\" style=\"width: 24px; height: 24px;\"><\/div>\n        <\/div>\n            <div class=\"kksr-star\" data-star=\"2\" style=\"padding-right: 5px\">\n            \n\n<div class=\"kksr-icon\" style=\"width: 24px; height: 24px;\"><\/div>\n        <\/div>\n            <div class=\"kksr-star\" data-star=\"3\" style=\"padding-right: 5px\">\n            \n\n<div class=\"kksr-icon\" style=\"width: 24px; height: 24px;\"><\/div>\n        <\/div>\n            <div class=\"kksr-star\" data-star=\"4\" style=\"padding-right: 5px\">\n            \n\n<div class=\"kksr-icon\" style=\"width: 24px; height: 24px;\"><\/div>\n        <\/div>\n            <div class=\"kksr-star\" data-star=\"5\" style=\"padding-right: 5px\">\n            \n\n<div class=\"kksr-icon\" style=\"width: 24px; height: 24px;\"><\/div>\n        <\/div>\n    <\/div>\n    \n<div class=\"kksr-stars-active\" style=\"width: 0px;\">\n            <div class=\"kksr-star\" style=\"padding-right: 5px\">\n            \n\n<div class=\"kksr-icon\" style=\"width: 24px; height: 24px;\"><\/div>\n        <\/div>\n            <div class=\"kksr-star\" style=\"padding-right: 5px\">\n            \n\n<div class=\"kksr-icon\" style=\"width: 24px; height: 24px;\"><\/div>\n        <\/div>\n            <div class=\"kksr-star\" style=\"padding-right: 5px\">\n            \n\n<div class=\"kksr-icon\" style=\"width: 24px; height: 24px;\"><\/div>\n        <\/div>\n            <div class=\"kksr-star\" style=\"padding-right: 5px\">\n            \n\n<div class=\"kksr-icon\" style=\"width: 24px; height: 24px;\"><\/div>\n        <\/div>\n            <div class=\"kksr-star\" style=\"padding-right: 5px\">\n            \n\n<div class=\"kksr-icon\" style=\"width: 24px; height: 24px;\"><\/div>\n        <\/div>\n    <\/div>\n<\/div>\n                \n\n<div class=\"kksr-legend\" style=\"font-size: 19.2px;\">\n            <span class=\"kksr-muted\">Valora este art\u00edculo<\/span>\n    <\/div>\n    <\/div>\n","protected":false},"excerpt":{"rendered":"<p>Si buscas prop\u00f3sitos de salud y autocuidado para comenzar el a\u00f1o con buen pie, vamos a contarte c\u00f3mo puedes incluir de verdad la salud y el autocuidado este a\u00f1o para que sean prop\u00f3sitos sostenibles.\u00a0 Y es que muchas veces cuando pensamos en prop\u00f3sitos de salud y autocuidado nos ponemos objetivos muy elevados. Como ir al [&hellip;]<\/p>\n","protected":false},"author":30,"featured_media":137073,"comment_status":"closed","ping_status":"closed","sticky":false,"template":"","format":"standard","meta":{"jnews-multi-image_gallery":[],"jnews_single_post":{"format":"standard"},"jnews_primary_category":[],"jnews_social_meta":[],"jnews_override_counter":[],"footnotes":""},"categories":[6299],"tags":[],"class_list":["post-137071","post","type-post","status-publish","format-standard","has-post-thumbnail","hentry","category-bienestar"],"_links":{"self":[{"href":"https:\/\/www.primor.eu\/blog\/wp-json\/wp\/v2\/posts\/137071","targetHints":{"allow":["GET"]}}],"collection":[{"href":"https:\/\/www.primor.eu\/blog\/wp-json\/wp\/v2\/posts"}],"about":[{"href":"https:\/\/www.primor.eu\/blog\/wp-json\/wp\/v2\/types\/post"}],"author":[{"embeddable":true,"href":"https:\/\/www.primor.eu\/blog\/wp-json\/wp\/v2\/users\/30"}],"replies":[{"embeddable":true,"href":"https:\/\/www.primor.eu\/blog\/wp-json\/wp\/v2\/comments?post=137071"}],"version-history":[{"count":2,"href":"https:\/\/www.primor.eu\/blog\/wp-json\/wp\/v2\/posts\/137071\/revisions"}],"predecessor-version":[{"id":137078,"href":"https:\/\/www.primor.eu\/blog\/wp-json\/wp\/v2\/posts\/137071\/revisions\/137078"}],"wp:featuredmedia":[{"embeddable":true,"href":"https:\/\/www.primor.eu\/blog\/wp-json\/wp\/v2\/media\/137073"}],"wp:attachment":[{"href":"https:\/\/www.primor.eu\/blog\/wp-json\/wp\/v2\/media?parent=137071"}],"wp:term":[{"taxonomy":"category","embeddable":true,"href":"https:\/\/www.primor.eu\/blog\/wp-json\/wp\/v2\/categories?post=137071"},{"taxonomy":"post_tag","embeddable":true,"href":"https:\/\/www.primor.eu\/blog\/wp-json\/wp\/v2\/tags?post=137071"}],"curies":[{"name":"wp","href":"https:\/\/api.w.org\/{rel}","templated":true}]}}