{"id":136691,"date":"2026-01-03T21:00:00","date_gmt":"2026-01-03T21:00:00","guid":{"rendered":"https:\/\/www.primor.eu\/blog\/?p=136691"},"modified":"2026-02-02T19:06:01","modified_gmt":"2026-02-02T19:06:01","slug":"cancer-de-cuello-uterino","status":"publish","type":"post","link":"https:\/\/www.primor.eu\/blog\/cancer-de-cuello-uterino\/","title":{"rendered":"C\u00e1ncer de cuello uterino: qu\u00e9 es, s\u00edntomas y c\u00f3mo detectarlo"},"content":{"rendered":"\n<p>El <strong>c\u00e1ncer <\/strong>de <strong>cuello uterino<\/strong> es una enfermedad que padecen muchas mujeres en el mundo. La buena noticia es que puede detectarse de forma temprana y con muchas <strong>probabilidades de \u00e9xito<\/strong> a la hora de ser superado cuidando la <a href=\"https:\/\/www.primor.eu\/es_es\/parafarmacia\" data-type=\"link\" data-id=\"https:\/\/www.primor.eu\/es_es\/parafarmacia\">salud<\/a>.<\/p>\n\n\n\n<p>Te contamos qu\u00e9 es el c\u00e1ncer de cuello uterino, cu\u00e1les son sus s\u00edntomas y c\u00f3mo detectarlo a tiempo.<\/p>\n\n\n\n<p>La buena noticia, para <strong>tranquilidad de las <a href=\"https:\/\/www.primor.eu\/es_es\/cuidado-femenino\" data-type=\"link\" data-id=\"https:\/\/www.primor.eu\/es_es\/cuidado-femenino\">mujeres<\/a><\/strong>, es que esta enfermedad suele progresar lentamente y esto hace que se puedan detectar <strong>factores tempranos<\/strong> a trav\u00e9s de pruebas m\u00e9dicas.<\/p>\n\n\n\n<h2 class=\"wp-block-heading\">Qu\u00e9 es el c\u00e1ncer de cuello uterino<\/h2>\n\n\n\n<p>Es importante saber que el <strong>c\u00e1ncer de cuello uterino<\/strong> se desarrolla cuando las c\u00e9lulas del cuello uterino comienzan a crecer de manera anormal y descontrolada. Esto puede verse f\u00e1cilmente con una prueba espec\u00edfica. Uno de los factores que hace que se pueda dar un c\u00e1ncer de cuello uterino es sufrir una infecci\u00f3n persistente por el <strong><a href=\"https:\/\/www.primor.eu\/blog\/verrugas\/\" data-type=\"link\" data-id=\"https:\/\/www.primor.eu\/blog\/verrugas\/\">virus del papiloma humano<\/a> (VPH)<\/strong>.<\/p>\n\n\n\n<h2 class=\"wp-block-heading\">C\u00f3mo se relacionan en c\u00e1ncer de cuello uterino y el VPH<\/h2>\n\n\n\n<p>Este virus se transmite principalmente por v\u00eda sexual y un <strong>80% de mujeres de entre 20 y 50 a\u00f1os <\/strong>se infectan alguna vez en su vida. Y es que en muchos casos, aunque el preservativo ayuda a prevenirlo, no es suficiente.<\/p>\n\n\n\n<p>No obstante, no hay que alarmarse porque no todos los tipos de VPH tienen un alto riesgo de provocar cambios precancerosos en las c\u00e9lulas del cuello uterino. De hecho, los m\u00e1s peligrosos son los tipos 16 y 18 y a\u00fan as\u00ed, con una buena detecci\u00f3n se previenen. Esto es una buena noticia, ya que en muchos casos quienes son diagnosticadas de \u00e9l, suelen asustarse mucho. <\/p>\n\n\n\n<p>Tanto es as\u00ed que en el caso de que se desarrollen c\u00e9lulas precancerosas, se lleva a cabo una intervenci\u00f3n leve conocida como conizaci\u00f3n que elimina estas. M\u00e1s del <strong>90% de los casos se curan<\/strong>. Por lo que queda confirmado que no hay nada que temer en la mayor parte de los casos, aunque es importante diagnosticarse y hacerse las pruebas pertinentes y cuando tocan, seg\u00fan recomienden en cada caso los\/as profesionales.<\/p>\n\n\n\n<h2 class=\"wp-block-heading\">S\u00edntomas del c\u00e1ncer de cuello uterino<\/h2>\n\n\n\n<p>Como hemos dicho, es importante la prevenci\u00f3n del c\u00e1ncer de cuello uterino. No obstante, hay que tener en cuenta que en muchos casos<strong> el cuerpo elimina solo el virus<\/strong> en el <strong>90% de los casos.<\/strong><\/p>\n\n\n\n<p>Adem\u00e1s, el hecho de que este persista en el cuerpo, se suele eliminar de forma espont\u00e1nea y en algunas ocasiones no genera lesiones ni tan siquiera, desapareciendo en el 90% de los casos. Estos son los s\u00edntomas del c\u00e1ncer de cuello uterino:<\/p>\n\n\n\n<ul class=\"wp-block-list\">\n<li>Flujo vaginal con mal olor o consistencia diferente<\/li>\n\n\n\n<li>Dolor en las relaciones sexuales<\/li>\n\n\n\n<li>Sangrado entre periodos o despu\u00e9s de tener sexo<\/li>\n\n\n\n<li>Fatiga<\/li>\n\n\n\n<li>P\u00e9rdida de peso&nbsp;<\/li>\n\n\n\n<li>Dolor en la parte baja de la espalda<\/li>\n<\/ul>\n\n\n\n<p>Hay que tener en cuenta que se pueden sufrir s\u00edntomas como estos por otros factores y que no siempre es buena idea alarmarse antes de tiempo. Y es que el estr\u00e9s, puede afectar al sistema inmune.<\/p>\n\n\n\n<p>Lo mejor es que si sospechas que puedes tenerlo, pidas una revisi\u00f3n ginecol\u00f3gica lo antes posible y estudien tu caso en espec\u00edfico.<\/p>\n\n\n\n<h2 class=\"wp-block-heading\">C\u00f3mo detectar el c\u00e1ncer de cuello uterino<\/h2>\n\n\n\n<p>Y una vez que hemos visto en qu\u00e9 consiste el c\u00e1ncer de cuello uterino, vamos a centrarnos en ver cu\u00e1les son las pruebas que lo pueden detectar:<\/p>\n\n\n\n<ul class=\"wp-block-list\">\n<li><strong>Citolog\u00eda<\/strong>: en la que se recolectan c\u00e9lulas del cuello uterino para analizar posibles alteraciones precancerosas.<\/li>\n\n\n\n<li><strong>Prueba de VPH<\/strong>: centrada espec\u00edficamente en detectar si hay presencia del virus del papiloma humano.<\/li>\n\n\n\n<li><strong>Colposcopia:<\/strong> que permite observar el cuello uterino con mayor detalle si se detectan anomal\u00edas en los estudios previos.<\/li>\n<\/ul>\n\n\n<div class=\"kk-star-ratings kksr-auto kksr-align-center kksr-valign-bottom\"\n    data-payload='{&quot;align&quot;:&quot;center&quot;,&quot;id&quot;:&quot;136691&quot;,&quot;slug&quot;:&quot;default&quot;,&quot;valign&quot;:&quot;bottom&quot;,&quot;ignore&quot;:&quot;&quot;,&quot;reference&quot;:&quot;auto&quot;,&quot;class&quot;:&quot;&quot;,&quot;count&quot;:&quot;0&quot;,&quot;legendonly&quot;:&quot;&quot;,&quot;readonly&quot;:&quot;&quot;,&quot;score&quot;:&quot;0&quot;,&quot;starsonly&quot;:&quot;&quot;,&quot;best&quot;:&quot;5&quot;,&quot;gap&quot;:&quot;5&quot;,&quot;greet&quot;:&quot;Valora este art\u00edculo&quot;,&quot;legend&quot;:&quot;0\\\/5 - (0 votos)&quot;,&quot;size&quot;:&quot;24&quot;,&quot;title&quot;:&quot;C\u00e1ncer de cuello uterino: qu\u00e9 es, s\u00edntomas y c\u00f3mo detectarlo&quot;,&quot;width&quot;:&quot;0&quot;,&quot;_legend&quot;:&quot;{score}\\\/{best} - ({count} {votes})&quot;,&quot;font_factor&quot;:&quot;1.25&quot;}'>\n            \n<div class=\"kksr-stars\">\n    \n<div class=\"kksr-stars-inactive\">\n            <div class=\"kksr-star\" data-star=\"1\" style=\"padding-right: 5px\">\n            \n\n<div class=\"kksr-icon\" style=\"width: 24px; height: 24px;\"><\/div>\n        <\/div>\n            <div class=\"kksr-star\" data-star=\"2\" style=\"padding-right: 5px\">\n            \n\n<div class=\"kksr-icon\" style=\"width: 24px; height: 24px;\"><\/div>\n        <\/div>\n            <div class=\"kksr-star\" data-star=\"3\" style=\"padding-right: 5px\">\n            \n\n<div class=\"kksr-icon\" style=\"width: 24px; height: 24px;\"><\/div>\n        <\/div>\n            <div class=\"kksr-star\" data-star=\"4\" style=\"padding-right: 5px\">\n            \n\n<div class=\"kksr-icon\" style=\"width: 24px; height: 24px;\"><\/div>\n        <\/div>\n            <div class=\"kksr-star\" data-star=\"5\" style=\"padding-right: 5px\">\n            \n\n<div class=\"kksr-icon\" style=\"width: 24px; height: 24px;\"><\/div>\n        <\/div>\n    <\/div>\n    \n<div class=\"kksr-stars-active\" style=\"width: 0px;\">\n            <div class=\"kksr-star\" style=\"padding-right: 5px\">\n            \n\n<div class=\"kksr-icon\" style=\"width: 24px; height: 24px;\"><\/div>\n        <\/div>\n            <div class=\"kksr-star\" style=\"padding-right: 5px\">\n            \n\n<div class=\"kksr-icon\" style=\"width: 24px; height: 24px;\"><\/div>\n        <\/div>\n            <div class=\"kksr-star\" style=\"padding-right: 5px\">\n            \n\n<div class=\"kksr-icon\" style=\"width: 24px; height: 24px;\"><\/div>\n        <\/div>\n            <div class=\"kksr-star\" style=\"padding-right: 5px\">\n            \n\n<div class=\"kksr-icon\" style=\"width: 24px; height: 24px;\"><\/div>\n        <\/div>\n            <div class=\"kksr-star\" style=\"padding-right: 5px\">\n            \n\n<div class=\"kksr-icon\" style=\"width: 24px; height: 24px;\"><\/div>\n        <\/div>\n    <\/div>\n<\/div>\n                \n\n<div class=\"kksr-legend\" style=\"font-size: 19.2px;\">\n            <span class=\"kksr-muted\">Valora este art\u00edculo<\/span>\n    <\/div>\n    <\/div>\n","protected":false},"excerpt":{"rendered":"<p>El c\u00e1ncer de cuello uterino es una enfermedad que padecen muchas mujeres en el mundo. La buena noticia es que puede detectarse de forma temprana y con muchas probabilidades de \u00e9xito a la hora de ser superado cuidando la salud. Te contamos qu\u00e9 es el c\u00e1ncer de cuello uterino, cu\u00e1les son sus s\u00edntomas y c\u00f3mo [&hellip;]<\/p>\n","protected":false},"author":30,"featured_media":136866,"comment_status":"closed","ping_status":"closed","sticky":false,"template":"","format":"standard","meta":{"jnews-multi-image_gallery":[],"jnews_single_post":{"format":"standard"},"jnews_primary_category":[],"jnews_social_meta":[],"jnews_override_counter":[],"footnotes":""},"categories":[6299],"tags":[],"class_list":["post-136691","post","type-post","status-publish","format-standard","has-post-thumbnail","hentry","category-bienestar"],"_links":{"self":[{"href":"https:\/\/www.primor.eu\/blog\/wp-json\/wp\/v2\/posts\/136691","targetHints":{"allow":["GET"]}}],"collection":[{"href":"https:\/\/www.primor.eu\/blog\/wp-json\/wp\/v2\/posts"}],"about":[{"href":"https:\/\/www.primor.eu\/blog\/wp-json\/wp\/v2\/types\/post"}],"author":[{"embeddable":true,"href":"https:\/\/www.primor.eu\/blog\/wp-json\/wp\/v2\/users\/30"}],"replies":[{"embeddable":true,"href":"https:\/\/www.primor.eu\/blog\/wp-json\/wp\/v2\/comments?post=136691"}],"version-history":[{"count":4,"href":"https:\/\/www.primor.eu\/blog\/wp-json\/wp\/v2\/posts\/136691\/revisions"}],"predecessor-version":[{"id":138566,"href":"https:\/\/www.primor.eu\/blog\/wp-json\/wp\/v2\/posts\/136691\/revisions\/138566"}],"wp:featuredmedia":[{"embeddable":true,"href":"https:\/\/www.primor.eu\/blog\/wp-json\/wp\/v2\/media\/136866"}],"wp:attachment":[{"href":"https:\/\/www.primor.eu\/blog\/wp-json\/wp\/v2\/media?parent=136691"}],"wp:term":[{"taxonomy":"category","embeddable":true,"href":"https:\/\/www.primor.eu\/blog\/wp-json\/wp\/v2\/categories?post=136691"},{"taxonomy":"post_tag","embeddable":true,"href":"https:\/\/www.primor.eu\/blog\/wp-json\/wp\/v2\/tags?post=136691"}],"curies":[{"name":"wp","href":"https:\/\/api.w.org\/{rel}","templated":true}]}}