{"id":135778,"date":"2025-12-14T12:00:00","date_gmt":"2025-12-14T12:00:00","guid":{"rendered":"https:\/\/www.primor.eu\/blog\/?p=135778"},"modified":"2025-12-07T13:19:11","modified_gmt":"2025-12-07T13:19:11","slug":"guia-basica-cuidado-piel-invierno-hombres","status":"publish","type":"post","link":"https:\/\/www.primor.eu\/blog\/guia-basica-cuidado-piel-invierno-hombres\/","title":{"rendered":"C\u00f3mo cuidar la piel en invierno: gu\u00eda b\u00e1sica para hombres"},"content":{"rendered":"\n<p>Los <strong>cuidados de la piel <\/strong>en<strong> invierno<\/strong> para <strong><a href=\"https:\/\/www.primor.eu\/blog\/rutina-facial-principiantes-consejos-productos-esenciales-hombres\/\" data-type=\"link\" data-id=\"https:\/\/www.primor.eu\/blog\/rutina-facial-principiantes-consejos-productos-esenciales-hombres\/\">hombres<\/a><\/strong> son importantes, tanto como lo son para mujeres. Y es que, aunque cada g\u00e9nero tiene necesidades diferentes en cuanto a piel se refiere, porque tanto el <strong>fr\u00edo <\/strong>como los ambientes cerrados con <strong>calefacci\u00f3n<\/strong> contribuyen a que<strong> la piel se reseque <\/strong>bastante.\u00a0<\/p>\n\n\n\n<p>Pero no te preocupes, si sigues estos cuidados b\u00e1sicos que hemos preparado sobre c\u00f3mo cuidar la piel en invierno para <a href=\"https:\/\/www.primor.eu\/es_es\/hombre\" data-type=\"link\" data-id=\"https:\/\/www.primor.eu\/es_es\/hombre\">hombres<\/a> espec\u00edficamente, lo tendr\u00e1s muy f\u00e1cil.\u00a0<\/p>\n\n\n\n<h2 class=\"wp-block-heading\">Claves para el cuidado de la piel en invierno para hombres<\/h2>\n\n\n\n<p>Vamos a ver cu\u00e1les son las claves del cuidado de la piel en invierno para hombres. Te damos la informaci\u00f3n de forma sencilla y directa para que empieces a aplicarlas, por si no lo haces ya. De todos modos ser\u00e1n rutinas que vayas integrando y sientas naturales y \u00a1muy agradables!<\/p>\n\n\n\n<h3 class=\"wp-block-heading\">Limpia<\/h3>\n\n\n\n<p>Siempre es el primer paso de la rutina de skincare y lo es tambi\u00e9n para hombres. Lo mejor es que limpies tu piel dos veces al d\u00eda. Una por la ma\u00f1ana y una por la noche. Si es demasiado para ti, hazlo una vez. Puedes hacerlo por la ma\u00f1ana si tu piel acumula grasa por la noche y si no, por la noche es un buen momento tambi\u00e9n.&nbsp;<\/p>\n\n\n\n<p>Hazlo con productos como gel o espuma limpiadora suave y evita en lo posible que tengan perfumes, parabenos o sulfatos agresivos. Usa agua fr\u00eda porque el agua caliente elimina los aceites naturales presentes en la piel.&nbsp;<\/p>\n\n\n\n<h3 class=\"wp-block-heading\">Hidrata<\/h3>\n\n\n\n<p>Como hemos dicho, la hidrataci\u00f3n es uno de los pasos que no puede faltar en tu rutina de skincare en invierno. Lo mejor es utilizar una crema m\u00e1s hidratante y densa que en otras \u00e9pocas del a\u00f1o.&nbsp;<\/p>\n\n\n\n<p>Los ingredientes clave que deber\u00edan tener las <strong><a href=\"https:\/\/www.primor.eu\/es_es\/cosmetica-para-hombre\" data-type=\"link\" data-id=\"https:\/\/www.primor.eu\/es_es\/cosmetica-para-hombre\">cremas<\/a><\/strong> que uses en invierno son el \u00e1cido hialur\u00f3nico, la glicerina y las ceramidas. Ten en cuenta que puedes usar tambi\u00e9n un s\u00e9rum de \u00e1cido hialur\u00f3nico extra si tu crema no lo lleva. Y es que es genial para retener la humedad en tu piel. Usa siempre este activo sobre la piel ligeramente h\u00fameda, sobre todo cuando el ambiente es seco.<\/p>\n\n\n\n<h3 class=\"wp-block-heading\">Protege del sol<\/h3>\n\n\n\n<p>Aunque tengas la impresi\u00f3n de que este paso es m\u00e1s para verano, ten en cuenta que la piel de tu cutis est\u00e1 expuesta a los rayos del astro rey durante todo el a\u00f1o. Es por eso que, aunque haga fr\u00edo, es sumamente importante que uses una buena solar.<\/p>\n\n\n\n<p>En la rutina facial siempre es el paso que va despu\u00e9s de la hidrataci\u00f3n con tu crema y s\u00e9rums. Ser\u00e1 suficiente con una de SPF 30+ en la cara y cuello.<\/p>\n\n\n\n<h3 class=\"wp-block-heading\">Cuidados para el afeitado<\/h3>\n\n\n\n<p>En el caso de los hombres, los cuidados de la piel que est\u00e1n relacionados con el afeitado son una de las partes m\u00e1s importantes del cuidado facial. Y es que el afeitado, si de por s\u00ed irrita la piel, puede hacerlo a\u00fan m\u00e1s en invierno en caso de usar cuchilla.&nbsp;<\/p>\n\n\n\n<p>Si es tu caso, lava la cara y aplica un aceite o crema de pre-afeitado para suavizar el vello y que el proceso no sea tan agresivo.<\/p>\n\n\n\n<p>Ten cuidado de que la cuchilla que vas a usar est\u00e9 afilada y p\u00e1sala en la direcci\u00f3n del crecimiento del vello siempre.<\/p>\n\n\n\n<p>Una vez que acabes de afeitarte, usa un aftershave sin alcohol y la crema hidratante para calmar la piel.&nbsp;<\/p>\n\n\n\n<h3 class=\"wp-block-heading\">Exfolia<\/h3>\n\n\n\n<p>Al menos una vez por semana para eliminar c\u00e9lulas muertas y evitar la piel \u00e1spera. Lo mejor es que uses exfoliantes suaves o qu\u00edmicos con \u00e1cido glic\u00f3lico o l\u00e1ctico. Si sientes que tu piel est\u00e1 muy reseca puedes hacerlo cada dos semanas.<\/p>\n\n\n\n<h3 class=\"wp-block-heading\">Otros h\u00e1bitos<\/h3>\n\n\n\n<p>Adem\u00e1s de cuidar la piel por fuera, es bueno que en invierno tengas cuidado de beber suficiente agua, al menos litro y medio al d\u00eda. Si est\u00e1s en ambientes cerrados con calefacci\u00f3n alta, trata de usar un humidificador si es posible.<\/p>\n\n\n<div class=\"kk-star-ratings kksr-auto kksr-align-center kksr-valign-bottom\"\n    data-payload='{&quot;align&quot;:&quot;center&quot;,&quot;id&quot;:&quot;135778&quot;,&quot;slug&quot;:&quot;default&quot;,&quot;valign&quot;:&quot;bottom&quot;,&quot;ignore&quot;:&quot;&quot;,&quot;reference&quot;:&quot;auto&quot;,&quot;class&quot;:&quot;&quot;,&quot;count&quot;:&quot;0&quot;,&quot;legendonly&quot;:&quot;&quot;,&quot;readonly&quot;:&quot;&quot;,&quot;score&quot;:&quot;0&quot;,&quot;starsonly&quot;:&quot;&quot;,&quot;best&quot;:&quot;5&quot;,&quot;gap&quot;:&quot;5&quot;,&quot;greet&quot;:&quot;Valora este art\u00edculo&quot;,&quot;legend&quot;:&quot;0\\\/5 - (0 votos)&quot;,&quot;size&quot;:&quot;24&quot;,&quot;title&quot;:&quot;C\u00f3mo cuidar la piel en invierno: gu\u00eda b\u00e1sica para hombres&quot;,&quot;width&quot;:&quot;0&quot;,&quot;_legend&quot;:&quot;{score}\\\/{best} - ({count} {votes})&quot;,&quot;font_factor&quot;:&quot;1.25&quot;}'>\n            \n<div class=\"kksr-stars\">\n    \n<div class=\"kksr-stars-inactive\">\n            <div class=\"kksr-star\" data-star=\"1\" style=\"padding-right: 5px\">\n            \n\n<div class=\"kksr-icon\" style=\"width: 24px; height: 24px;\"><\/div>\n        <\/div>\n            <div class=\"kksr-star\" data-star=\"2\" style=\"padding-right: 5px\">\n            \n\n<div class=\"kksr-icon\" style=\"width: 24px; height: 24px;\"><\/div>\n        <\/div>\n            <div class=\"kksr-star\" data-star=\"3\" style=\"padding-right: 5px\">\n            \n\n<div class=\"kksr-icon\" style=\"width: 24px; height: 24px;\"><\/div>\n        <\/div>\n            <div class=\"kksr-star\" data-star=\"4\" style=\"padding-right: 5px\">\n            \n\n<div class=\"kksr-icon\" style=\"width: 24px; height: 24px;\"><\/div>\n        <\/div>\n            <div class=\"kksr-star\" data-star=\"5\" style=\"padding-right: 5px\">\n            \n\n<div class=\"kksr-icon\" style=\"width: 24px; height: 24px;\"><\/div>\n        <\/div>\n    <\/div>\n    \n<div class=\"kksr-stars-active\" style=\"width: 0px;\">\n            <div class=\"kksr-star\" style=\"padding-right: 5px\">\n            \n\n<div class=\"kksr-icon\" style=\"width: 24px; height: 24px;\"><\/div>\n        <\/div>\n            <div class=\"kksr-star\" style=\"padding-right: 5px\">\n            \n\n<div class=\"kksr-icon\" style=\"width: 24px; height: 24px;\"><\/div>\n        <\/div>\n            <div class=\"kksr-star\" style=\"padding-right: 5px\">\n            \n\n<div class=\"kksr-icon\" style=\"width: 24px; height: 24px;\"><\/div>\n        <\/div>\n            <div class=\"kksr-star\" style=\"padding-right: 5px\">\n            \n\n<div class=\"kksr-icon\" style=\"width: 24px; height: 24px;\"><\/div>\n        <\/div>\n            <div class=\"kksr-star\" style=\"padding-right: 5px\">\n            \n\n<div class=\"kksr-icon\" style=\"width: 24px; height: 24px;\"><\/div>\n        <\/div>\n    <\/div>\n<\/div>\n                \n\n<div class=\"kksr-legend\" style=\"font-size: 19.2px;\">\n            <span class=\"kksr-muted\">Valora este art\u00edculo<\/span>\n    <\/div>\n    <\/div>\n","protected":false},"excerpt":{"rendered":"<p>Los cuidados de la piel en invierno para hombres son importantes, tanto como lo son para mujeres. Y es que, aunque cada g\u00e9nero tiene necesidades diferentes en cuanto a piel se refiere, porque tanto el fr\u00edo como los ambientes cerrados con calefacci\u00f3n contribuyen a que la piel se reseque bastante.\u00a0 Pero no te preocupes, si [&hellip;]<\/p>\n","protected":false},"author":30,"featured_media":135779,"comment_status":"closed","ping_status":"closed","sticky":false,"template":"","format":"standard","meta":{"jnews-multi-image_gallery":[],"jnews_single_post":{"format":"standard"},"jnews_primary_category":[],"jnews_social_meta":[],"jnews_override_counter":[],"footnotes":""},"categories":[6311],"tags":[],"class_list":["post-135778","post","type-post","status-publish","format-standard","has-post-thumbnail","hentry","category-hombres"],"_links":{"self":[{"href":"https:\/\/www.primor.eu\/blog\/wp-json\/wp\/v2\/posts\/135778","targetHints":{"allow":["GET"]}}],"collection":[{"href":"https:\/\/www.primor.eu\/blog\/wp-json\/wp\/v2\/posts"}],"about":[{"href":"https:\/\/www.primor.eu\/blog\/wp-json\/wp\/v2\/types\/post"}],"author":[{"embeddable":true,"href":"https:\/\/www.primor.eu\/blog\/wp-json\/wp\/v2\/users\/30"}],"replies":[{"embeddable":true,"href":"https:\/\/www.primor.eu\/blog\/wp-json\/wp\/v2\/comments?post=135778"}],"version-history":[{"count":2,"href":"https:\/\/www.primor.eu\/blog\/wp-json\/wp\/v2\/posts\/135778\/revisions"}],"predecessor-version":[{"id":135782,"href":"https:\/\/www.primor.eu\/blog\/wp-json\/wp\/v2\/posts\/135778\/revisions\/135782"}],"wp:featuredmedia":[{"embeddable":true,"href":"https:\/\/www.primor.eu\/blog\/wp-json\/wp\/v2\/media\/135779"}],"wp:attachment":[{"href":"https:\/\/www.primor.eu\/blog\/wp-json\/wp\/v2\/media?parent=135778"}],"wp:term":[{"taxonomy":"category","embeddable":true,"href":"https:\/\/www.primor.eu\/blog\/wp-json\/wp\/v2\/categories?post=135778"},{"taxonomy":"post_tag","embeddable":true,"href":"https:\/\/www.primor.eu\/blog\/wp-json\/wp\/v2\/tags?post=135778"}],"curies":[{"name":"wp","href":"https:\/\/api.w.org\/{rel}","templated":true}]}}