{"id":135504,"date":"2025-12-12T17:04:14","date_gmt":"2025-12-12T17:04:14","guid":{"rendered":"https:\/\/www.primor.eu\/blog\/?p=135504"},"modified":"2025-11-29T17:05:41","modified_gmt":"2025-11-29T17:05:41","slug":"mejores-ingredientes-reforzar-barrera-cutanea-invierno","status":"publish","type":"post","link":"https:\/\/www.primor.eu\/blog\/mejores-ingredientes-reforzar-barrera-cutanea-invierno\/","title":{"rendered":"Los mejores ingredientes para reforzar la barrera cut\u00e1nea en invierno"},"content":{"rendered":"\n<p>El <a href=\"https:\/\/www.primor.eu\/blog\/mejores-consejos-productos-preparar-piel-frio\/\">invierno<\/a> siempre deja huella en la piel. El fr\u00edo, el viento, la calefacci\u00f3n y los <strong>cambios bruscos de temperatura<\/strong> debilitan la barrera cut\u00e1nea, esa capa protectora que mantiene la hidrataci\u00f3n dentro y las agresiones fuera. Cuando esta barrera se altera, aparecen la tirantez, las rojeces, la sensibilidad e incluso peque\u00f1as descamaciones. Por eso, <strong>elegir ingredientes que fortalezcan y reparen la piel <\/strong>es fundamental si queremos que llegue a primavera sana, equilibrada y luminosa.<\/p>\n\n\n\n<p>Hoy, en el blog de Primor, repasamos <strong>los mejores ingredientes para reforzar la barrera cut\u00e1nea en invierno<\/strong>, y te explicamos qu\u00e9 aporta cada uno y c\u00f3mo pueden transformar tu rutina.<\/p>\n\n\n\n<h2 class=\"wp-block-heading\">Qu\u00e9 ingredientes necesita tu piel en invierno<\/h2>\n\n\n\n<h3 class=\"wp-block-heading\">Ceramidas: el cemento que mantiene la piel fuerte<\/h3>\n\n\n\n<p>Las <a href=\"https:\/\/www.primor.eu\/blog\/ceramidas-que-son\/\">ceramidas<\/a> son uno de los ingredientes m\u00e1s importantes para reforzar la barrera cut\u00e1nea, porque forman parte de la estructura natural de la piel. Imag\u00ednalas como el cemento que une las c\u00e9lulas y mantiene la protecci\u00f3n intacta. En invierno, cuando el fr\u00edo y la calefacci\u00f3n disminuyen los l\u00edpidos naturales, las ceramidas ayudan a restaurar esa barrera, evitando la p\u00e9rdida de agua y disminuyendo la sensibilidad. Gracias a su capacidad para reparar y fortalecer, son esenciales en pieles secas, sensibles y con tendencia a la irritaci\u00f3n.<\/p>\n\n\n\n<h3 class=\"wp-block-heading\">Escualano: una nutrici\u00f3n ligera que lo cambia todo<\/h3>\n\n\n\n<p>El <strong>escualano<\/strong> es un aceite facial ligero, no comedog\u00e9nico y sumamente compatible con todo tipo de pieles, incluso las grasas. Su principal virtud es la capacidad de restaurar los l\u00edpidos que la piel pierde con el fr\u00edo, devolvi\u00e9ndole elasticidad y suavidad sin dejar sensaci\u00f3n pesada. En invierno, cuando la piel est\u00e1 m\u00e1s expuesta a la deshidrataci\u00f3n y a la tirantez, el escualano act\u00faa como un escudo nutritivo que mantiene la humedad y protege frente al viento o las temperaturas extremas.<\/p>\n\n\n\n<h3 class=\"wp-block-heading\">Niacinamida: la vitamina que calma y equilibra<\/h3>\n\n\n\n<p>La <a href=\"https:\/\/www.primor.eu\/blog\/mejores-champus-niacinamida-pelo\/\">niacinamida<\/a>, tambi\u00e9n conocida como vitamina B3, es un ingrediente extremadamente vers\u00e1til. Su poder reside en que trabaja sobre varios frentes al mismo tiempo: reduce la inflamaci\u00f3n, mejora la apariencia de las rojeces, equilibra la producci\u00f3n de sebo y fortalece la barrera cut\u00e1nea, todo sin irritar. En invierno, cuando la piel est\u00e1 m\u00e1s propensa al enrojecimiento y a la sensibilidad, la niacinamida ayuda a mantenerla estable, c\u00f3moda y uniforme. Es perfecta para pieles sensibles, reactivas o mixtas que necesitan protecci\u00f3n sin pesadez.<\/p>\n\n\n\n<h3 class=\"wp-block-heading\">Pantenol: reparaci\u00f3n inmediata y alivio instant\u00e1neo<\/h3>\n\n\n\n<p>El <a href=\"https:\/\/www.primor.eu\/blog\/pantenol-que-es-beneficios-usos\/\">pantenol<\/a>, o provitamina B5, es uno de los ingredientes m\u00e1s calmantes que existen. Su beneficios se notan desde la primera aplicaci\u00f3n: aporta hidrataci\u00f3n profunda, mejora la elasticidad y alivia irritaciones y sensaciones de quemaz\u00f3n propias del fr\u00edo. Adem\u00e1s, favorece la regeneraci\u00f3n celular, lo que convierte al pantenol en un activo imprescindible cuando la piel est\u00e1 tirante, irritada o con zonas descamadas. Su efecto reconfortante lo hace ideal para rutinas invernales.<\/p>\n\n\n\n<h3 class=\"wp-block-heading\">\u00c1cido hialur\u00f3nico: hidrataci\u00f3n que se queda<\/h3>\n\n\n\n<p>El <a href=\"https:\/\/www.primor.eu\/blog\/acido-hialuronico-que-es-para-que-sirve\/\">\u00e1cido hialur\u00f3nico<\/a> tiene la capacidad de atraer y retener grandes cantidades de agua, algo crucial en invierno, cuando la humedad ambiental es baja. Sin embargo, su verdadero m\u00e9rito aparece cuando se combina con cremas ricas en l\u00edpidos, porque as\u00ed la hidrataci\u00f3n queda sellada y no se evapora. Esto se traduce en una piel m\u00e1s el\u00e1stica, jugosa y con menos l\u00edneas de deshidrataci\u00f3n. Es un ingrediente imprescindible para quienes sienten la piel apagada o acartonada durante los meses fr\u00edos.<\/p>\n\n\n<div class=\"kk-star-ratings kksr-auto kksr-align-center kksr-valign-bottom\"\n    data-payload='{&quot;align&quot;:&quot;center&quot;,&quot;id&quot;:&quot;135504&quot;,&quot;slug&quot;:&quot;default&quot;,&quot;valign&quot;:&quot;bottom&quot;,&quot;ignore&quot;:&quot;&quot;,&quot;reference&quot;:&quot;auto&quot;,&quot;class&quot;:&quot;&quot;,&quot;count&quot;:&quot;0&quot;,&quot;legendonly&quot;:&quot;&quot;,&quot;readonly&quot;:&quot;&quot;,&quot;score&quot;:&quot;0&quot;,&quot;starsonly&quot;:&quot;&quot;,&quot;best&quot;:&quot;5&quot;,&quot;gap&quot;:&quot;5&quot;,&quot;greet&quot;:&quot;Valora este art\u00edculo&quot;,&quot;legend&quot;:&quot;0\\\/5 - (0 votos)&quot;,&quot;size&quot;:&quot;24&quot;,&quot;title&quot;:&quot;Los mejores ingredientes para reforzar la barrera cut\u00e1nea en invierno&quot;,&quot;width&quot;:&quot;0&quot;,&quot;_legend&quot;:&quot;{score}\\\/{best} - ({count} {votes})&quot;,&quot;font_factor&quot;:&quot;1.25&quot;}'>\n            \n<div class=\"kksr-stars\">\n    \n<div class=\"kksr-stars-inactive\">\n            <div class=\"kksr-star\" data-star=\"1\" style=\"padding-right: 5px\">\n            \n\n<div class=\"kksr-icon\" style=\"width: 24px; height: 24px;\"><\/div>\n        <\/div>\n            <div class=\"kksr-star\" data-star=\"2\" style=\"padding-right: 5px\">\n            \n\n<div class=\"kksr-icon\" style=\"width: 24px; height: 24px;\"><\/div>\n        <\/div>\n            <div class=\"kksr-star\" data-star=\"3\" style=\"padding-right: 5px\">\n            \n\n<div class=\"kksr-icon\" style=\"width: 24px; height: 24px;\"><\/div>\n        <\/div>\n            <div class=\"kksr-star\" data-star=\"4\" style=\"padding-right: 5px\">\n            \n\n<div class=\"kksr-icon\" style=\"width: 24px; height: 24px;\"><\/div>\n        <\/div>\n            <div class=\"kksr-star\" data-star=\"5\" style=\"padding-right: 5px\">\n            \n\n<div class=\"kksr-icon\" style=\"width: 24px; height: 24px;\"><\/div>\n        <\/div>\n    <\/div>\n    \n<div class=\"kksr-stars-active\" style=\"width: 0px;\">\n            <div class=\"kksr-star\" style=\"padding-right: 5px\">\n            \n\n<div class=\"kksr-icon\" style=\"width: 24px; height: 24px;\"><\/div>\n        <\/div>\n            <div class=\"kksr-star\" style=\"padding-right: 5px\">\n            \n\n<div class=\"kksr-icon\" style=\"width: 24px; height: 24px;\"><\/div>\n        <\/div>\n            <div class=\"kksr-star\" style=\"padding-right: 5px\">\n            \n\n<div class=\"kksr-icon\" style=\"width: 24px; height: 24px;\"><\/div>\n        <\/div>\n            <div class=\"kksr-star\" style=\"padding-right: 5px\">\n            \n\n<div class=\"kksr-icon\" style=\"width: 24px; height: 24px;\"><\/div>\n        <\/div>\n            <div class=\"kksr-star\" style=\"padding-right: 5px\">\n            \n\n<div class=\"kksr-icon\" style=\"width: 24px; height: 24px;\"><\/div>\n        <\/div>\n    <\/div>\n<\/div>\n                \n\n<div class=\"kksr-legend\" style=\"font-size: 19.2px;\">\n            <span class=\"kksr-muted\">Valora este art\u00edculo<\/span>\n    <\/div>\n    <\/div>\n","protected":false},"excerpt":{"rendered":"<p>El invierno siempre deja huella en la piel. El fr\u00edo, el viento, la calefacci\u00f3n y los cambios bruscos de temperatura debilitan la barrera cut\u00e1nea, esa capa protectora que mantiene la hidrataci\u00f3n dentro y las agresiones fuera. Cuando esta barrera se altera, aparecen la tirantez, las rojeces, la sensibilidad e incluso peque\u00f1as descamaciones. Por eso, elegir [&hellip;]<\/p>\n","protected":false},"author":14,"featured_media":135446,"comment_status":"closed","ping_status":"closed","sticky":false,"template":"","format":"standard","meta":{"jnews-multi-image_gallery":[],"jnews_single_post":{"format":"standard"},"jnews_primary_category":[],"jnews_social_meta":[],"jnews_override_counter":[],"footnotes":""},"categories":[29],"tags":[],"class_list":["post-135504","post","type-post","status-publish","format-standard","has-post-thumbnail","hentry","category-cosmetica"],"_links":{"self":[{"href":"https:\/\/www.primor.eu\/blog\/wp-json\/wp\/v2\/posts\/135504","targetHints":{"allow":["GET"]}}],"collection":[{"href":"https:\/\/www.primor.eu\/blog\/wp-json\/wp\/v2\/posts"}],"about":[{"href":"https:\/\/www.primor.eu\/blog\/wp-json\/wp\/v2\/types\/post"}],"author":[{"embeddable":true,"href":"https:\/\/www.primor.eu\/blog\/wp-json\/wp\/v2\/users\/14"}],"replies":[{"embeddable":true,"href":"https:\/\/www.primor.eu\/blog\/wp-json\/wp\/v2\/comments?post=135504"}],"version-history":[{"count":1,"href":"https:\/\/www.primor.eu\/blog\/wp-json\/wp\/v2\/posts\/135504\/revisions"}],"predecessor-version":[{"id":135505,"href":"https:\/\/www.primor.eu\/blog\/wp-json\/wp\/v2\/posts\/135504\/revisions\/135505"}],"wp:featuredmedia":[{"embeddable":true,"href":"https:\/\/www.primor.eu\/blog\/wp-json\/wp\/v2\/media\/135446"}],"wp:attachment":[{"href":"https:\/\/www.primor.eu\/blog\/wp-json\/wp\/v2\/media?parent=135504"}],"wp:term":[{"taxonomy":"category","embeddable":true,"href":"https:\/\/www.primor.eu\/blog\/wp-json\/wp\/v2\/categories?post=135504"},{"taxonomy":"post_tag","embeddable":true,"href":"https:\/\/www.primor.eu\/blog\/wp-json\/wp\/v2\/tags?post=135504"}],"curies":[{"name":"wp","href":"https:\/\/api.w.org\/{rel}","templated":true}]}}