{"id":135496,"date":"2025-12-11T17:01:44","date_gmt":"2025-12-11T17:01:44","guid":{"rendered":"https:\/\/www.primor.eu\/blog\/?p=135496"},"modified":"2025-11-29T17:03:49","modified_gmt":"2025-11-29T17:03:49","slug":"ventilar-casa-invierno-frio","status":"publish","type":"post","link":"https:\/\/www.primor.eu\/blog\/ventilar-casa-invierno-frio\/","title":{"rendered":"C\u00f3mo ventilar correctamente tu casa en invierno y sin pasar nada de fr\u00edo"},"content":{"rendered":"\n<p><strong>Ventilar la casa <\/strong>es uno de esos gestos peque\u00f1os que marcan una gran diferencia. Airear los espacios renueva el ambiente, reduce la humedad, elimina part\u00edculas en suspensi\u00f3n y mejora la calidad del aire que respiras. Pero llega el invierno\u2026 y ventilar se convierte en un acto casi heroico. Abrir las ventanas parece sin\u00f3nimo de fr\u00edo, de calefacci\u00f3n desperdiciada y de ese escalofr\u00edo que te recorre la espalda en cuanto entra la primera corriente.<\/p>\n\n\n\n<p>La buena noticia es que <strong>s\u00ed se puede ventilar en invierno sin congelarse<\/strong>. Solo necesitas hacerlo de forma inteligente, durante el tiempo adecuado y siguiendo unos cuantos trucos que te contamos hoy en el blog de Primor.<\/p>\n\n\n\n<h2 class=\"wp-block-heading\">Por qu\u00e9 es tan importante ventilar en invierno<\/h2>\n\n\n\n<p>Aunque las ventanas est\u00e9n cerradas, el aire de casa se contamina con m\u00e1s facilidad:<\/p>\n\n\n\n<ul class=\"wp-block-list\">\n<li>Se acumulan olores, humedad y CO\u2082.<\/li>\n\n\n\n<li>Aumentan las part\u00edculas en suspensi\u00f3n.<\/li>\n\n\n\n<li>Se concentran virus y bacterias, especialmente cuando hay m\u00e1s personas en casa.<\/li>\n\n\n\n<li>La calefacci\u00f3n reseca el ambiente y dificulta la renovaci\u00f3n del aire.<\/li>\n<\/ul>\n\n\n\n<p>Una casa mal ventilada puede provocar <strong>sequedad ocular, irritaci\u00f3n en la piel, dolor de cabeza, alergias y empeoramiento de la salud respiratoria<\/strong>. Por eso, incluso en invierno, airear es imprescindible.<\/p>\n\n\n\n<h2 class=\"wp-block-heading\">C\u00f3mo ventilar sin morir de fr\u00edo<\/h2>\n\n\n\n<h3 class=\"wp-block-heading\">1\/ Ventila por r\u00e1fagas cortas (el truco m\u00e1s eficaz)<\/h3>\n\n\n\n<p>Abrir las ventanas de par en par durante 20 o 30 minutos es el cl\u00e1sico del verano\u2026 pero en invierno, es la receta para congelarte. La clave est\u00e1 en ventilar por <em>r\u00e1fagas<\/em>:<\/p>\n\n\n\n<ul class=\"wp-block-list\">\n<li><strong>5 a 10 minutos<\/strong>,<\/li>\n<\/ul>\n\n\n\n<ul class=\"wp-block-list\">\n<li>con <strong>ventanas enfrentadas<\/strong>,<\/li>\n\n\n\n<li>y preferiblemente a primera hora del d\u00eda.<\/li>\n<\/ul>\n\n\n\n<p>Este sistema crea una corriente r\u00e1pida que renueva el aire sin llegar a enfriar las paredes ni los muebles (los responsables reales de la sensaci\u00f3n t\u00e9rmica de la casa).<\/p>\n\n\n\n<ul class=\"wp-block-list\">\n<li>Tip: si tu casa es peque\u00f1a, 5 minutos de ventilaci\u00f3n cruzada son suficientes para renovar el aire por completo.<\/li>\n<\/ul>\n\n\n\n<h3 class=\"wp-block-heading\">2\/ Ventilaci\u00f3n habitaci\u00f3n por habitaci\u00f3n<\/h3>\n\n\n\n<p>Si no quieres perder calor en toda la casa, <strong>ventila estancias individuales<\/strong>. Cierra la puerta, abre la ventana 5 minutos y deja que el aire se renueve solo en ese espacio.<\/p>\n\n\n\n<p>Una vez terminado, cierra de nuevo y pasa a la siguiente habitaci\u00f3n. As\u00ed mantienes la calefacci\u00f3n estable en las estancias que no se est\u00e1n aireando.<\/p>\n\n\n\n<h3 class=\"wp-block-heading\">3\/ Baja la calefacci\u00f3n durante esos minutos<\/h3>\n\n\n\n<p>No hace falta apagarla, pero s\u00ed reducirla. Si la mantienes a m\u00e1xima potencia mientras la ventana est\u00e1 abierta, la calefacci\u00f3n trabajar\u00e1 m\u00e1s y no notar\u00e1s diferencia en la temperatura final.<\/p>\n\n\n\n<p>Bajarla un par de grados antes de abrir evita desperdiciar energ\u00eda y ayuda a mantener el calor residual cuando cierres.<\/p>\n\n\n\n<h3 class=\"wp-block-heading\">4\/ Usa ventilaci\u00f3n natural\u2026 y tambi\u00e9n mec\u00e1nica<\/h3>\n\n\n\n<p>Si tu ba\u00f1o o tu cocina tienen extractor, aprovecha:<\/p>\n\n\n\n<ul class=\"wp-block-list\">\n<li>Enci\u00e9ndelo despu\u00e9s de ducharte.<\/li>\n\n\n\n<li>\u00dasalo cuando cocines.<\/li>\n<\/ul>\n\n\n\n<p>El vapor y la humedad se acumulan m\u00e1s en invierno, y un extractor ayuda a eliminar el exceso sin necesidad de abrir ventanas demasiado tiempo.<\/p>\n\n\n\n<h3 class=\"wp-block-heading\">5\/ Controla la humedad para evitar moho<\/h3>\n\n\n\n<p>La calefacci\u00f3n reseca, pero las humedades puntuales \u2014como la de la ducha o al secar ropa en casa\u2014 pueden ser un problema. El exceso de humedad genera moho y empeora la calidad del aire. Usa <strong>deshumidificadores<\/strong>, coloca plantas que regulen el ambiente (como potos o helechos) o pon a secar la ropa en una habitaci\u00f3n que puedas ventilar con r\u00e1fagas r\u00e1pidas.<\/p>\n\n\n\n<h3 class=\"wp-block-heading\">6\/ Ventila m\u00e1s si hay m\u00e1s personas en casa<\/h3>\n\n\n\n<p>En invierno pasamos m\u00e1s tiempo en espacios cerrados, y esto hace que el aire se cargue antes. Si teletrabajas, tienes invitados o hay ni\u00f1os en casa, ventila con m\u00e1s frecuencia: dos o tres veces al d\u00eda es suficiente, siempre con r\u00e1fagas breves.<\/p>\n\n\n<div class=\"kk-star-ratings kksr-auto kksr-align-center kksr-valign-bottom\"\n    data-payload='{&quot;align&quot;:&quot;center&quot;,&quot;id&quot;:&quot;135496&quot;,&quot;slug&quot;:&quot;default&quot;,&quot;valign&quot;:&quot;bottom&quot;,&quot;ignore&quot;:&quot;&quot;,&quot;reference&quot;:&quot;auto&quot;,&quot;class&quot;:&quot;&quot;,&quot;count&quot;:&quot;1&quot;,&quot;legendonly&quot;:&quot;&quot;,&quot;readonly&quot;:&quot;&quot;,&quot;score&quot;:&quot;5&quot;,&quot;starsonly&quot;:&quot;&quot;,&quot;best&quot;:&quot;5&quot;,&quot;gap&quot;:&quot;5&quot;,&quot;greet&quot;:&quot;Valora este art\u00edculo&quot;,&quot;legend&quot;:&quot;5\\\/5 - (1 voto)&quot;,&quot;size&quot;:&quot;24&quot;,&quot;title&quot;:&quot;C\u00f3mo ventilar correctamente tu casa en invierno y sin pasar nada de fr\u00edo&quot;,&quot;width&quot;:&quot;142.5&quot;,&quot;_legend&quot;:&quot;{score}\\\/{best} - ({count} {votes})&quot;,&quot;font_factor&quot;:&quot;1.25&quot;}'>\n            \n<div class=\"kksr-stars\">\n    \n<div class=\"kksr-stars-inactive\">\n            <div class=\"kksr-star\" data-star=\"1\" style=\"padding-right: 5px\">\n            \n\n<div class=\"kksr-icon\" style=\"width: 24px; height: 24px;\"><\/div>\n        <\/div>\n            <div class=\"kksr-star\" data-star=\"2\" style=\"padding-right: 5px\">\n            \n\n<div class=\"kksr-icon\" style=\"width: 24px; height: 24px;\"><\/div>\n        <\/div>\n            <div class=\"kksr-star\" data-star=\"3\" style=\"padding-right: 5px\">\n            \n\n<div class=\"kksr-icon\" style=\"width: 24px; height: 24px;\"><\/div>\n        <\/div>\n            <div class=\"kksr-star\" data-star=\"4\" style=\"padding-right: 5px\">\n            \n\n<div class=\"kksr-icon\" style=\"width: 24px; height: 24px;\"><\/div>\n        <\/div>\n            <div class=\"kksr-star\" data-star=\"5\" style=\"padding-right: 5px\">\n            \n\n<div class=\"kksr-icon\" style=\"width: 24px; height: 24px;\"><\/div>\n        <\/div>\n    <\/div>\n    \n<div class=\"kksr-stars-active\" style=\"width: 142.5px;\">\n            <div class=\"kksr-star\" style=\"padding-right: 5px\">\n            \n\n<div class=\"kksr-icon\" style=\"width: 24px; height: 24px;\"><\/div>\n        <\/div>\n            <div class=\"kksr-star\" style=\"padding-right: 5px\">\n            \n\n<div class=\"kksr-icon\" style=\"width: 24px; height: 24px;\"><\/div>\n        <\/div>\n            <div class=\"kksr-star\" style=\"padding-right: 5px\">\n            \n\n<div class=\"kksr-icon\" style=\"width: 24px; height: 24px;\"><\/div>\n        <\/div>\n            <div class=\"kksr-star\" style=\"padding-right: 5px\">\n            \n\n<div class=\"kksr-icon\" style=\"width: 24px; height: 24px;\"><\/div>\n        <\/div>\n            <div class=\"kksr-star\" style=\"padding-right: 5px\">\n            \n\n<div class=\"kksr-icon\" style=\"width: 24px; height: 24px;\"><\/div>\n        <\/div>\n    <\/div>\n<\/div>\n                \n\n<div class=\"kksr-legend\" style=\"font-size: 19.2px;\">\n            5\/5 - (1 voto)    <\/div>\n    <\/div>\n","protected":false},"excerpt":{"rendered":"<p>Ventilar la casa es uno de esos gestos peque\u00f1os que marcan una gran diferencia. Airear los espacios renueva el ambiente, reduce la humedad, elimina part\u00edculas en suspensi\u00f3n y mejora la calidad del aire que respiras. Pero llega el invierno\u2026 y ventilar se convierte en un acto casi heroico. Abrir las ventanas parece sin\u00f3nimo de fr\u00edo, [&hellip;]<\/p>\n","protected":false},"author":14,"featured_media":135449,"comment_status":"closed","ping_status":"closed","sticky":false,"template":"","format":"standard","meta":{"jnews-multi-image_gallery":[],"jnews_single_post":{"format":"standard"},"jnews_primary_category":[],"jnews_social_meta":[],"jnews_override_counter":[],"footnotes":""},"categories":[6299],"tags":[],"class_list":["post-135496","post","type-post","status-publish","format-standard","has-post-thumbnail","hentry","category-bienestar"],"_links":{"self":[{"href":"https:\/\/www.primor.eu\/blog\/wp-json\/wp\/v2\/posts\/135496","targetHints":{"allow":["GET"]}}],"collection":[{"href":"https:\/\/www.primor.eu\/blog\/wp-json\/wp\/v2\/posts"}],"about":[{"href":"https:\/\/www.primor.eu\/blog\/wp-json\/wp\/v2\/types\/post"}],"author":[{"embeddable":true,"href":"https:\/\/www.primor.eu\/blog\/wp-json\/wp\/v2\/users\/14"}],"replies":[{"embeddable":true,"href":"https:\/\/www.primor.eu\/blog\/wp-json\/wp\/v2\/comments?post=135496"}],"version-history":[{"count":1,"href":"https:\/\/www.primor.eu\/blog\/wp-json\/wp\/v2\/posts\/135496\/revisions"}],"predecessor-version":[{"id":135499,"href":"https:\/\/www.primor.eu\/blog\/wp-json\/wp\/v2\/posts\/135496\/revisions\/135499"}],"wp:featuredmedia":[{"embeddable":true,"href":"https:\/\/www.primor.eu\/blog\/wp-json\/wp\/v2\/media\/135449"}],"wp:attachment":[{"href":"https:\/\/www.primor.eu\/blog\/wp-json\/wp\/v2\/media?parent=135496"}],"wp:term":[{"taxonomy":"category","embeddable":true,"href":"https:\/\/www.primor.eu\/blog\/wp-json\/wp\/v2\/categories?post=135496"},{"taxonomy":"post_tag","embeddable":true,"href":"https:\/\/www.primor.eu\/blog\/wp-json\/wp\/v2\/tags?post=135496"}],"curies":[{"name":"wp","href":"https:\/\/api.w.org\/{rel}","templated":true}]}}