{"id":135492,"date":"2025-12-11T17:01:41","date_gmt":"2025-12-11T17:01:41","guid":{"rendered":"https:\/\/www.primor.eu\/blog\/?p=135492"},"modified":"2025-11-29T17:03:00","modified_gmt":"2025-11-29T17:03:00","slug":"proteger-cabello-nieve-frio","status":"publish","type":"post","link":"https:\/\/www.primor.eu\/blog\/proteger-cabello-nieve-frio\/","title":{"rendered":"Cabello y nieve: trucos y productos que necesitas para protegerlo ante el fr\u00edo"},"content":{"rendered":"\n<p>La nieve es magia. Hace que todo parezca m\u00e1s bonito, m\u00e1s silencioso, m\u00e1s de cuento. Pero, aunque la experiencia sea perfecta, tu <strong>cabello<\/strong> puede no pensar lo mismo. El fr\u00edo extremo, el viento, la humedad del ambiente, la fricci\u00f3n de gorros y cascos\u2026 todo eso pasa factura.<\/p>\n\n\n\n<p>En <a href=\"https:\/\/www.primor.eu\/blog\/mejores-consejos-productos-preparar-piel-frio\/\">invierno<\/a>, especialmente en la monta\u00f1a, el cabello tiende a <strong>resecarse, quebrarse, encresparse y perder brillo<\/strong>, y el cuero cabelludo puede volverse m\u00e1s sensible. Por eso, si est\u00e1s planeando un viaje a la nieve \u2014o simplemente vives en una ciudad muy fr\u00eda\u2014, necesitas prepararte.<\/p>\n\n\n\n<p>Hoy, en el blog de Primor, te contamos todos los trucos y productos imprescindibles para proteger tu cabello ante el fr\u00edo y mantenerlo sano, bonito y fuerte durante toda la temporada.<\/p>\n\n\n\n<h2 class=\"wp-block-heading\">Por qu\u00e9 la nieve afecta al cabello<\/h2>\n\n\n\n<p>La combinaci\u00f3n de aire helado, humedad y viento provoca una <strong>p\u00e9rdida acelerada de hidrataci\u00f3n<\/strong> tanto en la fibra capilar como en la piel del cuero cabelludo. Adem\u00e1s:<\/p>\n\n\n\n<ul class=\"wp-block-list\">\n<li>Las temperaturas bajas vuelven el pelo m\u00e1s fr\u00e1gil.<\/li>\n\n\n\n<li>Los gorros y cascos generan fricci\u00f3n que rompe la fibra.<\/li>\n\n\n\n<li>La electricidad est\u00e1tica aumenta por el aire seco.<\/li>\n\n\n\n<li>El contraste t\u00e9rmico entre el exterior y los interiores calefactados debilita la cut\u00edcula.<\/li>\n<\/ul>\n\n\n\n<p>La <strong>soluci\u00f3n<\/strong> est\u00e1 en crear una rutina de protecci\u00f3n completa, que cuide tanto la ra\u00edz como las puntas.<\/p>\n\n\n\n<h2 class=\"wp-block-heading\">C\u00f3mo proteger mi cabello de la nieve<\/h2>\n\n\n\n<h3 class=\"wp-block-heading\">1\/ Antes de salir: crea una barrera protectora<\/h3>\n\n\n\n<p>Antes de exponerte al fr\u00edo, tu cabello necesita un \u201cescudo\u201d que lo proteja de la p\u00e9rdida de humedad. Lo ideal es aplicar un <strong>aceite capilar ligero o un s\u00e9rum nutritivo<\/strong> de medios a puntas.<\/p>\n\n\n\n<p>Ingredientes clave:<\/p>\n\n\n\n<ul class=\"wp-block-list\">\n<li>Arg\u00e1n<\/li>\n\n\n\n<li>Jojoba<\/li>\n\n\n\n<li>Coco<\/li>\n\n\n\n<li>Escualano<\/li>\n\n\n\n<li>Ceramidas<\/li>\n<\/ul>\n\n\n\n<p>Estos aceites sellan la cut\u00edcula y evitan que la fibra se rompa con los cambios de temperatura.<\/p>\n\n\n\n<ul class=\"wp-block-list\">\n<li><em>Tip:<\/em> si te pones casco o gorro, aplica el producto cuando el pelo est\u00e9 totalmente seco. La humedad atrapada puede irritar el cuero cabelludo.<\/li>\n<\/ul>\n\n\n\n<h3 class=\"wp-block-heading\">2\/ Usa gorros adecuados para evitar la fricci\u00f3n<\/h3>\n\n\n\n<p>No todos los gorros son iguales. Los materiales sint\u00e9ticos pueden generar electricidad est\u00e1tica y romper el cabello. Opta por tejidos suaves como:<\/p>\n\n\n\n<ul class=\"wp-block-list\">\n<li>Lana merina<\/li>\n\n\n\n<li>Algod\u00f3n<\/li>\n\n\n\n<li>Tejidos t\u00e9rmicos suaves<\/li>\n<\/ul>\n\n\n\n<p>Si quieres proteger a\u00fan m\u00e1s la fibra, utiliza una <strong>balaclava o gorro con forro de sat\u00e9n o seda<\/strong>, que evita el encrespamiento y reduce la fricci\u00f3n.<\/p>\n\n\n\n<h3 class=\"wp-block-heading\">3\/ Elige un champ\u00fa suave e hidratante<\/h3>\n\n\n\n<p>En zonas fr\u00edas, evita los champ\u00fas agresivos o purificantes. Necesitas f\u00f3rmulas que hidraten y respeten la barrera del cuero cabelludo.<\/p>\n\n\n\n<ul class=\"wp-block-list\">\n<li><em>Tip:<\/em> reduce los lavados y evita el agua muy caliente, que reseca a\u00fan m\u00e1s la fibra.<\/li>\n<\/ul>\n\n\n\n<h3 class=\"wp-block-heading\">4\/ Mascarillas nutritivas: tu salvavidas invernal<\/h3>\n\n\n\n<p>Si hay un producto que no te puede faltar en invierno, es una <strong>mascarilla nutritiva<\/strong>. \u00dasala 1\u20132 veces por semana para reponer los l\u00edpidos perdidos y devolver elasticidad. D\u00e9jala actuar el tiempo indicado y, si puedes, usa un gorro t\u00e9rmico para potenciar su efecto.<\/p>\n\n\n\n<h3 class=\"wp-block-heading\">5\/ No salgas con el pelo mojado, nunca<\/h3>\n\n\n\n<p>Parece un consejo de madre, pero es completamente cierto: <strong>el pelo mojado se congela y se rompe con facilidad<\/strong> cuando hace fr\u00edo. Adem\u00e1s, aumenta la irritaci\u00f3n del cuero cabelludo.<\/p>\n\n\n\n<p>Seca bien el cabello antes de salir, preferiblemente al aire o con el secador a temperatura media.<\/p>\n\n\n\n<h3 class=\"wp-block-heading\">6\/ Cuida el cuero cabelludo igualmente<\/h3>\n\n\n\n<p>Si notas picor, tirantez o descamaci\u00f3n, incluye en tu rutina un <strong>t\u00f3nico o s\u00e9rum calmante para el cuero cabelludo<\/strong>. Ingredientes como pantenol, aloe vera, niacinamida o extractos de avena son perfectos para calmar e hidratar.<\/p>\n\n\n<div class=\"kk-star-ratings kksr-auto kksr-align-center kksr-valign-bottom\"\n    data-payload='{&quot;align&quot;:&quot;center&quot;,&quot;id&quot;:&quot;135492&quot;,&quot;slug&quot;:&quot;default&quot;,&quot;valign&quot;:&quot;bottom&quot;,&quot;ignore&quot;:&quot;&quot;,&quot;reference&quot;:&quot;auto&quot;,&quot;class&quot;:&quot;&quot;,&quot;count&quot;:&quot;0&quot;,&quot;legendonly&quot;:&quot;&quot;,&quot;readonly&quot;:&quot;&quot;,&quot;score&quot;:&quot;0&quot;,&quot;starsonly&quot;:&quot;&quot;,&quot;best&quot;:&quot;5&quot;,&quot;gap&quot;:&quot;5&quot;,&quot;greet&quot;:&quot;Valora este art\u00edculo&quot;,&quot;legend&quot;:&quot;0\\\/5 - (0 votos)&quot;,&quot;size&quot;:&quot;24&quot;,&quot;title&quot;:&quot;Cabello y nieve: trucos y productos que necesitas para protegerlo ante el fr\u00edo&quot;,&quot;width&quot;:&quot;0&quot;,&quot;_legend&quot;:&quot;{score}\\\/{best} - ({count} {votes})&quot;,&quot;font_factor&quot;:&quot;1.25&quot;}'>\n            \n<div class=\"kksr-stars\">\n    \n<div class=\"kksr-stars-inactive\">\n            <div class=\"kksr-star\" data-star=\"1\" style=\"padding-right: 5px\">\n            \n\n<div class=\"kksr-icon\" style=\"width: 24px; height: 24px;\"><\/div>\n        <\/div>\n            <div class=\"kksr-star\" data-star=\"2\" style=\"padding-right: 5px\">\n            \n\n<div class=\"kksr-icon\" style=\"width: 24px; height: 24px;\"><\/div>\n        <\/div>\n            <div class=\"kksr-star\" data-star=\"3\" style=\"padding-right: 5px\">\n            \n\n<div class=\"kksr-icon\" style=\"width: 24px; height: 24px;\"><\/div>\n        <\/div>\n            <div class=\"kksr-star\" data-star=\"4\" style=\"padding-right: 5px\">\n            \n\n<div class=\"kksr-icon\" style=\"width: 24px; height: 24px;\"><\/div>\n        <\/div>\n            <div class=\"kksr-star\" data-star=\"5\" style=\"padding-right: 5px\">\n            \n\n<div class=\"kksr-icon\" style=\"width: 24px; height: 24px;\"><\/div>\n        <\/div>\n    <\/div>\n    \n<div class=\"kksr-stars-active\" style=\"width: 0px;\">\n            <div class=\"kksr-star\" style=\"padding-right: 5px\">\n            \n\n<div class=\"kksr-icon\" style=\"width: 24px; height: 24px;\"><\/div>\n        <\/div>\n            <div class=\"kksr-star\" style=\"padding-right: 5px\">\n            \n\n<div class=\"kksr-icon\" style=\"width: 24px; height: 24px;\"><\/div>\n        <\/div>\n            <div class=\"kksr-star\" style=\"padding-right: 5px\">\n            \n\n<div class=\"kksr-icon\" style=\"width: 24px; height: 24px;\"><\/div>\n        <\/div>\n            <div class=\"kksr-star\" style=\"padding-right: 5px\">\n            \n\n<div class=\"kksr-icon\" style=\"width: 24px; height: 24px;\"><\/div>\n        <\/div>\n            <div class=\"kksr-star\" style=\"padding-right: 5px\">\n            \n\n<div class=\"kksr-icon\" style=\"width: 24px; height: 24px;\"><\/div>\n        <\/div>\n    <\/div>\n<\/div>\n                \n\n<div class=\"kksr-legend\" style=\"font-size: 19.2px;\">\n            <span class=\"kksr-muted\">Valora este art\u00edculo<\/span>\n    <\/div>\n    <\/div>\n","protected":false},"excerpt":{"rendered":"<p>La nieve es magia. Hace que todo parezca m\u00e1s bonito, m\u00e1s silencioso, m\u00e1s de cuento. Pero, aunque la experiencia sea perfecta, tu cabello puede no pensar lo mismo. El fr\u00edo extremo, el viento, la humedad del ambiente, la fricci\u00f3n de gorros y cascos\u2026 todo eso pasa factura. En invierno, especialmente en la monta\u00f1a, el cabello [&hellip;]<\/p>\n","protected":false},"author":14,"featured_media":135451,"comment_status":"closed","ping_status":"closed","sticky":false,"template":"","format":"standard","meta":{"jnews-multi-image_gallery":[],"jnews_single_post":{"format":"standard"},"jnews_primary_category":[],"jnews_social_meta":[],"jnews_override_counter":[],"footnotes":""},"categories":[35],"tags":[],"class_list":["post-135492","post","type-post","status-publish","format-standard","has-post-thumbnail","hentry","category-cabello"],"_links":{"self":[{"href":"https:\/\/www.primor.eu\/blog\/wp-json\/wp\/v2\/posts\/135492","targetHints":{"allow":["GET"]}}],"collection":[{"href":"https:\/\/www.primor.eu\/blog\/wp-json\/wp\/v2\/posts"}],"about":[{"href":"https:\/\/www.primor.eu\/blog\/wp-json\/wp\/v2\/types\/post"}],"author":[{"embeddable":true,"href":"https:\/\/www.primor.eu\/blog\/wp-json\/wp\/v2\/users\/14"}],"replies":[{"embeddable":true,"href":"https:\/\/www.primor.eu\/blog\/wp-json\/wp\/v2\/comments?post=135492"}],"version-history":[{"count":1,"href":"https:\/\/www.primor.eu\/blog\/wp-json\/wp\/v2\/posts\/135492\/revisions"}],"predecessor-version":[{"id":135497,"href":"https:\/\/www.primor.eu\/blog\/wp-json\/wp\/v2\/posts\/135492\/revisions\/135497"}],"wp:featuredmedia":[{"embeddable":true,"href":"https:\/\/www.primor.eu\/blog\/wp-json\/wp\/v2\/media\/135451"}],"wp:attachment":[{"href":"https:\/\/www.primor.eu\/blog\/wp-json\/wp\/v2\/media?parent=135492"}],"wp:term":[{"taxonomy":"category","embeddable":true,"href":"https:\/\/www.primor.eu\/blog\/wp-json\/wp\/v2\/categories?post=135492"},{"taxonomy":"post_tag","embeddable":true,"href":"https:\/\/www.primor.eu\/blog\/wp-json\/wp\/v2\/tags?post=135492"}],"curies":[{"name":"wp","href":"https:\/\/api.w.org\/{rel}","templated":true}]}}