{"id":135470,"date":"2025-12-09T16:55:05","date_gmt":"2025-12-09T16:55:05","guid":{"rendered":"https:\/\/www.primor.eu\/blog\/?p=135470"},"modified":"2025-11-29T16:57:12","modified_gmt":"2025-11-29T16:57:12","slug":"imprescindibles-neceser-nieve-invierno","status":"publish","type":"post","link":"https:\/\/www.primor.eu\/blog\/imprescindibles-neceser-nieve-invierno\/","title":{"rendered":"Los imprescindibles que debes meter en tu neceser si vas a la nieve este invierno"},"content":{"rendered":"\n<p><strong>Viajar a la nieve tiene algo m\u00e1gico<\/strong>. El aire fr\u00edo en las mejillas, el paisaje blanco, el silencio de la monta\u00f1a\u2026 y, por supuesto, la emoci\u00f3n de esquiar o simplemente caminar sobre la nieve reci\u00e9n ca\u00edda. Pero, aunque el plan sea perfecto, la piel, los labios y el cabello pueden sufrir m\u00e1s de lo que imaginas.<\/p>\n\n\n\n<p>El <a href=\"https:\/\/www.primor.eu\/blog\/mejores-consejos-productos-preparar-piel-frio\/\">fr\u00edo extremo<\/a>, la altitud, el viento y el sol reflejado en la nieve forman una combinaci\u00f3n que exige un neceser muy concreto. No vale con llevar \u201clo de siempre\u201d: en la monta\u00f1a, la rutina cambia.<\/p>\n\n\n\n<p>Por eso, hoy te contamos <strong>los imprescindibles que debes llevar en tu neceser si vas a la nieve este invierno<\/strong>. Productos ligeros, pero potentes. Peque\u00f1os, pero eficaces. Y, sobre todo, necesarios para que disfrutes del viaje con la piel protegida y radiante.<\/p>\n\n\n\n<h2 class=\"wp-block-heading\">Qu\u00e9 incluir en mi neceser de invierno<\/h2>\n\n\n\n<h3 class=\"wp-block-heading\">1\/ Protector solar facial de amplio espectro (SPF50 o superior)<\/h3>\n\n\n\n<p>S\u00ed, incluso en pleno invierno. La nieve refleja hasta el 80% de la radiaci\u00f3n solar, lo que significa que la exposici\u00f3n es doble: la que recibes directamente y la que rebota en la superficie.<\/p>\n\n\n\n<p>Elige un <strong>protector solar hidratante<\/strong>, resistente al agua y con alta protecci\u00f3n UVB + UVA. Si adem\u00e1s tiene antioxidantes, mejor: ayudan a combatir el estr\u00e9s oxidativo que provoca la altitud.<\/p>\n\n\n\n<ul class=\"wp-block-list\">\n<li><em>Tip:<\/em> reaplica cada dos horas, incluso si est\u00e1 nublado.<\/li>\n<\/ul>\n\n\n\n<h3 class=\"wp-block-heading\">2\/ Crema hidratante nutritiva<\/h3>\n\n\n\n<p>En la monta\u00f1a, la piel pierde agua con facilidad. El aire fr\u00edo reseca, el viento irrita y la calefacci\u00f3n deshidrata. Por eso, necesitas una <strong>crema rica, con textura mantequilla o b\u00e1lsamo<\/strong>, que refuerce la barrera cut\u00e1nea.<\/p>\n\n\n\n<h3 class=\"wp-block-heading\">3\/ B\u00e1lsamo labial reparador (el m\u00e1s importante de todos)<\/h3>\n\n\n\n<p>Los labios sufren m\u00e1s que ninguna otra zona. No tienen gl\u00e1ndulas seb\u00e1ceas, as\u00ed que se agrietan r\u00e1pido. Lleva un <strong>b\u00e1lsamo reparador<\/strong>, preferiblemente con protecci\u00f3n solar y una f\u00f3rmula rica en karit\u00e9, miel o cera de abejas.<\/p>\n\n\n\n<ul class=\"wp-block-list\">\n<li><em>Consejo:<\/em> apl\u00edcalo antes de salir, varias veces durante el d\u00eda y una capa extra antes de dormir para repararlos al 100%.<\/li>\n<\/ul>\n\n\n\n<h3 class=\"wp-block-heading\">4\/ Crema de manos con efecto barrera<\/h3>\n\n\n\n<p>Si esqu\u00edas o caminas con guantes, las manos pueden terminar secas, tirantes e incluso agrietadas. Una <strong>crema de manos con urea, karit\u00e9 o alanto\u00edna<\/strong> es un b\u00e1sico imprescindible.<\/p>\n\n\n\n<p>Ll\u00e9vala siempre contigo y reaplica durante el d\u00eda, especialmente despu\u00e9s de lavarte las manos o quit\u00e1rtelos.<\/p>\n\n\n\n<h3 class=\"wp-block-heading\">5\/ Stick antirozaduras o b\u00e1lsamo protector<\/h3>\n\n\n\n<p>El viento y el roce de la ropa t\u00e9rmica pueden irritar zonas delicadas como la nariz, los p\u00f3mulos o la barbilla. Un <strong>stick protector tipo \u201ccold cream\u201d<\/strong> crea una barrera invisible que evita rojeces y descamaci\u00f3n. Es tambi\u00e9n ideal para deportistas en la monta\u00f1a.<\/p>\n\n\n\n<hr class=\"wp-block-separator has-alpha-channel-opacity\"\/>\n\n\n\n<h3 class=\"wp-block-heading\">6\/ Mascarilla o s\u00e9rum calmante para la noche<\/h3>\n\n\n\n<p>Despu\u00e9s de una jornada de esqu\u00ed, tu piel agradecer\u00e1 un <strong>tratamiento SOS<\/strong>. Las mascarillas calmantes con aloe vera, centella asi\u00e1tica o pantenol ayudan a disminuir la inflamaci\u00f3n y restaurar la hidrataci\u00f3n.<\/p>\n\n\n\n<p>Si prefieres algo m\u00e1s ligero, un <strong>s\u00e9rum hidratante con \u00e1cido hialur\u00f3nico<\/strong> es perfecto para devolverle elasticidad y luminosidad.<\/p>\n\n\n\n<h3 class=\"wp-block-heading\">7\/ Champ\u00fa y acondicionador hidratantes<\/h3>\n\n\n\n<p>El fr\u00edo tambi\u00e9n afecta al cabello: se vuelve m\u00e1s fr\u00e1gil, m\u00e1s opaco y m\u00e1s propenso al encrespamiento. Un <strong>champ\u00fa suave<\/strong>, acompa\u00f1ado de un <strong>acondicionador nutritivo o una mascarilla ligera<\/strong>, evitar\u00e1 que se reseque o se electrifique bajo el casco o el gorro.<\/p>\n\n\n\n<ul class=\"wp-block-list\">\n<li><em>Tip:<\/em> a\u00f1ade un aceite capilar para sellar puntas y evitar la rotura.<\/li>\n<\/ul>\n\n\n<div class=\"kk-star-ratings kksr-auto kksr-align-center kksr-valign-bottom\"\n    data-payload='{&quot;align&quot;:&quot;center&quot;,&quot;id&quot;:&quot;135470&quot;,&quot;slug&quot;:&quot;default&quot;,&quot;valign&quot;:&quot;bottom&quot;,&quot;ignore&quot;:&quot;&quot;,&quot;reference&quot;:&quot;auto&quot;,&quot;class&quot;:&quot;&quot;,&quot;count&quot;:&quot;0&quot;,&quot;legendonly&quot;:&quot;&quot;,&quot;readonly&quot;:&quot;&quot;,&quot;score&quot;:&quot;0&quot;,&quot;starsonly&quot;:&quot;&quot;,&quot;best&quot;:&quot;5&quot;,&quot;gap&quot;:&quot;5&quot;,&quot;greet&quot;:&quot;Valora este art\u00edculo&quot;,&quot;legend&quot;:&quot;0\\\/5 - (0 votos)&quot;,&quot;size&quot;:&quot;24&quot;,&quot;title&quot;:&quot;Los imprescindibles que debes meter en tu neceser si vas a la nieve este invierno&quot;,&quot;width&quot;:&quot;0&quot;,&quot;_legend&quot;:&quot;{score}\\\/{best} - ({count} {votes})&quot;,&quot;font_factor&quot;:&quot;1.25&quot;}'>\n            \n<div class=\"kksr-stars\">\n    \n<div class=\"kksr-stars-inactive\">\n            <div class=\"kksr-star\" data-star=\"1\" style=\"padding-right: 5px\">\n            \n\n<div class=\"kksr-icon\" style=\"width: 24px; height: 24px;\"><\/div>\n        <\/div>\n            <div class=\"kksr-star\" data-star=\"2\" style=\"padding-right: 5px\">\n            \n\n<div class=\"kksr-icon\" style=\"width: 24px; height: 24px;\"><\/div>\n        <\/div>\n            <div class=\"kksr-star\" data-star=\"3\" style=\"padding-right: 5px\">\n            \n\n<div class=\"kksr-icon\" style=\"width: 24px; height: 24px;\"><\/div>\n        <\/div>\n            <div class=\"kksr-star\" data-star=\"4\" style=\"padding-right: 5px\">\n            \n\n<div class=\"kksr-icon\" style=\"width: 24px; height: 24px;\"><\/div>\n        <\/div>\n            <div class=\"kksr-star\" data-star=\"5\" style=\"padding-right: 5px\">\n            \n\n<div class=\"kksr-icon\" style=\"width: 24px; height: 24px;\"><\/div>\n        <\/div>\n    <\/div>\n    \n<div class=\"kksr-stars-active\" style=\"width: 0px;\">\n            <div class=\"kksr-star\" style=\"padding-right: 5px\">\n            \n\n<div class=\"kksr-icon\" style=\"width: 24px; height: 24px;\"><\/div>\n        <\/div>\n            <div class=\"kksr-star\" style=\"padding-right: 5px\">\n            \n\n<div class=\"kksr-icon\" style=\"width: 24px; height: 24px;\"><\/div>\n        <\/div>\n            <div class=\"kksr-star\" style=\"padding-right: 5px\">\n            \n\n<div class=\"kksr-icon\" style=\"width: 24px; height: 24px;\"><\/div>\n        <\/div>\n            <div class=\"kksr-star\" style=\"padding-right: 5px\">\n            \n\n<div class=\"kksr-icon\" style=\"width: 24px; height: 24px;\"><\/div>\n        <\/div>\n            <div class=\"kksr-star\" style=\"padding-right: 5px\">\n            \n\n<div class=\"kksr-icon\" style=\"width: 24px; height: 24px;\"><\/div>\n        <\/div>\n    <\/div>\n<\/div>\n                \n\n<div class=\"kksr-legend\" style=\"font-size: 19.2px;\">\n            <span class=\"kksr-muted\">Valora este art\u00edculo<\/span>\n    <\/div>\n    <\/div>\n","protected":false},"excerpt":{"rendered":"<p>Viajar a la nieve tiene algo m\u00e1gico. El aire fr\u00edo en las mejillas, el paisaje blanco, el silencio de la monta\u00f1a\u2026 y, por supuesto, la emoci\u00f3n de esquiar o simplemente caminar sobre la nieve reci\u00e9n ca\u00edda. Pero, aunque el plan sea perfecto, la piel, los labios y el cabello pueden sufrir m\u00e1s de lo que [&hellip;]<\/p>\n","protected":false},"author":14,"featured_media":135457,"comment_status":"closed","ping_status":"closed","sticky":false,"template":"","format":"standard","meta":{"jnews-multi-image_gallery":[],"jnews_single_post":{"format":"standard"},"jnews_primary_category":[],"jnews_social_meta":[],"jnews_override_counter":[],"footnotes":""},"categories":[29],"tags":[],"class_list":["post-135470","post","type-post","status-publish","format-standard","has-post-thumbnail","hentry","category-cosmetica"],"_links":{"self":[{"href":"https:\/\/www.primor.eu\/blog\/wp-json\/wp\/v2\/posts\/135470","targetHints":{"allow":["GET"]}}],"collection":[{"href":"https:\/\/www.primor.eu\/blog\/wp-json\/wp\/v2\/posts"}],"about":[{"href":"https:\/\/www.primor.eu\/blog\/wp-json\/wp\/v2\/types\/post"}],"author":[{"embeddable":true,"href":"https:\/\/www.primor.eu\/blog\/wp-json\/wp\/v2\/users\/14"}],"replies":[{"embeddable":true,"href":"https:\/\/www.primor.eu\/blog\/wp-json\/wp\/v2\/comments?post=135470"}],"version-history":[{"count":1,"href":"https:\/\/www.primor.eu\/blog\/wp-json\/wp\/v2\/posts\/135470\/revisions"}],"predecessor-version":[{"id":135475,"href":"https:\/\/www.primor.eu\/blog\/wp-json\/wp\/v2\/posts\/135470\/revisions\/135475"}],"wp:featuredmedia":[{"embeddable":true,"href":"https:\/\/www.primor.eu\/blog\/wp-json\/wp\/v2\/media\/135457"}],"wp:attachment":[{"href":"https:\/\/www.primor.eu\/blog\/wp-json\/wp\/v2\/media?parent=135470"}],"wp:term":[{"taxonomy":"category","embeddable":true,"href":"https:\/\/www.primor.eu\/blog\/wp-json\/wp\/v2\/categories?post=135470"},{"taxonomy":"post_tag","embeddable":true,"href":"https:\/\/www.primor.eu\/blog\/wp-json\/wp\/v2\/tags?post=135470"}],"curies":[{"name":"wp","href":"https:\/\/api.w.org\/{rel}","templated":true}]}}