{"id":134625,"date":"2025-11-26T14:34:45","date_gmt":"2025-11-26T14:34:45","guid":{"rendered":"https:\/\/www.primor.eu\/blog\/?p=134625"},"modified":"2025-11-12T15:03:41","modified_gmt":"2025-11-12T15:03:41","slug":"soluciones-eliminar-flemas","status":"publish","type":"post","link":"https:\/\/www.primor.eu\/blog\/soluciones-eliminar-flemas\/","title":{"rendered":"Por qu\u00e9 tenemos flemas y qu\u00e9 soluciones existen para eliminarlas"},"content":{"rendered":"\n<p>Pocas cosas resultan tan molestas como esa sensaci\u00f3n de tener la garganta cargada, la voz tomada y el pecho lleno de mucosidad que parece no terminar de salir. Las <strong>flemas<\/strong> son una de esas incomodidades tan comunes como inevitables. Aparecen con los resfriados, las alergias, los cambios de estaci\u00f3n o incluso con la contaminaci\u00f3n ambiental.<\/p>\n\n\n\n<p>Pero \u00bfqu\u00e9 son exactamente? \u00bfPor qu\u00e9 aparecen? Y, sobre todo, \u00bfc\u00f3mo podemos aliviarlas sin poner en riesgo la salud? Hoy, en el blog de Primor, te lo explicamos todo para que entiendas su funci\u00f3n y sepas c\u00f3mo eliminarlas de forma segura y eficaz.<\/p>\n\n\n\n<h2 class=\"wp-block-heading\">Qu\u00e9 son las flemas y por qu\u00e9 aparecen<\/h2>\n\n\n\n<p>Las flemas son acumulaciones de mucosidad en las v\u00edas respiratorias, especialmente en la garganta, los bronquios o los pulmones. Est\u00e1n compuestas por agua, prote\u00ednas, c\u00e9lulas inmunitarias y mucinas (una sustancia pegajosa que atrapa part\u00edculas y microorganismos).<\/p>\n\n\n\n<p>Lejos de ser algo negativo, las flemas son un <strong>mecanismo de defensa natural<\/strong> del cuerpo. Cuando inhalamos virus, bacterias o polvo, el sistema respiratorio produce m\u00e1s mucosidad para atrapar esos agentes y expulsarlos.<\/p>\n\n\n\n<ul class=\"wp-block-list\">\n<li><strong>\u00bfSab\u00edas qu\u00e9\u2026?<\/strong> El cuerpo humano produce entre <strong>un litro y litro y medio de mucosidad al d\u00eda<\/strong>, aunque normalmente no lo notamos porque se elimina de forma natural al tragar o al toser.<\/li>\n<\/ul>\n\n\n\n<h2 class=\"wp-block-heading\">Cu\u00e1les son las causas m\u00e1s frecuentes<\/h2>\n\n\n\n<p>La presencia de flemas puede tener m\u00faltiples or\u00edgenes, aunque las m\u00e1s comunes son:<\/p>\n\n\n\n<ul class=\"wp-block-list\">\n<li><strong>Resfriados o gripes:<\/strong> los virus respiratorios son la causa m\u00e1s habitual. El cuerpo genera m\u00e1s moco para proteger los pulmones.<\/li>\n\n\n\n<li><strong>Alergias:<\/strong> el polen, el polvo o los \u00e1caros irritan las v\u00edas respiratorias, lo que provoca un aumento de mucosidad.<\/li>\n\n\n\n<li><strong>Contaminaci\u00f3n o tabaco:<\/strong> el humo y las part\u00edculas t\u00f3xicas inflaman las mucosas y aumentan la producci\u00f3n de flemas.<\/li>\n\n\n\n<li><strong>Sinusitis o bronquitis:<\/strong> cuando la inflamaci\u00f3n es m\u00e1s intensa o prolongada, las flemas pueden volverse m\u00e1s densas y persistentes.<\/li>\n\n\n\n<li><strong>Reflujo g\u00e1strico:<\/strong> en algunos casos, los \u00e1cidos del est\u00f3mago irritan la garganta, generando mucosidad como respuesta defensiva.<\/li>\n<\/ul>\n\n\n\n<h2 class=\"wp-block-heading\">Qu\u00e9 significan los distintos colores de las flemas<\/h2>\n\n\n\n<p>El color puede dar pistas sobre el origen o el estado de la infecci\u00f3n:<\/p>\n\n\n\n<ul class=\"wp-block-list\">\n<li><strong>Transparente<\/strong>: normal o leve irritaci\u00f3n.<\/li>\n\n\n\n<li><strong>Blanca<\/strong>: posible congesti\u00f3n o deshidrataci\u00f3n.<\/li>\n\n\n\n<li><strong>Amarilla<\/strong>: infecci\u00f3n leve en proceso de curaci\u00f3n.<\/li>\n\n\n\n<li><strong>Verde<\/strong>: infecci\u00f3n m\u00e1s intensa o prolongada (podr\u00eda requerir revisi\u00f3n m\u00e9dica).<\/li>\n\n\n\n<li><strong>Rojiza o con sangre<\/strong>: puede indicar irritaci\u00f3n fuerte o da\u00f1o en los capilares; conviene consultar con un especialista.<\/li>\n<\/ul>\n\n\n\n<p><strong><em>Importante<\/em><\/strong><em>:<\/em> el color por s\u00ed solo no determina si es necesario un antibi\u00f3tico. Solo un m\u00e9dico puede hacerlo tras evaluar los s\u00edntomas.<\/p>\n\n\n\n<h2 class=\"wp-block-heading\">C\u00f3mo eliminar las flemas de forma segura y natural<\/h2>\n\n\n\n<p>Aunque la mayor\u00eda de las flemas desaparecen solas, existen algunos h\u00e1bitos y remedios que pueden ayudarte a <strong>acelerar su eliminaci\u00f3n<\/strong> y aliviar la incomodidad.<\/p>\n\n\n\n<h3 class=\"wp-block-heading\">1\/ Mantente bien hidratado<\/h3>\n\n\n\n<p>Beber agua, infusiones o caldos ayuda a <strong>fluidificar las secreciones<\/strong>, haciendo que las flemas sean menos densas y m\u00e1s f\u00e1ciles de expulsar.<\/p>\n\n\n\n<h3 class=\"wp-block-heading\">2\/ Usa humidificadores<\/h3>\n\n\n\n<p>El aire seco agrava la congesti\u00f3n. Un <strong>humidificador o difusor con aceites esenciales<\/strong> (como eucalipto o menta) ayuda a mantener las v\u00edas respiratorias h\u00famedas.<\/p>\n\n\n\n<h3 class=\"wp-block-heading\">3\/ Inhalaciones de vapor<\/h3>\n\n\n\n<p>Un cl\u00e1sico que nunca falla. Inclina el rostro sobre un recipiente con agua caliente, c\u00fabrete con una toalla e inhala el vapor durante 5-10 minutos. Puedes a\u00f1adir unas gotas de <strong>aceite esencial bals\u00e1mico<\/strong>.<\/p>\n\n\n\n<h3 class=\"wp-block-heading\">4\/ Evita el tabaco y el alcohol<\/h3>\n\n\n\n<p>Ambos resecan e irritan las mucosas, dificultando la eliminaci\u00f3n de las flemas.<\/p>\n\n\n\n<h3 class=\"wp-block-heading\">5\/ Haz lavados nasales<\/h3>\n\n\n\n<p>Los <strong>sprays de agua de mar o suero fisiol\u00f3gico<\/strong> limpian las v\u00edas respiratorias y reducen la producci\u00f3n de mucosidad.<\/p>\n\n\n\n<h3 class=\"wp-block-heading\">6\/ Descansa y duerme bien<\/h3>\n\n\n\n<p>El cuerpo se repara durante el sue\u00f1o. Un descanso adecuado refuerza el sistema inmunitario y acelera la recuperaci\u00f3n.<\/p>\n\n\n\n<h2 class=\"wp-block-heading\">Cu\u00e1ndo consultar con un m\u00e9dico<\/h2>\n\n\n\n<p>Aunque las flemas suelen ser benignas, hay casos en los que conviene buscar atenci\u00f3n m\u00e9dica:<\/p>\n\n\n\n<ul class=\"wp-block-list\">\n<li>Si duran m\u00e1s de dos semanas.<\/li>\n\n\n\n<li>Si se acompa\u00f1an de fiebre alta o dificultad para respirar.<\/li>\n\n\n\n<li>Si tienen un color verdoso intenso, mal olor o sangre.<\/li>\n\n\n\n<li>Si hay dolor tor\u00e1cico o silbidos al respirar.<\/li>\n<\/ul>\n\n\n<div class=\"kk-star-ratings kksr-auto kksr-align-center kksr-valign-bottom\"\n    data-payload='{&quot;align&quot;:&quot;center&quot;,&quot;id&quot;:&quot;134625&quot;,&quot;slug&quot;:&quot;default&quot;,&quot;valign&quot;:&quot;bottom&quot;,&quot;ignore&quot;:&quot;&quot;,&quot;reference&quot;:&quot;auto&quot;,&quot;class&quot;:&quot;&quot;,&quot;count&quot;:&quot;2&quot;,&quot;legendonly&quot;:&quot;&quot;,&quot;readonly&quot;:&quot;&quot;,&quot;score&quot;:&quot;5&quot;,&quot;starsonly&quot;:&quot;&quot;,&quot;best&quot;:&quot;5&quot;,&quot;gap&quot;:&quot;5&quot;,&quot;greet&quot;:&quot;Valora este art\u00edculo&quot;,&quot;legend&quot;:&quot;5\\\/5 - (2 votos)&quot;,&quot;size&quot;:&quot;24&quot;,&quot;title&quot;:&quot;Por qu\u00e9 tenemos flemas y qu\u00e9 soluciones existen para eliminarlas&quot;,&quot;width&quot;:&quot;142.5&quot;,&quot;_legend&quot;:&quot;{score}\\\/{best} - ({count} {votes})&quot;,&quot;font_factor&quot;:&quot;1.25&quot;}'>\n            \n<div class=\"kksr-stars\">\n    \n<div class=\"kksr-stars-inactive\">\n            <div class=\"kksr-star\" data-star=\"1\" style=\"padding-right: 5px\">\n            \n\n<div class=\"kksr-icon\" style=\"width: 24px; height: 24px;\"><\/div>\n        <\/div>\n            <div class=\"kksr-star\" data-star=\"2\" style=\"padding-right: 5px\">\n            \n\n<div class=\"kksr-icon\" style=\"width: 24px; height: 24px;\"><\/div>\n        <\/div>\n            <div class=\"kksr-star\" data-star=\"3\" style=\"padding-right: 5px\">\n            \n\n<div class=\"kksr-icon\" style=\"width: 24px; height: 24px;\"><\/div>\n        <\/div>\n            <div class=\"kksr-star\" data-star=\"4\" style=\"padding-right: 5px\">\n            \n\n<div class=\"kksr-icon\" style=\"width: 24px; height: 24px;\"><\/div>\n        <\/div>\n            <div class=\"kksr-star\" data-star=\"5\" style=\"padding-right: 5px\">\n            \n\n<div class=\"kksr-icon\" style=\"width: 24px; height: 24px;\"><\/div>\n        <\/div>\n    <\/div>\n    \n<div class=\"kksr-stars-active\" style=\"width: 142.5px;\">\n            <div class=\"kksr-star\" style=\"padding-right: 5px\">\n            \n\n<div class=\"kksr-icon\" style=\"width: 24px; height: 24px;\"><\/div>\n        <\/div>\n            <div class=\"kksr-star\" style=\"padding-right: 5px\">\n            \n\n<div class=\"kksr-icon\" style=\"width: 24px; height: 24px;\"><\/div>\n        <\/div>\n            <div class=\"kksr-star\" style=\"padding-right: 5px\">\n            \n\n<div class=\"kksr-icon\" style=\"width: 24px; height: 24px;\"><\/div>\n        <\/div>\n            <div class=\"kksr-star\" style=\"padding-right: 5px\">\n            \n\n<div class=\"kksr-icon\" style=\"width: 24px; height: 24px;\"><\/div>\n        <\/div>\n            <div class=\"kksr-star\" style=\"padding-right: 5px\">\n            \n\n<div class=\"kksr-icon\" style=\"width: 24px; height: 24px;\"><\/div>\n        <\/div>\n    <\/div>\n<\/div>\n                \n\n<div class=\"kksr-legend\" style=\"font-size: 19.2px;\">\n            5\/5 - (2 votos)    <\/div>\n    <\/div>\n","protected":false},"excerpt":{"rendered":"<p>Pocas cosas resultan tan molestas como esa sensaci\u00f3n de tener la garganta cargada, la voz tomada y el pecho lleno de mucosidad que parece no terminar de salir. Las flemas son una de esas incomodidades tan comunes como inevitables. Aparecen con los resfriados, las alergias, los cambios de estaci\u00f3n o incluso con la contaminaci\u00f3n ambiental. [&hellip;]<\/p>\n","protected":false},"author":14,"featured_media":134644,"comment_status":"closed","ping_status":"closed","sticky":false,"template":"","format":"standard","meta":{"jnews-multi-image_gallery":[],"jnews_single_post":{"format":"standard"},"jnews_primary_category":[],"jnews_social_meta":[],"jnews_override_counter":[],"footnotes":""},"categories":[6321,6299],"tags":[],"class_list":["post-134625","post","type-post","status-publish","format-standard","has-post-thumbnail","hentry","category-banner-home","category-bienestar"],"_links":{"self":[{"href":"https:\/\/www.primor.eu\/blog\/wp-json\/wp\/v2\/posts\/134625","targetHints":{"allow":["GET"]}}],"collection":[{"href":"https:\/\/www.primor.eu\/blog\/wp-json\/wp\/v2\/posts"}],"about":[{"href":"https:\/\/www.primor.eu\/blog\/wp-json\/wp\/v2\/types\/post"}],"author":[{"embeddable":true,"href":"https:\/\/www.primor.eu\/blog\/wp-json\/wp\/v2\/users\/14"}],"replies":[{"embeddable":true,"href":"https:\/\/www.primor.eu\/blog\/wp-json\/wp\/v2\/comments?post=134625"}],"version-history":[{"count":1,"href":"https:\/\/www.primor.eu\/blog\/wp-json\/wp\/v2\/posts\/134625\/revisions"}],"predecessor-version":[{"id":134662,"href":"https:\/\/www.primor.eu\/blog\/wp-json\/wp\/v2\/posts\/134625\/revisions\/134662"}],"wp:featuredmedia":[{"embeddable":true,"href":"https:\/\/www.primor.eu\/blog\/wp-json\/wp\/v2\/media\/134644"}],"wp:attachment":[{"href":"https:\/\/www.primor.eu\/blog\/wp-json\/wp\/v2\/media?parent=134625"}],"wp:term":[{"taxonomy":"category","embeddable":true,"href":"https:\/\/www.primor.eu\/blog\/wp-json\/wp\/v2\/categories?post=134625"},{"taxonomy":"post_tag","embeddable":true,"href":"https:\/\/www.primor.eu\/blog\/wp-json\/wp\/v2\/tags?post=134625"}],"curies":[{"name":"wp","href":"https:\/\/api.w.org\/{rel}","templated":true}]}}