{"id":134058,"date":"2025-11-07T15:41:32","date_gmt":"2025-11-07T15:41:32","guid":{"rendered":"https:\/\/www.primor.eu\/blog\/?p=134058"},"modified":"2025-11-17T08:16:09","modified_gmt":"2025-11-17T08:16:09","slug":"morning-shed","status":"publish","type":"post","link":"https:\/\/www.primor.eu\/blog\/morning-shed\/","title":{"rendered":"Morning shed: los peligros de esta tendencia para nuestra piel"},"content":{"rendered":"\n<p>Durante a\u00f1os, las <a href=\"https:\/\/www.primor.eu\/blog\/mejores-masacarillas-faciales\/\">mascarillas nocturnas<\/a> fueron ese peque\u00f1o lujo que nos permit\u00edamos para despertar con el rostro m\u00e1s luminoso, m\u00e1s descansado, m\u00e1s bonito. Aplic\u00e1bamos una capa generosa, nos \u00edbamos a dormir y esper\u00e1bamos el milagro al d\u00eda siguiente. Pero en la <strong>era de TikTok, <\/strong>eso ya no parece suficiente. Ahora, la belleza del descanso ha mutado en un ritual extremo: dormir envuelta en capas de productos, fajas faciales, cintas tensoras y parches de todos los tama\u00f1os.<\/p>\n\n\n\n<p>La tendencia tiene nombre \u2014y no precisamente tranquilizador\u2014: <strong>morning shed o momificaci\u00f3n nocturna<\/strong>. Lo que comenz\u00f3 como una rutina de autocuidado se ha transformado en uno de los fen\u00f3menos m\u00e1s virales (y preocupantes) del <a href=\"https:\/\/www.primor.eu\/es_es\/rutinas-faciales\">skincare<\/a>.<\/p>\n\n\n\n<h2 class=\"wp-block-heading\">Qu\u00e9 es el morning shed<\/h2>\n\n\n\n<p><strong>El morning shed es una pr\u00e1ctica de belleza<\/strong> que consiste en <strong>aplicar m\u00faltiples capas de productos cosm\u00e9ticos antes de dormir<\/strong>: <a href=\"https:\/\/www.primor.eu\/es_es\/mascarillas-faciales\">mascarillas<\/a>, <a href=\"https:\/\/www.primor.eu\/es_es\/balsamos-desmaquillantes\">b\u00e1lsamos<\/a>, <a href=\"https:\/\/www.primor.eu\/es_es\/aceites-para-el-pelo-y-tratamientos\">aceites<\/a>, parches e incluso cintas faciales que prometen reafirmar el rostro mientras dormimos.<\/p>\n\n\n\n<p>En redes, los v\u00eddeos son hipn\u00f3ticos: pieles brillantes, gadgets de \u00faltima generaci\u00f3n, chicas envueltas en productos que aseguran despertar como un beb\u00e9. Pero detr\u00e1s del brillo y los filtros hay una realidad dermatol\u00f3gica menos glamurosa.<\/p>\n\n\n\n<p>\u201cEste tipo de rutinas son un ejemplo de c\u00f3mo una moda mal entendida puede convertirse en un problema dermatol\u00f3gico serio\u201d, explica <strong>Eduardo Senante<\/strong>, farmac\u00e9utico especializado en cosm\u00e9tica y director de <strong>Farmacia Senante<\/strong>.<\/p>\n\n\n\n<p>El error, se\u00f1ala, est\u00e1 en la creencia de que cuantos m\u00e1s productos uses, mejores ser\u00e1n los resultados. Y no: <strong>la piel no funciona por acumulaci\u00f3n<\/strong>.<\/p>\n\n\n\n<h2 class=\"wp-block-heading\">Qu\u00e9 le pasa realmente a tu piel<\/h2>\n\n\n\n<p>Durante la noche, la piel entra en una fase natural de <strong>regeneraci\u00f3n y oxigenaci\u00f3n celular<\/strong>. Es el momento en que repara los da\u00f1os del d\u00eda, regula su hidrataci\u00f3n y refuerza la barrera cut\u00e1nea. Pero si la cubrimos con capas densas y oclusivas, lo que hacemos es impedir que respire.<\/p>\n\n\n\n<p>\u201cEs como intentar dormir envuelta en pl\u00e1stico\u201d, apunta Senante. Puede sonar exagerado, pero la piel tambi\u00e9n necesita aire. El <strong>resultado<\/strong> de esta pr\u00e1ctica puede ir desde una <strong>piel apagada y sin luminosidad<\/strong>, hasta problemas m\u00e1s serios como <strong>acn\u00e9 cosm\u00e9tico, irritaciones o dermatitis de contacto<\/strong>.<\/p>\n\n\n\n<h2 class=\"wp-block-heading\">Los riesgos de la momificaci\u00f3n nocturna<\/h2>\n\n\n\n<p>Aunque en apariencia se trate de un simple exceso de cremas, el morning shed puede generar una verdadera saturaci\u00f3n cut\u00e1nea. Es decir, la piel se ve sobrecargada de activos que no puede absorber ni procesar correctamente.<\/p>\n\n\n\n<p>Entre los principales efectos secundarios destacan:<\/p>\n\n\n\n<ul class=\"wp-block-list\">\n<li><strong>Alteraci\u00f3n del microbioma cut\u00e1neo<\/strong>, que causa rojeces, picor o descamaci\u00f3n.<\/li>\n\n\n\n<li><strong>Obstrucci\u00f3n de poros y exceso de sebo<\/strong>, especialmente en pieles mixtas o grasas.<\/li>\n\n\n\n<li><strong>Brotes de acn\u00e9 cosm\u00e9tico<\/strong>, por f\u00f3rmulas demasiado pesadas o incompatibles.<\/li>\n\n\n\n<li><strong>Dermatitis de contacto<\/strong>, al combinar productos con alcoholes, perfumes o conservantes irritantes.<\/li>\n\n\n\n<li><strong>P\u00e9rdida de luminosidad<\/strong>, por falta de oxigenaci\u00f3n cut\u00e1nea.<\/li>\n<\/ul>\n\n\n\n<p>En definitiva, el efecto filtro que promete la tendencia termina generando justo lo contrario: <strong>una piel saturada, irritada y sin vida<\/strong>.<\/p>\n\n\n\n<h2 class=\"wp-block-heading\">Hidratar no es lo mismo que ocluir<\/h2>\n\n\n\n<p>\u201cUna de las grandes confusiones detr\u00e1s de esta moda es creer que cubrir la piel con productos equivale a hidratarla. Hidratar es aportar agua y retenerla\u201d, explica Senante. Ocluir, en cambio, significa bloquear la piel bajo una capa que impide que respire.<\/p>\n\n\n\n<p>Activos como la <strong>vaselina o los aceites minerales<\/strong> pueden tener su funci\u00f3n \u2014por ejemplo, en pieles muy secas o zonas puntuales\u2014, pero usarlos de forma continua y generalizada puede ser contraproducente.<\/p>\n\n\n\n<p>El <strong>equilibrio<\/strong>, como siempre, es la <strong>clave<\/strong>. Una buena rutina nocturna no necesita m\u00e1s de tres pasos: limpieza, tratamiento y nutrici\u00f3n. Todo lo dem\u00e1s es exceso, subraya el farmac\u00e9utico.<\/p>\n\n\n<div class=\"kk-star-ratings kksr-auto kksr-align-center kksr-valign-bottom\"\n    data-payload='{&quot;align&quot;:&quot;center&quot;,&quot;id&quot;:&quot;134058&quot;,&quot;slug&quot;:&quot;default&quot;,&quot;valign&quot;:&quot;bottom&quot;,&quot;ignore&quot;:&quot;&quot;,&quot;reference&quot;:&quot;auto&quot;,&quot;class&quot;:&quot;&quot;,&quot;count&quot;:&quot;0&quot;,&quot;legendonly&quot;:&quot;&quot;,&quot;readonly&quot;:&quot;&quot;,&quot;score&quot;:&quot;0&quot;,&quot;starsonly&quot;:&quot;&quot;,&quot;best&quot;:&quot;5&quot;,&quot;gap&quot;:&quot;5&quot;,&quot;greet&quot;:&quot;Valora este art\u00edculo&quot;,&quot;legend&quot;:&quot;0\\\/5 - (0 votos)&quot;,&quot;size&quot;:&quot;24&quot;,&quot;title&quot;:&quot;Morning shed: los peligros de esta tendencia para nuestra piel&quot;,&quot;width&quot;:&quot;0&quot;,&quot;_legend&quot;:&quot;{score}\\\/{best} - ({count} {votes})&quot;,&quot;font_factor&quot;:&quot;1.25&quot;}'>\n            \n<div class=\"kksr-stars\">\n    \n<div class=\"kksr-stars-inactive\">\n            <div class=\"kksr-star\" data-star=\"1\" style=\"padding-right: 5px\">\n            \n\n<div class=\"kksr-icon\" style=\"width: 24px; height: 24px;\"><\/div>\n        <\/div>\n            <div class=\"kksr-star\" data-star=\"2\" style=\"padding-right: 5px\">\n            \n\n<div class=\"kksr-icon\" style=\"width: 24px; height: 24px;\"><\/div>\n        <\/div>\n            <div class=\"kksr-star\" data-star=\"3\" style=\"padding-right: 5px\">\n            \n\n<div class=\"kksr-icon\" style=\"width: 24px; height: 24px;\"><\/div>\n        <\/div>\n            <div class=\"kksr-star\" data-star=\"4\" style=\"padding-right: 5px\">\n            \n\n<div class=\"kksr-icon\" style=\"width: 24px; height: 24px;\"><\/div>\n        <\/div>\n            <div class=\"kksr-star\" data-star=\"5\" style=\"padding-right: 5px\">\n            \n\n<div class=\"kksr-icon\" style=\"width: 24px; height: 24px;\"><\/div>\n        <\/div>\n    <\/div>\n    \n<div class=\"kksr-stars-active\" style=\"width: 0px;\">\n            <div class=\"kksr-star\" style=\"padding-right: 5px\">\n            \n\n<div class=\"kksr-icon\" style=\"width: 24px; height: 24px;\"><\/div>\n        <\/div>\n            <div class=\"kksr-star\" style=\"padding-right: 5px\">\n            \n\n<div class=\"kksr-icon\" style=\"width: 24px; height: 24px;\"><\/div>\n        <\/div>\n            <div class=\"kksr-star\" style=\"padding-right: 5px\">\n            \n\n<div class=\"kksr-icon\" style=\"width: 24px; height: 24px;\"><\/div>\n        <\/div>\n            <div class=\"kksr-star\" style=\"padding-right: 5px\">\n            \n\n<div class=\"kksr-icon\" style=\"width: 24px; height: 24px;\"><\/div>\n        <\/div>\n            <div class=\"kksr-star\" style=\"padding-right: 5px\">\n            \n\n<div class=\"kksr-icon\" style=\"width: 24px; height: 24px;\"><\/div>\n        <\/div>\n    <\/div>\n<\/div>\n                \n\n<div class=\"kksr-legend\" style=\"font-size: 19.2px;\">\n            <span class=\"kksr-muted\">Valora este art\u00edculo<\/span>\n    <\/div>\n    <\/div>\n","protected":false},"excerpt":{"rendered":"<p>Durante a\u00f1os, las mascarillas nocturnas fueron ese peque\u00f1o lujo que nos permit\u00edamos para despertar con el rostro m\u00e1s luminoso, m\u00e1s descansado, m\u00e1s bonito. Aplic\u00e1bamos una capa generosa, nos \u00edbamos a dormir y esper\u00e1bamos el milagro al d\u00eda siguiente. Pero en la era de TikTok, eso ya no parece suficiente. Ahora, la belleza del descanso ha [&hellip;]<\/p>\n","protected":false},"author":14,"featured_media":134059,"comment_status":"closed","ping_status":"closed","sticky":false,"template":"","format":"standard","meta":{"jnews-multi-image_gallery":[],"jnews_single_post":{"format":"standard"},"jnews_primary_category":[],"jnews_social_meta":[],"jnews_override_counter":[],"footnotes":""},"categories":[6321,6316],"tags":[],"class_list":["post-134058","post","type-post","status-publish","format-standard","has-post-thumbnail","hentry","category-banner-home","category-beauty-viral"],"_links":{"self":[{"href":"https:\/\/www.primor.eu\/blog\/wp-json\/wp\/v2\/posts\/134058","targetHints":{"allow":["GET"]}}],"collection":[{"href":"https:\/\/www.primor.eu\/blog\/wp-json\/wp\/v2\/posts"}],"about":[{"href":"https:\/\/www.primor.eu\/blog\/wp-json\/wp\/v2\/types\/post"}],"author":[{"embeddable":true,"href":"https:\/\/www.primor.eu\/blog\/wp-json\/wp\/v2\/users\/14"}],"replies":[{"embeddable":true,"href":"https:\/\/www.primor.eu\/blog\/wp-json\/wp\/v2\/comments?post=134058"}],"version-history":[{"count":2,"href":"https:\/\/www.primor.eu\/blog\/wp-json\/wp\/v2\/posts\/134058\/revisions"}],"predecessor-version":[{"id":134862,"href":"https:\/\/www.primor.eu\/blog\/wp-json\/wp\/v2\/posts\/134058\/revisions\/134862"}],"wp:featuredmedia":[{"embeddable":true,"href":"https:\/\/www.primor.eu\/blog\/wp-json\/wp\/v2\/media\/134059"}],"wp:attachment":[{"href":"https:\/\/www.primor.eu\/blog\/wp-json\/wp\/v2\/media?parent=134058"}],"wp:term":[{"taxonomy":"category","embeddable":true,"href":"https:\/\/www.primor.eu\/blog\/wp-json\/wp\/v2\/categories?post=134058"},{"taxonomy":"post_tag","embeddable":true,"href":"https:\/\/www.primor.eu\/blog\/wp-json\/wp\/v2\/tags?post=134058"}],"curies":[{"name":"wp","href":"https:\/\/api.w.org\/{rel}","templated":true}]}}