{"id":133121,"date":"2025-10-21T09:32:58","date_gmt":"2025-10-21T09:32:58","guid":{"rendered":"https:\/\/www.primor.eu\/blog\/?p=133121"},"modified":"2025-10-11T09:40:35","modified_gmt":"2025-10-11T09:40:35","slug":"jet-lag-facial","status":"publish","type":"post","link":"https:\/\/www.primor.eu\/blog\/jet-lag-facial\/","title":{"rendered":"Jet Lag Facial o c\u00f3mo los viajes afectan a tu rostro"},"content":{"rendered":"\n<p>Cuando viajas largas distancias, no solo tu reloj biol\u00f3gico se desajusta: <strong>tu piel tambi\u00e9n lo nota. <\/strong>Dormir mal, cambiar de clima, pasar horas en un avi\u00f3n y alterar tu rutina de cuidados tiene un impacto directo en tu rostro. A esto se le conoce como <strong>Jet Lag Facial,<\/strong> y s\u00ed, es m\u00e1s habitual de lo que parece.<\/p>\n\n\n\n<p>Ojeras m\u00e1s marcadas, deshidrataci\u00f3n, tono apagado, inflamaci\u00f3n, granitos\u2026 todo esto puede aparecer despu\u00e9s de un vuelo largo o varios d\u00edas de vacaciones sin el cuidado habitual. Pero no hace falta entrar en p\u00e1nico<strong>. Entender c\u00f3mo afectan los viajes a la piel es el primer paso para prevenir y corregir sus efectos.<\/strong><\/p>\n\n\n\n<h2 class=\"wp-block-heading\">\u00bfQu\u00e9 es el Jet Lag Facial?<\/h2>\n\n\n\n<p>El <strong>Jet Lag Facial<\/strong> es un t\u00e9rmino que hace referencia a los <strong>signos visibles<\/strong> que aparecen en el rostro despu\u00e9s de un viaje, especialmente cuando hay cambio de huso horario, alteraciones del sue\u00f1o, clima distinto o exposici\u00f3n prolongada a ambientes cerrados como los aviones.<\/p>\n\n\n\n<p><strong>No es una condici\u00f3n m\u00e9dica,<\/strong> pero s\u00ed una <strong>respuesta real<\/strong> de la piel al <a href=\"https:\/\/www.primor.eu\/blog\/estres-postvacacional\/\">estr\u00e9s<\/a> f\u00edsico y ambiental que conlleva viajar. Y aunque suena pasajero, si no se trata bien, puede dejar secuelas visibles durante varios d\u00edas.<\/p>\n\n\n\n<h2 class=\"wp-block-heading\">\u00bfQu\u00e9 efectos produce en la piel?<\/h2>\n\n\n\n<p>Estos son los cambios m\u00e1s comunes que puedes notar despu\u00e9s de un viaje:<\/p>\n\n\n\n<ul class=\"wp-block-list\">\n<li><strong>Deshidrataci\u00f3n<\/strong>: El aire de los aviones es extremadamente seco. Esto provoca p\u00e9rdida de agua en la piel y hace que se sienta tirante o escamada.<\/li>\n\n\n\n<li><strong>Ojeras y bolsas<\/strong>: Dormir poco o mal (o a deshoras) afecta directamente a la microcirculaci\u00f3n del contorno de ojos.<\/li>\n\n\n\n<li><strong>Piel apagada<\/strong>: La falta de oxigenaci\u00f3n y la exposici\u00f3n a ambientes cerrados apagan el tono natural del rostro.<\/li>\n\n\n\n<li><strong>Inflamaci\u00f3n o hinchaz\u00f3n<\/strong>: Cambios de altitud, retenci\u00f3n de l\u00edquidos y mala alimentaci\u00f3n durante el viaje pueden provocar cara hinchada o p\u00e1rpados inflamados.<\/li>\n\n\n\n<li><strong>Brotes o imperfecciones<\/strong>: Cambiar de agua, usar productos nuevos o saltarse la limpieza facial puede hacer que aparezcan granitos inesperados.<\/li>\n<\/ul>\n\n\n\n<h2 class=\"wp-block-heading\">\u00bfC\u00f3mo prevenirlo antes y durante el viaje?<\/h2>\n\n\n\n<ol class=\"wp-block-list\">\n<li><strong>Hidr\u00e1tate desde dentro y desde fuera. <\/strong>Bebe agua antes, durante y despu\u00e9s del vuelo. En cabina, puedes llevar un mist facial hidratante y reaplicarlo cada pocas horas.<\/li>\n\n\n\n<li><strong>Evita maquillarte para volar.<\/strong> Deja la piel limpia, hidratada y protegida. El maquillaje puede resecar m\u00e1s la piel durante el vuelo.<\/li>\n\n\n\n<li><strong>Lleva contigo lo b\u00e1sico.<\/strong> Un contorno de ojos, una crema rica y un b\u00e1lsamo labial son esenciales para cuidar la piel durante un viaje largo.<\/li>\n\n\n\n<li><strong>Come ligero y evita el alcohol.<\/strong> Las bebidas alcoh\u00f3licas y la comida procesada acent\u00faan la deshidrataci\u00f3n y la retenci\u00f3n de l\u00edquidos.<\/li>\n\n\n\n<li><strong>Duerme si puedes (y si no, prot\u00e9gete).<\/strong> Si no logras dormir bien, usa un antifaz, tapones y una almohada cervical. Y si no descansas, aplica fr\u00edo en el contorno de ojos al llegar para desinflamar.<\/li>\n<\/ol>\n\n\n\n<h2 class=\"wp-block-heading\">\u00bfC\u00f3mo recuperar tu rostro al volver?<\/h2>\n\n\n\n<ol class=\"wp-block-list\">\n<li><strong>Limpieza suave pero efectiva<\/strong>. Empieza con una doble limpieza para eliminar toxinas y restos de sudor, poluci\u00f3n o maquillaje acumulado.<\/li>\n\n\n\n<li><strong>Mascarilla hidratante.<\/strong> Aplica una mascarilla de hidrataci\u00f3n intensiva para restaurar el nivel de agua en la piel. Si es en formato gel y puedes guardarla en la nevera, mejor.<\/li>\n\n\n\n<li><strong>Contorno de ojos con efecto fr\u00edo.<\/strong> Ayuda a desinflamar, mejorar la circulaci\u00f3n y minimizar las ojeras.<\/li>\n\n\n\n<li><strong>Masajes faciales o herramientas como gua sha o rodillo.<\/strong> Estimulan el drenaje linf\u00e1tico y ayudan a desinflamar el rostro. \u00dasalos con tu s\u00e9rum habitual.<\/li>\n\n\n\n<li><strong>Retoma tu rutina de cuidados.<\/strong> Vuelve a tu rutina habitual (limpieza, hidrataci\u00f3n, protecci\u00f3n solar), pero hazlo con productos suaves que no saturen la piel.<\/li>\n<\/ol>\n\n\n<div class=\"kk-star-ratings kksr-auto kksr-align-center kksr-valign-bottom\"\n    data-payload='{&quot;align&quot;:&quot;center&quot;,&quot;id&quot;:&quot;133121&quot;,&quot;slug&quot;:&quot;default&quot;,&quot;valign&quot;:&quot;bottom&quot;,&quot;ignore&quot;:&quot;&quot;,&quot;reference&quot;:&quot;auto&quot;,&quot;class&quot;:&quot;&quot;,&quot;count&quot;:&quot;0&quot;,&quot;legendonly&quot;:&quot;&quot;,&quot;readonly&quot;:&quot;&quot;,&quot;score&quot;:&quot;0&quot;,&quot;starsonly&quot;:&quot;&quot;,&quot;best&quot;:&quot;5&quot;,&quot;gap&quot;:&quot;5&quot;,&quot;greet&quot;:&quot;Valora este art\u00edculo&quot;,&quot;legend&quot;:&quot;0\\\/5 - (0 votos)&quot;,&quot;size&quot;:&quot;24&quot;,&quot;title&quot;:&quot;Jet Lag Facial o c\u00f3mo los viajes afectan a tu rostro&quot;,&quot;width&quot;:&quot;0&quot;,&quot;_legend&quot;:&quot;{score}\\\/{best} - ({count} {votes})&quot;,&quot;font_factor&quot;:&quot;1.25&quot;}'>\n            \n<div class=\"kksr-stars\">\n    \n<div class=\"kksr-stars-inactive\">\n            <div class=\"kksr-star\" data-star=\"1\" style=\"padding-right: 5px\">\n            \n\n<div class=\"kksr-icon\" style=\"width: 24px; height: 24px;\"><\/div>\n        <\/div>\n            <div class=\"kksr-star\" data-star=\"2\" style=\"padding-right: 5px\">\n            \n\n<div class=\"kksr-icon\" style=\"width: 24px; height: 24px;\"><\/div>\n        <\/div>\n            <div class=\"kksr-star\" data-star=\"3\" style=\"padding-right: 5px\">\n            \n\n<div class=\"kksr-icon\" style=\"width: 24px; height: 24px;\"><\/div>\n        <\/div>\n            <div class=\"kksr-star\" data-star=\"4\" style=\"padding-right: 5px\">\n            \n\n<div class=\"kksr-icon\" style=\"width: 24px; height: 24px;\"><\/div>\n        <\/div>\n            <div class=\"kksr-star\" data-star=\"5\" style=\"padding-right: 5px\">\n            \n\n<div class=\"kksr-icon\" style=\"width: 24px; height: 24px;\"><\/div>\n        <\/div>\n    <\/div>\n    \n<div class=\"kksr-stars-active\" style=\"width: 0px;\">\n            <div class=\"kksr-star\" style=\"padding-right: 5px\">\n            \n\n<div class=\"kksr-icon\" style=\"width: 24px; height: 24px;\"><\/div>\n        <\/div>\n            <div class=\"kksr-star\" style=\"padding-right: 5px\">\n            \n\n<div class=\"kksr-icon\" style=\"width: 24px; height: 24px;\"><\/div>\n        <\/div>\n            <div class=\"kksr-star\" style=\"padding-right: 5px\">\n            \n\n<div class=\"kksr-icon\" style=\"width: 24px; height: 24px;\"><\/div>\n        <\/div>\n            <div class=\"kksr-star\" style=\"padding-right: 5px\">\n            \n\n<div class=\"kksr-icon\" style=\"width: 24px; height: 24px;\"><\/div>\n        <\/div>\n            <div class=\"kksr-star\" style=\"padding-right: 5px\">\n            \n\n<div class=\"kksr-icon\" style=\"width: 24px; height: 24px;\"><\/div>\n        <\/div>\n    <\/div>\n<\/div>\n                \n\n<div class=\"kksr-legend\" style=\"font-size: 19.2px;\">\n            <span class=\"kksr-muted\">Valora este art\u00edculo<\/span>\n    <\/div>\n    <\/div>\n","protected":false},"excerpt":{"rendered":"<p>Cuando viajas largas distancias, no solo tu reloj biol\u00f3gico se desajusta: tu piel tambi\u00e9n lo nota. Dormir mal, cambiar de clima, pasar horas en un avi\u00f3n y alterar tu rutina de cuidados tiene un impacto directo en tu rostro. A esto se le conoce como Jet Lag Facial, y s\u00ed, es m\u00e1s habitual de lo [&hellip;]<\/p>\n","protected":false},"author":14,"featured_media":133137,"comment_status":"closed","ping_status":"closed","sticky":false,"template":"","format":"standard","meta":{"jnews-multi-image_gallery":[],"jnews_single_post":{"format":"standard"},"jnews_primary_category":[],"jnews_social_meta":[],"jnews_override_counter":[],"footnotes":""},"categories":[29],"tags":[],"class_list":["post-133121","post","type-post","status-publish","format-standard","has-post-thumbnail","hentry","category-cosmetica"],"_links":{"self":[{"href":"https:\/\/www.primor.eu\/blog\/wp-json\/wp\/v2\/posts\/133121","targetHints":{"allow":["GET"]}}],"collection":[{"href":"https:\/\/www.primor.eu\/blog\/wp-json\/wp\/v2\/posts"}],"about":[{"href":"https:\/\/www.primor.eu\/blog\/wp-json\/wp\/v2\/types\/post"}],"author":[{"embeddable":true,"href":"https:\/\/www.primor.eu\/blog\/wp-json\/wp\/v2\/users\/14"}],"replies":[{"embeddable":true,"href":"https:\/\/www.primor.eu\/blog\/wp-json\/wp\/v2\/comments?post=133121"}],"version-history":[{"count":1,"href":"https:\/\/www.primor.eu\/blog\/wp-json\/wp\/v2\/posts\/133121\/revisions"}],"predecessor-version":[{"id":133146,"href":"https:\/\/www.primor.eu\/blog\/wp-json\/wp\/v2\/posts\/133121\/revisions\/133146"}],"wp:featuredmedia":[{"embeddable":true,"href":"https:\/\/www.primor.eu\/blog\/wp-json\/wp\/v2\/media\/133137"}],"wp:attachment":[{"href":"https:\/\/www.primor.eu\/blog\/wp-json\/wp\/v2\/media?parent=133121"}],"wp:term":[{"taxonomy":"category","embeddable":true,"href":"https:\/\/www.primor.eu\/blog\/wp-json\/wp\/v2\/categories?post=133121"},{"taxonomy":"post_tag","embeddable":true,"href":"https:\/\/www.primor.eu\/blog\/wp-json\/wp\/v2\/tags?post=133121"}],"curies":[{"name":"wp","href":"https:\/\/api.w.org\/{rel}","templated":true}]}}