{"id":133046,"date":"2026-02-03T16:27:46","date_gmt":"2026-02-03T16:27:46","guid":{"rendered":"https:\/\/www.primor.eu\/blog\/?p=133046"},"modified":"2026-02-03T16:27:48","modified_gmt":"2026-02-03T16:27:48","slug":"consejos-productos-cuidado-manos-unas-quimio","status":"publish","type":"post","link":"https:\/\/www.primor.eu\/blog\/consejos-productos-cuidado-manos-unas-quimio\/","title":{"rendered":"Cuida tus manos durante la quimio: los mejores consejos y productos"},"content":{"rendered":"\n<p>Durante un tratamiento de <a href=\"https:\/\/www.primor.eu\/blog\/quimioterapia-efectos-secundarios-menos-conocidos\/\">quimioterapia<\/a>, el cuerpo entero se ve afectado. Pero hay zonas que, aunque pasen desapercibidas al principio, acaban mostrando los efectos m\u00e1s visibles del proceso. Las <strong><a href=\"https:\/\/www.primor.eu\/es_es\/?query=crema%20manos&amp;scroll=6xs04402\" data-type=\"link\" data-id=\"https:\/\/www.primor.eu\/es_es\/?query=crema%20manos&amp;scroll=6xs04402\">manos<\/a><\/strong> y las <strong><a href=\"https:\/\/www.primor.eu\/es_es\/?query=serum%20u%C3%B1as&amp;scroll=129617-es\" data-type=\"link\" data-id=\"https:\/\/www.primor.eu\/es_es\/?query=serum%20u%C3%B1as&amp;scroll=129617-es\">u\u00f1as<\/a><\/strong> est\u00e1n entre las m\u00e1s afectadas: sequedad, grietas, u\u00f1as fr\u00e1giles, sensibilidad extrema, cambios de color e incluso peque\u00f1as heridas pueden convertirse en parte del d\u00eda a d\u00eda.<\/p>\n\n\n\n<p>Esto no tiene por qu\u00e9 ser as\u00ed. Con los cuidados adecuados y los productos correctos, es posible mantener esta zona protegida, hidratada y cuidada sin generar molestias adicionales. No se trata de una cuesti\u00f3n est\u00e9tica, sino de salud. La piel de las manos se vuelve m\u00e1s vulnerable y la <strong>barrera cut\u00e1nea necesita refuerzo constante.<\/strong> En este art\u00edculo de Primor te contamos todo lo que tienes que saber.<\/p>\n\n\n\n<h2 class=\"wp-block-heading\">\u00bfQu\u00e9 le pasa a la piel de las manos y las u\u00f1as durante la quimioterapia?<\/h2>\n\n\n\n<p>La quimio puede provocar:<\/p>\n\n\n\n<ul class=\"wp-block-list\">\n<li>Sequedad extrema y descamaci\u00f3n.<\/li>\n\n\n\n<li>U\u00f1as quebradizas o que se rompen con facilidad.<\/li>\n\n\n\n<li>Cambio de color en las u\u00f1as (oscurecimiento o manchas).<\/li>\n\n\n\n<li>Dolor o sensibilidad al tacto.<\/li>\n\n\n\n<li>Aparici\u00f3n de padrastros o peque\u00f1as heridas.<\/li>\n<\/ul>\n\n\n\n<p>Todo esto puede complicarse si no se cuida correctamente. Las infecciones, por ejemplo, son m\u00e1s comunes cuando la piel est\u00e1 abierta o da\u00f1ada, y durante la quimio el sistema inmune est\u00e1 m\u00e1s d\u00e9bil. Por eso, m\u00e1s all\u00e1 de la cosm\u00e9tica, el cuidado de manos y u\u00f1as es un acto de prevenci\u00f3n.<\/p>\n\n\n\n<h2 class=\"wp-block-heading\">Consejos para cuidar manos y u\u00f1as durante la quimio<\/h2>\n\n\n\n<ol class=\"wp-block-list\">\n<li><strong>Hidrataci\u00f3n constante<\/strong>. Aplica una crema de manos nutritiva varias veces al d\u00eda, especialmente despu\u00e9s de lav\u00e1rtelas. Busca f\u00f3rmulas sin perfume, con ingredientes calmantes como manteca de karit\u00e9, pantenol o alanto\u00edna.<\/li>\n\n\n\n<li><strong>Evita productos agresivos.<\/strong> No uses geles hidroalcoh\u00f3licos con frecuencia. Opta por jabones suaves, sin sulfatos, y evita temperaturas muy altas en el agua.<\/li>\n\n\n\n<li><strong>Protecci\u00f3n ante todo.<\/strong> Utiliza guantes de algod\u00f3n al dormir si aplicas una crema intensiva de noche, y guantes de goma para tareas del hogar o si vas a estar en contacto con productos de limpieza.<\/li>\n\n\n\n<li><strong>Cuidado de u\u00f1as<\/strong>.C\u00f3rtalas cortas y rectas, sin limarlas en exceso. Usa limas de cart\u00f3n y no de metal. Evita manicuras agresivas y esmaltes con qu\u00edmicos fuertes.<\/li>\n\n\n\n<li><strong>No te olvides de las cut\u00edculas. <\/strong>En lugar de cortarlas, hidr\u00e1talas con aceites espec\u00edficos. Ayudan a reforzar la barrera de la u\u00f1a y evitan infecciones.<\/li>\n<\/ol>\n\n\n\n<h2 class=\"wp-block-heading\">Productos para el cuidado de manos si tienes quimio<\/h2>\n\n\n        <product-table class=\"pr-slider\">\r\n            <product-headers class=\"grid-table-rows\">\r\n                <div>Foto<\/div>\r\n                <div>Producto<\/div>\r\n                <div>Marca<\/div>\r\n                <div>Valoraciones<\/div>\r\n                <div>Precio<\/div>\r\n            <\/product-headers>\r\n\r\n            <product-list>\r\n                                    <a href=\"https:\/\/www.primor.eu\/es_es\/la-roche-posay-cicaplast-manos-11969.html\" class=\"product-item grid-table-rows\" target=\"_blank\">\r\n                        <div>\r\n                            <img decoding=\"async\" class=\"product-img\" width=\"80px\" height=\"80px\" src=\"https:\/\/cdn2.primor.eu\/media\/catalog\/product\/cache\/8d3aba296f7a18b5251ee30fa5db42b2\/3\/3\/3337872414145_2c9f.jpg\" alt=\"Cicaplast Manos\">\r\n                        <\/div>\r\n\r\n                        <!-- Contenido de producto  -->\r\n                        <div>\r\n                            <div class=\"product-position\">\r\n                                #1 Top Ventas                            <\/div>\r\n\r\n                            <h2>\r\n                                Cicaplast Manos                            <\/h2>\r\n                        <\/div>\r\n\r\n                        <!-- Imagen y\/o nombre de la marca -->\r\n                        <div>\r\n                                                            <img decoding=\"async\" width=\"70\" src=\"https:\/\/www.primor.eu\/media\/catalog\/category\/la-roche-posay.png\" alt=\"\">\r\n                                                    <\/div>\r\n\r\n                        <!-- Puntuaci\u00f3n del producto  -->\r\n                        <div class=\"rating\">\r\n                                                            <div class=\"rate\" style=\"--p:96;\"><\/div>\r\n                                <b>4.8\/5<\/b>\r\n                                <div class=\"rate-stars\">\r\n                                                                            <div\r\n                                            class=\"rate-star  \">\r\n                                        <\/div>\r\n                                                                            <div\r\n                                            class=\"rate-star  \">\r\n                                        <\/div>\r\n                                                                            <div\r\n                                            class=\"rate-star  \">\r\n                                        <\/div>\r\n                                                                            <div\r\n                                            class=\"rate-star  \">\r\n                                        <\/div>\r\n                                                                            <div\r\n                                            class=\"rate-star  \">\r\n                                        <\/div>\r\n                                                                    <\/div>\r\n                                                    <\/div>\r\n\r\n                        <!-- Bot\u00f3n de producto  -->\r\n                        <div>\r\n                            <span class=\"price-claim\">\r\n                                VER PRECIO                            <\/span>\r\n                        <\/div>\r\n                    <\/a>\r\n                                    <a href=\"https:\/\/www.primor.eu\/es_es\/neutrogena-crema-de-manos-sin-perfume-11930.html\" class=\"product-item grid-table-rows\" target=\"_blank\">\r\n                        <div>\r\n                            <img decoding=\"async\" class=\"product-img\" width=\"80px\" height=\"80px\" src=\"https:\/\/cdn2.primor.eu\/media\/catalog\/product\/cache\/8d3aba296f7a18b5251ee30fa5db42b2\/6\/X\/6XS03643_1_ac65.jpg\" alt=\"Crema de Manos Concentrada Reparadora sin Perfume\">\r\n                        <\/div>\r\n\r\n                        <!-- Contenido de producto  -->\r\n                        <div>\r\n                            <div class=\"product-position\">\r\n                                #2                            <\/div>\r\n\r\n                            <h2>\r\n                                Crema de Manos Concentrada Reparadora sin Perfume                            <\/h2>\r\n                        <\/div>\r\n\r\n                        <!-- Imagen y\/o nombre de la marca -->\r\n                        <div>\r\n                                                            <img decoding=\"async\" width=\"70\" src=\"https:\/\/www.primor.eu\/media\/catalog\/category\/Neutrogena.jpg\" alt=\"\">\r\n                                                    <\/div>\r\n\r\n                        <!-- Puntuaci\u00f3n del producto  -->\r\n                        <div class=\"rating\">\r\n                                                            <div class=\"rate\" style=\"--p:96;\"><\/div>\r\n                                <b>4.8\/5<\/b>\r\n                                <div class=\"rate-stars\">\r\n                                                                            <div\r\n                                            class=\"rate-star  \">\r\n                                        <\/div>\r\n                                                                            <div\r\n                                            class=\"rate-star  \">\r\n                                        <\/div>\r\n                                                                            <div\r\n                                            class=\"rate-star  \">\r\n                                        <\/div>\r\n                                                                            <div\r\n                                            class=\"rate-star  \">\r\n                                        <\/div>\r\n                                                                            <div\r\n                                            class=\"rate-star  \">\r\n                                        <\/div>\r\n                                                                    <\/div>\r\n                                                    <\/div>\r\n\r\n                        <!-- Bot\u00f3n de producto  -->\r\n                        <div>\r\n                            <span class=\"price-claim\">\r\n                                VER PRECIO                            <\/span>\r\n                        <\/div>\r\n                    <\/a>\r\n                                    <a href=\"https:\/\/www.primor.eu\/es_es\/eucerin-urearepair-plus-crema-de-manos-5-urea-106139.html?#863=67191\" class=\"product-item grid-table-rows\" target=\"_blank\">\r\n                        <div>\r\n                            <img decoding=\"async\" class=\"product-img\" width=\"80px\" height=\"80px\" src=\"https:\/\/cdn2.primor.eu\/media\/catalog\/product\/cache\/8d3aba296f7a18b5251ee30fa5db42b2\/4\/0\/4005800164330__001_4685.png\" alt=\"UreaRepair Plus Crema de Manos 5% Urea\">\r\n                        <\/div>\r\n\r\n                        <!-- Contenido de producto  -->\r\n                        <div>\r\n                            <div class=\"product-position\">\r\n                                #3                            <\/div>\r\n\r\n                            <h2>\r\n                                UreaRepair Plus Crema de Manos 5% Urea                            <\/h2>\r\n                        <\/div>\r\n\r\n                        <!-- Imagen y\/o nombre de la marca -->\r\n                        <div>\r\n                                                            <img decoding=\"async\" width=\"70\" src=\"https:\/\/www.primor.eu\/media\/catalog\/category\/Eucerin_Logo_RGB-eCom515x515_72dpi.jpg\" alt=\"Eucerin\">\r\n                                                    <\/div>\r\n\r\n                        <!-- Puntuaci\u00f3n del producto  -->\r\n                        <div class=\"rating\">\r\n                                                            <div class=\"rate\" style=\"--p:98;\"><\/div>\r\n                                <b>4.9\/5<\/b>\r\n                                <div class=\"rate-stars\">\r\n                                                                            <div\r\n                                            class=\"rate-star  \">\r\n                                        <\/div>\r\n                                                                            <div\r\n                                            class=\"rate-star  \">\r\n                                        <\/div>\r\n                                                                            <div\r\n                                            class=\"rate-star  \">\r\n                                        <\/div>\r\n                                                                            <div\r\n                                            class=\"rate-star  \">\r\n                                        <\/div>\r\n                                                                            <div\r\n                                            class=\"rate-star  \">\r\n                                        <\/div>\r\n                                                                    <\/div>\r\n                                                    <\/div>\r\n\r\n                        <!-- Bot\u00f3n de producto  -->\r\n                        <div>\r\n                            <span class=\"price-claim\">\r\n                                VER PRECIO                            <\/span>\r\n                        <\/div>\r\n                    <\/a>\r\n                                    <a href=\"https:\/\/www.primor.eu\/es_es\/arganour-aceite-de-almendras-dulces-14661.html\" class=\"product-item grid-table-rows\" target=\"_blank\">\r\n                        <div>\r\n                            <img decoding=\"async\" class=\"product-img\" width=\"80px\" height=\"80px\" src=\"https:\/\/cdn2.primor.eu\/media\/catalog\/product\/cache\/8d3aba296f7a18b5251ee30fa5db42b2\/8\/4\/8435438600072_Aceite_almendras_dulces_Arganour_ac8e.png\" alt=\"Aceite de Almendras Dulces\">\r\n                        <\/div>\r\n\r\n                        <!-- Contenido de producto  -->\r\n                        <div>\r\n                            <div class=\"product-position\">\r\n                                #4                            <\/div>\r\n\r\n                            <h2>\r\n                                Aceite de Almendras Dulces                            <\/h2>\r\n                        <\/div>\r\n\r\n                        <!-- Imagen y\/o nombre de la marca -->\r\n                        <div>\r\n                                                            <img decoding=\"async\" width=\"70\" src=\"https:\/\/www.primor.eu\/media\/catalog\/category\/arganour.jpg\" alt=\"\">\r\n                                                    <\/div>\r\n\r\n                        <!-- Puntuaci\u00f3n del producto  -->\r\n                        <div class=\"rating\">\r\n                                                            <div class=\"rate\" style=\"--p:96;\"><\/div>\r\n                                <b>4.8\/5<\/b>\r\n                                <div class=\"rate-stars\">\r\n                                                                            <div\r\n                                            class=\"rate-star  \">\r\n                                        <\/div>\r\n                                                                            <div\r\n                                            class=\"rate-star  \">\r\n                                        <\/div>\r\n                                                                            <div\r\n                                            class=\"rate-star  \">\r\n                                        <\/div>\r\n                                                                            <div\r\n                                            class=\"rate-star  \">\r\n                                        <\/div>\r\n                                                                            <div\r\n                                            class=\"rate-star  \">\r\n                                        <\/div>\r\n                                                                    <\/div>\r\n                                                    <\/div>\r\n\r\n                        <!-- Bot\u00f3n de producto  -->\r\n                        <div>\r\n                            <span class=\"price-claim\">\r\n                                VER PRECIO                            <\/span>\r\n                        <\/div>\r\n                    <\/a>\r\n                                    <a href=\"https:\/\/www.primor.eu\/es_es\/biotherm-biomains-crema-de-manos-105941.html?#854=66333\" class=\"product-item grid-table-rows\" target=\"_blank\">\r\n                        <div>\r\n                            <img decoding=\"async\" class=\"product-img\" width=\"80px\" height=\"80px\" src=\"https:\/\/cdn2.primor.eu\/media\/catalog\/product\/cache\/8d3aba296f7a18b5251ee30fa5db42b2\/3\/8\/38577_9d22.jpg\" alt=\"Biomains Crema de Manos\">\r\n                        <\/div>\r\n\r\n                        <!-- Contenido de producto  -->\r\n                        <div>\r\n                            <div class=\"product-position\">\r\n                                #5                            <\/div>\r\n\r\n                            <h2>\r\n                                Biomains Crema de Manos                            <\/h2>\r\n                        <\/div>\r\n\r\n                        <!-- Imagen y\/o nombre de la marca -->\r\n                        <div>\r\n                                                            <img decoding=\"async\" width=\"70\" src=\"https:\/\/www.primor.eu\/media\/catalog\/category\/biotherm.png\" alt=\"Biotherm\">\r\n                                                    <\/div>\r\n\r\n                        <!-- Puntuaci\u00f3n del producto  -->\r\n                        <div class=\"rating\">\r\n                                                            <div class=\"rate\" style=\"--p:100;\"><\/div>\r\n                                <b>5\/5<\/b>\r\n                                <div class=\"rate-stars\">\r\n                                                                            <div\r\n                                            class=\"rate-star  \">\r\n                                        <\/div>\r\n                                                                            <div\r\n                                            class=\"rate-star  \">\r\n                                        <\/div>\r\n                                                                            <div\r\n                                            class=\"rate-star  \">\r\n                                        <\/div>\r\n                                                                            <div\r\n                                            class=\"rate-star  \">\r\n                                        <\/div>\r\n                                                                            <div\r\n                                            class=\"rate-star  \">\r\n                                        <\/div>\r\n                                                                    <\/div>\r\n                                                    <\/div>\r\n\r\n                        <!-- Bot\u00f3n de producto  -->\r\n                        <div>\r\n                            <span class=\"price-claim\">\r\n                                VER PRECIO                            <\/span>\r\n                        <\/div>\r\n                    <\/a>\r\n                            <\/product-list>\r\n        <\/product-table>\r\n\r\n        \n\n\n\n<h3 class=\"wp-block-heading\">Cicaplast Mains de La Roche-Posay<\/h3>\n\n\n\n<p>Una de las cremas de manos m\u00e1s completas para pieles sensibilizadas. Rica en niacinamida, calma, repara y protege sin dejar sensaci\u00f3n grasa. Se absorbe r\u00e1pido y forma una barrera que protege frente a agresiones externas.<\/p>\n\n\n    <a class='product' target='_blank' href='https:\/\/www.primor.eu\/es_es\/la-roche-posay-cicaplast-manos-11969.html'>\r\n        <img loading='async' src='https:\/\/cdn2.primor.eu\/media\/catalog\/product\/cache\/8d3aba296f7a18b5251ee30fa5db42b2\/3\/3\/3337872414145_2c9f.jpg' alt='COMPRAR AHORA'>\r\n            <div class=\"claim\">\r\n                COMPRAR AHORA            <\/div>\r\n        <\/a>\r\n    \n\n\n<h3 class=\"wp-block-heading\">Neutrogena Crema de Manos Concentrada Sin Perfume<\/h3>\n\n\n\n<p>Un cl\u00e1sico recomendado por dermat\u00f3logos. Su f\u00f3rmula concentrada proporciona un alivio inmediato para la sequedad severa. Ideal para llevar en el bolso y usar varias veces al d\u00eda.<\/p>\n\n\n    <a class='product' target='_blank' href='https:\/\/www.primor.eu\/es_es\/neutrogena-crema-de-manos-sin-perfume-11930.html'>\r\n        <img loading='async' src='https:\/\/cdn2.primor.eu\/media\/catalog\/product\/cache\/8d3aba296f7a18b5251ee30fa5db42b2\/6\/X\/6XS03643_1_ac65.jpg' alt='COMPRAR AHORA'>\r\n            <div class=\"claim\">\r\n                COMPRAR AHORA            <\/div>\r\n        <\/a>\r\n    \n\n\n<h3 class=\"wp-block-heading\">Eucerin UreaRepair Plus 5% Urea<\/h3>\n\n\n\n<p>No es solo para las manos: puede usarse en zonas con descamaci\u00f3n o rugosidad extrema. Su f\u00f3rmula con urea hidrata en profundidad sin irritar, ideal para pieles muy resecas por los tratamientos m\u00e9dicos.<\/p>\n\n\n    <a class='product' target='_blank' href='https:\/\/www.primor.eu\/es_es\/eucerin-urearepair-plus-crema-de-manos-5-urea-106139.html?#863=67191'>\r\n        <img loading='async' src='https:\/\/cdn2.primor.eu\/media\/catalog\/product\/cache\/8d3aba296f7a18b5251ee30fa5db42b2\/4\/0\/4005800164330__001_4685.png' alt='COMPRAR AHORA'>\r\n            <div class=\"claim\">\r\n                COMPRAR AHORA            <\/div>\r\n        <\/a>\r\n    \n\n\n<h3 class=\"wp-block-heading\">Aceite de almendras puro<\/h3>\n\n\n\n<p>Un b\u00e1sico. Apl\u00edcalo directamente en u\u00f1as y cut\u00edculas para nutrir, proteger y fortalecer. Es un aceite natural y suave, perfecto para quienes prefieren opciones m\u00e1s sencillas.<\/p>\n\n\n    <a class='product' target='_blank' href='https:\/\/www.primor.eu\/es_es\/arganour-aceite-de-almendras-dulces-14661.html'>\r\n        <img loading='async' src='https:\/\/cdn2.primor.eu\/media\/catalog\/product\/cache\/8d3aba296f7a18b5251ee30fa5db42b2\/8\/4\/8435438600072_Aceite_almendras_dulces_Arganour_ac8e.png' alt='COMPRAR AHORA'>\r\n            <div class=\"claim\">\r\n                COMPRAR AHORA            <\/div>\r\n        <\/a>\r\n    \n\n\n<h3 class=\"wp-block-heading\">Biomains Crema de Manos de Biotherm<\/h3>\n\n\n\n<p>\u00a0Es un tratamiento Anti-edad SPF15 para manos y u\u00f1as \u00a1Un velo protector para las manos!<\/p>\n\n\n\n<p>Protege la piel contra la aparici\u00f3n de signos de edad:<\/p>\n\n\n\n<ul class=\"wp-block-list\">\n<li>Previene el envejecimiento y la aparici\u00f3n de manchas oscuras gracias a los filtros UV (Mexoryl SX y XL - SPF 15) combinados con un Sistema anti-radicales libres.<\/li>\n\n\n\n<li>Difumina las manchas existentes (vitamina C).<\/li>\n\n\n\n<li>Nutre intensamente las manos gracias a los agentes hidratantes y a una aportaci\u00f3n de \u00e1cidos grasos esenciales.<\/li>\n\n\n\n<li>Fortifica las u\u00f1as.<\/li>\n\n\n\n<li>El Plancton Termal Puro de la f\u00f3rmula estimula la regeneraci\u00f3n celular.<\/li>\n<\/ul>\n\n\n    <a class='product' target='_blank' href='https:\/\/www.primor.eu\/es_es\/biotherm-biomains-crema-de-manos-105941.html?#854=66333'>\r\n        <img loading='async' src='https:\/\/cdn2.primor.eu\/media\/catalog\/product\/cache\/8d3aba296f7a18b5251ee30fa5db42b2\/3\/8\/38577_9d22.jpg' alt='COMPRAR AHORA'>\r\n            <div class=\"claim\">\r\n                COMPRAR AHORA            <\/div>\r\n        <\/a>\r\n    \n\n<div class=\"kk-star-ratings kksr-auto kksr-align-center kksr-valign-bottom\"\n    data-payload='{&quot;align&quot;:&quot;center&quot;,&quot;id&quot;:&quot;133046&quot;,&quot;slug&quot;:&quot;default&quot;,&quot;valign&quot;:&quot;bottom&quot;,&quot;ignore&quot;:&quot;&quot;,&quot;reference&quot;:&quot;auto&quot;,&quot;class&quot;:&quot;&quot;,&quot;count&quot;:&quot;0&quot;,&quot;legendonly&quot;:&quot;&quot;,&quot;readonly&quot;:&quot;&quot;,&quot;score&quot;:&quot;0&quot;,&quot;starsonly&quot;:&quot;&quot;,&quot;best&quot;:&quot;5&quot;,&quot;gap&quot;:&quot;5&quot;,&quot;greet&quot;:&quot;Valora este art\u00edculo&quot;,&quot;legend&quot;:&quot;0\\\/5 - (0 votos)&quot;,&quot;size&quot;:&quot;24&quot;,&quot;title&quot;:&quot;Cuida tus manos durante la quimio: los mejores consejos y productos&quot;,&quot;width&quot;:&quot;0&quot;,&quot;_legend&quot;:&quot;{score}\\\/{best} - ({count} {votes})&quot;,&quot;font_factor&quot;:&quot;1.25&quot;}'>\n            \n<div class=\"kksr-stars\">\n    \n<div class=\"kksr-stars-inactive\">\n            <div class=\"kksr-star\" data-star=\"1\" style=\"padding-right: 5px\">\n            \n\n<div class=\"kksr-icon\" style=\"width: 24px; height: 24px;\"><\/div>\n        <\/div>\n            <div class=\"kksr-star\" data-star=\"2\" style=\"padding-right: 5px\">\n            \n\n<div class=\"kksr-icon\" style=\"width: 24px; height: 24px;\"><\/div>\n        <\/div>\n            <div class=\"kksr-star\" data-star=\"3\" style=\"padding-right: 5px\">\n            \n\n<div class=\"kksr-icon\" style=\"width: 24px; height: 24px;\"><\/div>\n        <\/div>\n            <div class=\"kksr-star\" data-star=\"4\" style=\"padding-right: 5px\">\n            \n\n<div class=\"kksr-icon\" style=\"width: 24px; height: 24px;\"><\/div>\n        <\/div>\n            <div class=\"kksr-star\" data-star=\"5\" style=\"padding-right: 5px\">\n            \n\n<div class=\"kksr-icon\" style=\"width: 24px; height: 24px;\"><\/div>\n        <\/div>\n    <\/div>\n    \n<div class=\"kksr-stars-active\" style=\"width: 0px;\">\n            <div class=\"kksr-star\" style=\"padding-right: 5px\">\n            \n\n<div class=\"kksr-icon\" style=\"width: 24px; height: 24px;\"><\/div>\n        <\/div>\n            <div class=\"kksr-star\" style=\"padding-right: 5px\">\n            \n\n<div class=\"kksr-icon\" style=\"width: 24px; height: 24px;\"><\/div>\n        <\/div>\n            <div class=\"kksr-star\" style=\"padding-right: 5px\">\n            \n\n<div class=\"kksr-icon\" style=\"width: 24px; height: 24px;\"><\/div>\n        <\/div>\n            <div class=\"kksr-star\" style=\"padding-right: 5px\">\n            \n\n<div class=\"kksr-icon\" style=\"width: 24px; height: 24px;\"><\/div>\n        <\/div>\n            <div class=\"kksr-star\" style=\"padding-right: 5px\">\n            \n\n<div class=\"kksr-icon\" style=\"width: 24px; height: 24px;\"><\/div>\n        <\/div>\n    <\/div>\n<\/div>\n                \n\n<div class=\"kksr-legend\" style=\"font-size: 19.2px;\">\n            <span class=\"kksr-muted\">Valora este art\u00edculo<\/span>\n    <\/div>\n    <\/div>\n","protected":false},"excerpt":{"rendered":"<p>Durante un tratamiento de quimioterapia, el cuerpo entero se ve afectado. Pero hay zonas que, aunque pasen desapercibidas al principio, acaban mostrando los efectos m\u00e1s visibles del proceso. Las manos y las u\u00f1as est\u00e1n entre las m\u00e1s afectadas: sequedad, grietas, u\u00f1as fr\u00e1giles, sensibilidad extrema, cambios de color e incluso peque\u00f1as heridas pueden convertirse en parte [&hellip;]<\/p>\n","protected":false},"author":14,"featured_media":133078,"comment_status":"closed","ping_status":"closed","sticky":false,"template":"","format":"standard","meta":{"jnews-multi-image_gallery":[],"jnews_single_post":{"format":"standard"},"jnews_primary_category":[],"jnews_social_meta":[],"jnews_override_counter":[],"footnotes":""},"categories":[29],"tags":[],"class_list":["post-133046","post","type-post","status-publish","format-standard","has-post-thumbnail","hentry","category-cosmetica"],"_links":{"self":[{"href":"https:\/\/www.primor.eu\/blog\/wp-json\/wp\/v2\/posts\/133046","targetHints":{"allow":["GET"]}}],"collection":[{"href":"https:\/\/www.primor.eu\/blog\/wp-json\/wp\/v2\/posts"}],"about":[{"href":"https:\/\/www.primor.eu\/blog\/wp-json\/wp\/v2\/types\/post"}],"author":[{"embeddable":true,"href":"https:\/\/www.primor.eu\/blog\/wp-json\/wp\/v2\/users\/14"}],"replies":[{"embeddable":true,"href":"https:\/\/www.primor.eu\/blog\/wp-json\/wp\/v2\/comments?post=133046"}],"version-history":[{"count":3,"href":"https:\/\/www.primor.eu\/blog\/wp-json\/wp\/v2\/posts\/133046\/revisions"}],"predecessor-version":[{"id":138611,"href":"https:\/\/www.primor.eu\/blog\/wp-json\/wp\/v2\/posts\/133046\/revisions\/138611"}],"wp:featuredmedia":[{"embeddable":true,"href":"https:\/\/www.primor.eu\/blog\/wp-json\/wp\/v2\/media\/133078"}],"wp:attachment":[{"href":"https:\/\/www.primor.eu\/blog\/wp-json\/wp\/v2\/media?parent=133046"}],"wp:term":[{"taxonomy":"category","embeddable":true,"href":"https:\/\/www.primor.eu\/blog\/wp-json\/wp\/v2\/categories?post=133046"},{"taxonomy":"post_tag","embeddable":true,"href":"https:\/\/www.primor.eu\/blog\/wp-json\/wp\/v2\/tags?post=133046"}],"curies":[{"name":"wp","href":"https:\/\/api.w.org\/{rel}","templated":true}]}}