{"id":13281,"date":"2021-01-04T23:28:25","date_gmt":"2021-01-04T23:28:25","guid":{"rendered":"https:\/\/blog.primor.eu\/?p=13281"},"modified":"2025-06-30T05:53:38","modified_gmt":"2025-06-30T05:53:38","slug":"los-labiales-carla-barber-en-marie-claire","status":"publish","type":"post","link":"https:\/\/www.primor.eu\/blog\/los-labiales-carla-barber-en-marie-claire\/","title":{"rendered":"Los labiales Carla Barber \u00a1en Marie Claire!"},"content":{"rendered":"\n<p>El lanzamiento de los <strong><a href=\"https:\/\/www.primor.eu\/es_es\/dra-carla-barber-lips-extreme-voluminizadores-de-labios-dra-carla-barber-47610.html\">Lips Extreme Voluminizadores de Labios Dra Carla Barber<\/a><\/strong> ha sido un \u00e9xito rotundo ?? y medios de gran renombre como Marie Claire se han hecho eco de ello: <a href=\"https:\/\/www.marie-claire.es\/belleza\/maquillaje\/articulo\/labial-grosor-labios-191608748727\" target=\"_blank\" rel=\"noopener\">El labial de Carla Barber que aumenta el grosor de los labios de manera inmediata<\/a> ??<\/p>\n\n\n\n<div class=\"wp-block-image\"><figure class=\"aligncenter size-large\"><a href=\"https:\/\/www.primor.eu\/blog\/wp-content\/uploads\/2021\/01\/CARLA-1.jpg\"><img decoding=\"async\" src=\"\/wp-content\/uploads\/2021\/01\/CARLA-1.jpg\" alt=\"\" class=\"wp-image-13287\"\/><\/a><\/figure><\/div>\n\n\n\n<p>\u00bfQu\u00e9 tienen estos <strong>labiales Carla Barber<\/strong> de los que todo el mundo habla? Son unos <strong>gloss que aportan volumen<\/strong> a tus labios de forma instant\u00e1nea y desde la primera aplicaci\u00f3n.<\/p>\n\n\n\n<p>\u00bfC\u00f3mo consiguen los <strong>labiales Carla Barber <\/strong>que tengamos unos<strong> labios carnosos<\/strong>? Gracias a sus ingredientes activos y su f\u00f3rmula innovadora, libre de parabenos y sulfatos.  <\/p>\n\n\n\n<div class=\"wp-block-image\"><figure class=\"aligncenter size-large\"><a href=\"https:\/\/www.primor.eu\/blog\/wp-content\/uploads\/2021\/01\/CARLA-5.jpg\"><img decoding=\"async\" src=\"\/wp-content\/uploads\/2021\/01\/CARLA-5.jpg\" alt=\"\" class=\"wp-image-13289\"\/><\/a><\/figure><\/div>\n\n\n\n<p>La clave de estos <strong>gloss efecto volumen<\/strong> est\u00e1 en que entre sus ingredientes contiene un activo termog\u00e9nico que genera esa sensaci\u00f3n de calentamiento suave y duradero en la piel. <\/p>\n\n\n\n<p>Adem\u00e1s, este <strong>voluminizador labial <\/strong>contiene aceite de nuez de macadamia con un alto contenido en \u00e1cido palmitoleico para ayudar a regenerar y alisar la piel seca y sensible de nuestros labios.<\/p>\n\n\n\n<p>Los <strong><a href=\"https:\/\/www.primor.eu\/es_es\/dra-carla-barber-lips-extreme-voluminizadores-de-labios-dra-carla-barber-47610.html\">Lips Extreme Voluminizadores de Labios Dra Carla Barber<\/a><\/strong> son <strong>cruelty free<\/strong>, y est\u00e1n <strong>disponibles en 8 tonos<\/strong> que van desde el cl\u00e1sico transparente al rojo pasi\u00f3n, pasando por rosas, marrones y naranjas.<\/p>\n\n\n\n<figure class=\"wp-block-image size-large\"><a href=\"https:\/\/www.primor.eu\/blog\/wp-content\/uploads\/2021\/01\/CARLA-6-STORY.jpg\"><img decoding=\"async\" src=\"\/wp-content\/uploads\/2021\/01\/CARLA-6-STORY.jpg\" alt=\"\" class=\"wp-image-13286\"\/><\/a><\/figure>\n\n\n\n<p>Se recomienda hacer una prueba de sensibilidad antes del primer uso de los <strong>labiales Carla Barber<\/strong>: aplica una peque\u00f1a cantidad y deja pasar unos minutos antes de aplicar en todo el labio para ver c\u00f3mo reacciona tu piel. <\/p>\n\n\n\n<p class=\"has-text-align-center\"><strong>\u00a1Luce unos labios sensuales con los <a href=\"https:\/\/www.primor.eu\/es_es\/dra-carla-barber-lips-extreme-voluminizadores-de-labios-dra-carla-barber-47610.html\">labiales l\u00edquidos efecto volumen de Carla Barber<\/a>!<\/strong><\/p>\n\n\n\n<p><br><\/p>\n\n\n<div class=\"kk-star-ratings kksr-auto kksr-align-center kksr-valign-bottom\"\n    data-payload='{&quot;align&quot;:&quot;center&quot;,&quot;id&quot;:&quot;13281&quot;,&quot;slug&quot;:&quot;default&quot;,&quot;valign&quot;:&quot;bottom&quot;,&quot;ignore&quot;:&quot;&quot;,&quot;reference&quot;:&quot;auto&quot;,&quot;class&quot;:&quot;&quot;,&quot;count&quot;:&quot;0&quot;,&quot;legendonly&quot;:&quot;&quot;,&quot;readonly&quot;:&quot;&quot;,&quot;score&quot;:&quot;0&quot;,&quot;starsonly&quot;:&quot;&quot;,&quot;best&quot;:&quot;5&quot;,&quot;gap&quot;:&quot;5&quot;,&quot;greet&quot;:&quot;Valora este art\u00edculo&quot;,&quot;legend&quot;:&quot;0\\\/5 - (0 votos)&quot;,&quot;size&quot;:&quot;24&quot;,&quot;title&quot;:&quot;Los labiales Carla Barber \u00a1en Marie Claire!&quot;,&quot;width&quot;:&quot;0&quot;,&quot;_legend&quot;:&quot;{score}\\\/{best} - ({count} {votes})&quot;,&quot;font_factor&quot;:&quot;1.25&quot;}'>\n            \n<div class=\"kksr-stars\">\n    \n<div class=\"kksr-stars-inactive\">\n            <div class=\"kksr-star\" data-star=\"1\" style=\"padding-right: 5px\">\n            \n\n<div class=\"kksr-icon\" style=\"width: 24px; height: 24px;\"><\/div>\n        <\/div>\n            <div class=\"kksr-star\" data-star=\"2\" style=\"padding-right: 5px\">\n            \n\n<div class=\"kksr-icon\" style=\"width: 24px; height: 24px;\"><\/div>\n        <\/div>\n            <div class=\"kksr-star\" data-star=\"3\" style=\"padding-right: 5px\">\n            \n\n<div class=\"kksr-icon\" style=\"width: 24px; height: 24px;\"><\/div>\n        <\/div>\n            <div class=\"kksr-star\" data-star=\"4\" style=\"padding-right: 5px\">\n            \n\n<div class=\"kksr-icon\" style=\"width: 24px; height: 24px;\"><\/div>\n        <\/div>\n            <div class=\"kksr-star\" data-star=\"5\" style=\"padding-right: 5px\">\n            \n\n<div class=\"kksr-icon\" style=\"width: 24px; height: 24px;\"><\/div>\n        <\/div>\n    <\/div>\n    \n<div class=\"kksr-stars-active\" style=\"width: 0px;\">\n            <div class=\"kksr-star\" style=\"padding-right: 5px\">\n            \n\n<div class=\"kksr-icon\" style=\"width: 24px; height: 24px;\"><\/div>\n        <\/div>\n            <div class=\"kksr-star\" style=\"padding-right: 5px\">\n            \n\n<div class=\"kksr-icon\" style=\"width: 24px; height: 24px;\"><\/div>\n        <\/div>\n            <div class=\"kksr-star\" style=\"padding-right: 5px\">\n            \n\n<div class=\"kksr-icon\" style=\"width: 24px; height: 24px;\"><\/div>\n        <\/div>\n            <div class=\"kksr-star\" style=\"padding-right: 5px\">\n            \n\n<div class=\"kksr-icon\" style=\"width: 24px; height: 24px;\"><\/div>\n        <\/div>\n            <div class=\"kksr-star\" style=\"padding-right: 5px\">\n            \n\n<div class=\"kksr-icon\" style=\"width: 24px; height: 24px;\"><\/div>\n        <\/div>\n    <\/div>\n<\/div>\n                \n\n<div class=\"kksr-legend\" style=\"font-size: 19.2px;\">\n            <span class=\"kksr-muted\">Valora este art\u00edculo<\/span>\n    <\/div>\n    <\/div>\n","protected":false},"excerpt":{"rendered":"<p>El lanzamiento de los Lips Extreme Voluminizadores de Labios Dra Carla Barber ha sido un \u00e9xito rotundo ?? y medios de gran renombre como Marie Claire se han hecho eco de ello: El labial de Carla Barber que aumenta el grosor de los labios de manera inmediata ?? \u00bfQu\u00e9 tienen estos labiales Carla Barber de [&hellip;]<\/p>\n","protected":false},"author":4,"featured_media":56742,"comment_status":"open","ping_status":"open","sticky":false,"template":"","format":"standard","meta":{"jnews-multi-image_gallery":[],"jnews_single_post":[],"jnews_primary_category":[],"jnews_social_meta":[],"jnews_override_counter":[],"footnotes":""},"categories":[26],"tags":[],"class_list":["post-13281","post","type-post","status-publish","format-standard","has-post-thumbnail","hentry","category-noticias-beauty"],"_links":{"self":[{"href":"https:\/\/www.primor.eu\/blog\/wp-json\/wp\/v2\/posts\/13281","targetHints":{"allow":["GET"]}}],"collection":[{"href":"https:\/\/www.primor.eu\/blog\/wp-json\/wp\/v2\/posts"}],"about":[{"href":"https:\/\/www.primor.eu\/blog\/wp-json\/wp\/v2\/types\/post"}],"author":[{"embeddable":true,"href":"https:\/\/www.primor.eu\/blog\/wp-json\/wp\/v2\/users\/4"}],"replies":[{"embeddable":true,"href":"https:\/\/www.primor.eu\/blog\/wp-json\/wp\/v2\/comments?post=13281"}],"version-history":[{"count":2,"href":"https:\/\/www.primor.eu\/blog\/wp-json\/wp\/v2\/posts\/13281\/revisions"}],"predecessor-version":[{"id":80271,"href":"https:\/\/www.primor.eu\/blog\/wp-json\/wp\/v2\/posts\/13281\/revisions\/80271"}],"wp:featuredmedia":[{"embeddable":true,"href":"https:\/\/www.primor.eu\/blog\/wp-json\/wp\/v2\/media\/56742"}],"wp:attachment":[{"href":"https:\/\/www.primor.eu\/blog\/wp-json\/wp\/v2\/media?parent=13281"}],"wp:term":[{"taxonomy":"category","embeddable":true,"href":"https:\/\/www.primor.eu\/blog\/wp-json\/wp\/v2\/categories?post=13281"},{"taxonomy":"post_tag","embeddable":true,"href":"https:\/\/www.primor.eu\/blog\/wp-json\/wp\/v2\/tags?post=13281"}],"curies":[{"name":"wp","href":"https:\/\/api.w.org\/{rel}","templated":true}]}}