{"id":132683,"date":"2025-10-11T12:00:00","date_gmt":"2025-10-11T12:00:00","guid":{"rendered":"https:\/\/www.primor.eu\/blog\/?p=132683"},"modified":"2025-10-16T14:42:47","modified_gmt":"2025-10-16T14:42:47","slug":"ideas-maquillaje-lila","status":"publish","type":"post","link":"https:\/\/www.primor.eu\/blog\/ideas-maquillaje-lila\/","title":{"rendered":"5 ideas de maquillaje lila para inspirarte"},"content":{"rendered":"\n<p>Si buscas un <strong><a href=\"https:\/\/www.primor.eu\/blog\/maquillaje-natural\/\" data-type=\"link\" data-id=\"https:\/\/www.primor.eu\/blog\/maquillaje-natural\/?srsltid=AfmBOopOdqKeFOYLALcr5uSxHgKsqjV2eerXOW3CP55uzgQvY7Z5-Kfo\">maquillaje<\/a> lila<\/strong> para esta \u00e9poca del a\u00f1o, te vamos a dar algunas opciones para que puedas tener un poco de inspiraci\u00f3n. El maquillaje lila expresa varias cosas. La primera de ellas es la suavidad. A diferencia de los <strong>maquillajes con colores<\/strong> como el rojo o esas sombras negras que cubren todo el ojo, el maquillaje lila habla de una personalidad tierna a la vez que original.\u00a0<\/p>\n\n\n\n<p>Y es que, aunque el maquillaje lila es un<strong> cl\u00e1sico<\/strong>, \u00faltimamente estamos viendo looks muy originales con este tono.<\/p>\n\n\n\n<h2 class=\"wp-block-heading\">5 ideas de maquillaje lila recopiladas de las redes<\/h2>\n\n\n\n<p>Y ahora s\u00ed, vamos con cinco ideas de <a href=\"https:\/\/www.primor.eu\/es_es\/maquillaje\" data-type=\"link\" data-id=\"https:\/\/www.primor.eu\/es_es\/maquillaje?srsltid=AfmBOoqHGgf5tzUzEczoWvOTaoVCBXwumNcA7C1JAcDCOQ0DftEU2rVJ\">maquillaje<\/a> lila que hemos recogido de las redes sociales. Hoy en d\u00eda, las redes son escaparates de lo que podr\u00edamos llamar <strong>tendencias<\/strong>. Y decimos de lo que \u201cpodr\u00edamos llamar\u201d, porque hoy en d\u00eda ya no solamente las revistas o los programas de televisi\u00f3n dictan lo que es tendencia.\u00a0<\/p>\n\n\n\n<p>Tanto es as\u00ed que infinidad de <strong>no solo influencers<\/strong>, sino mujeres y hombres de a pie, pueden ir haciendo tendencias virales en redes sociales. Esto hace que el panorama de la moda y la <a href=\"https:\/\/www.primor.eu\/es_es\/cremas-antiarrugas-y-antiedad\" data-type=\"link\" data-id=\"https:\/\/www.primor.eu\/es_es\/cremas-antiarrugas-y-antiedad\">belleza<\/a> se expanda y que incluso, haya tendencias que primero triunfen en redes.<\/p>\n\n\n\n<h3 class=\"wp-block-heading\">Todo en lila<\/h3>\n\n\n\n<figure class=\"wp-block-image size-large is-resized\"><img decoding=\"async\" width=\"877\" height=\"1024\" src=\"https:\/\/www.primor.eu\/blog\/wp-content\/uploads\/2025\/10\/1-877x1024.jpg\" alt=\"\" class=\"wp-image-132692\" style=\"width:1030px;height:auto\" srcset=\"https:\/\/www.primor.eu\/blog\/wp-content\/uploads\/2025\/10\/1-877x1024.jpg 877w, https:\/\/www.primor.eu\/blog\/wp-content\/uploads\/2025\/10\/1-257x300.jpg 257w, https:\/\/www.primor.eu\/blog\/wp-content\/uploads\/2025\/10\/1-768x897.jpg 768w, https:\/\/www.primor.eu\/blog\/wp-content\/uploads\/2025\/10\/1-750x876.jpg 750w, https:\/\/www.primor.eu\/blog\/wp-content\/uploads\/2025\/10\/1.jpg 1080w\" sizes=\"(max-width: 877px) 100vw, 877px\" \/><\/figure>\n\n\n\n<p>Fuente Instagram: @grisbell_mtz<\/p>\n\n\n\n<p>Si lo que buscas es un maquillaje lila que vaya con todo, esta es tu opci\u00f3n principal. Labios y ojos en un lila intenso. Sin duda es de lo m\u00e1s atrevido y original. Para combinarlo con looks, lo mejor es que escojas tonos neutros como el negro o el blanco, ya que es demasiado llamativo para meterle a tu atuendo m\u00e1s colorido o para optar por vestir tambi\u00e9n de lila.<\/p>\n\n\n\n<h3 class=\"wp-block-heading\">Ojos lila claros y labios oscuros<\/h3>\n\n\n\n<figure class=\"wp-block-image size-large is-resized\"><img decoding=\"async\" width=\"819\" height=\"1024\" src=\"https:\/\/www.primor.eu\/blog\/wp-content\/uploads\/2025\/10\/2-819x1024.jpg\" alt=\"\" class=\"wp-image-132693\" style=\"width:1021px;height:auto\" srcset=\"https:\/\/www.primor.eu\/blog\/wp-content\/uploads\/2025\/10\/2-819x1024.jpg 819w, https:\/\/www.primor.eu\/blog\/wp-content\/uploads\/2025\/10\/2-240x300.jpg 240w, https:\/\/www.primor.eu\/blog\/wp-content\/uploads\/2025\/10\/2-768x960.jpg 768w, https:\/\/www.primor.eu\/blog\/wp-content\/uploads\/2025\/10\/2-750x938.jpg 750w, https:\/\/www.primor.eu\/blog\/wp-content\/uploads\/2025\/10\/2.jpg 1080w\" sizes=\"(max-width: 819px) 100vw, 819px\" \/><\/figure>\n\n\n\n<p>Fuente Instagram:@beautyppaula<\/p>\n\n\n\n<p>Esta opci\u00f3n es buena si lo que buscas es ser fiel a los labios destacados, ya sea porque sueles llevar este tipo de maquillaje o porque es lo que te apetece para una ocasi\u00f3n espec\u00edfica. Hay que tener en cuenta que lo mejor en belleza es seguir la ley del equilibrio: si destacas demasiado tus labios, lo mejor es dejar tus ojos m\u00e1s sencillos.<\/p>\n\n\n\n<h3 class=\"wp-block-heading\">Ojos en lila oscuro con purpurina<\/h3>\n\n\n\n<figure class=\"wp-block-image size-large is-resized\"><img decoding=\"async\" width=\"820\" height=\"1024\" src=\"https:\/\/www.primor.eu\/blog\/wp-content\/uploads\/2025\/10\/3-820x1024.jpg\" alt=\"\" class=\"wp-image-132694\" style=\"width:1024px;height:auto\" srcset=\"https:\/\/www.primor.eu\/blog\/wp-content\/uploads\/2025\/10\/3-820x1024.jpg 820w, https:\/\/www.primor.eu\/blog\/wp-content\/uploads\/2025\/10\/3-240x300.jpg 240w, https:\/\/www.primor.eu\/blog\/wp-content\/uploads\/2025\/10\/3-768x959.jpg 768w, https:\/\/www.primor.eu\/blog\/wp-content\/uploads\/2025\/10\/3-750x937.jpg 750w, https:\/\/www.primor.eu\/blog\/wp-content\/uploads\/2025\/10\/3.jpg 1080w\" sizes=\"(max-width: 820px) 100vw, 820px\" \/><\/figure>\n\n\n\n<p>Fuente Instagram:@janireviguri<\/p>\n\n\n\n<p>Si eres de las que apuesta por sombras oscuras con tonos como el negro o el marr\u00f3n, debes saber que el maquillaje lila tambi\u00e9n puede encarnar esta versi\u00f3n. Prueba de ello es este ejemplo, que tiene un tono lila m\u00e1s oscuro que en otros casos y se combina con purpurina. Si usas ese morado oscuro en el lagrimal y el rabillo del ojo, estar\u00e1s eligiendo destacar la expresi\u00f3n de tu mirada al m\u00e1ximo\u2026&nbsp;<\/p>\n\n\n\n<h3 class=\"wp-block-heading\">Eyeliner negro con sombra lila claro<\/h3>\n\n\n\n<figure class=\"wp-block-image size-large\"><img decoding=\"async\" width=\"1080\" height=\"1080\" src=\"https:\/\/www.primor.eu\/blog\/wp-content\/uploads\/2025\/10\/4-1024x1024.jpg\" alt=\"\" class=\"wp-image-132695\" srcset=\"https:\/\/www.primor.eu\/blog\/wp-content\/uploads\/2025\/10\/4-1024x1024.jpg 1024w, https:\/\/www.primor.eu\/blog\/wp-content\/uploads\/2025\/10\/4-300x300.jpg 300w, https:\/\/www.primor.eu\/blog\/wp-content\/uploads\/2025\/10\/4-150x150.jpg 150w, https:\/\/www.primor.eu\/blog\/wp-content\/uploads\/2025\/10\/4-768x768.jpg 768w, https:\/\/www.primor.eu\/blog\/wp-content\/uploads\/2025\/10\/4-75x75.jpg 75w, https:\/\/www.primor.eu\/blog\/wp-content\/uploads\/2025\/10\/4-350x350.jpg 350w, https:\/\/www.primor.eu\/blog\/wp-content\/uploads\/2025\/10\/4-750x750.jpg 750w, https:\/\/www.primor.eu\/blog\/wp-content\/uploads\/2025\/10\/4.jpg 1080w\" sizes=\"(max-width: 1080px) 100vw, 1080px\" \/><\/figure>\n\n\n\n<p>Fuente Instagram:@susiposadamakeup<\/p>\n\n\n\n<p>Un eyeliner como este es perfecto para destacar una mirada y la expresi\u00f3n de tus ojos. Sin embargo, si quieres un maquillaje lila y no quieres renunciar a este eyeliner que a muchas nos encantan, lo mejor ser\u00e1 que optes por un tono claro y m\u00e1s bien mate como este.<\/p>\n\n\n\n<p>Sin duda que es una opci\u00f3n suave y femenina, que al mismo tiempo se centra en dar un toque muy sexy a la expresi\u00f3n de los ojos. Es vers\u00e1til y encaja con cualquier look urbano y casual.<\/p>\n\n\n\n<h3 class=\"wp-block-heading\">Natural y luminoso con sombra lila<\/h3>\n\n\n\n<figure class=\"wp-block-image size-large\"><img decoding=\"async\" width=\"1024\" height=\"1024\" src=\"https:\/\/www.primor.eu\/blog\/wp-content\/uploads\/2025\/10\/5-1024x1024.jpg\" alt=\"\" class=\"wp-image-132696\" srcset=\"https:\/\/www.primor.eu\/blog\/wp-content\/uploads\/2025\/10\/5-1024x1024.jpg 1024w, https:\/\/www.primor.eu\/blog\/wp-content\/uploads\/2025\/10\/5-300x300.jpg 300w, https:\/\/www.primor.eu\/blog\/wp-content\/uploads\/2025\/10\/5-150x150.jpg 150w, https:\/\/www.primor.eu\/blog\/wp-content\/uploads\/2025\/10\/5-768x768.jpg 768w, https:\/\/www.primor.eu\/blog\/wp-content\/uploads\/2025\/10\/5-75x75.jpg 75w, https:\/\/www.primor.eu\/blog\/wp-content\/uploads\/2025\/10\/5-350x350.jpg 350w, https:\/\/www.primor.eu\/blog\/wp-content\/uploads\/2025\/10\/5-750x750.jpg 750w, https:\/\/www.primor.eu\/blog\/wp-content\/uploads\/2025\/10\/5.jpg 1080w\" sizes=\"(max-width: 1024px) 100vw, 1024px\" \/><\/figure>\n\n\n\n<p>Fuente Instagram:@susanasaloo<\/p>\n\n\n\n<p>Si lo que m\u00e1s adoras es que tu rostro luzca luminoso y la naturalidad en tus maquillajes, \u00a1esta es la mejor opci\u00f3n que puedes escoger! Sin duda. La sombra es de lo m\u00e1s sencilla y sin exceso de m\u00e1scara de pesta\u00f1as ni eyeliner. Los labios con un simple gloss ponen el broche a la naturalidad m\u00e1s bella.<\/p>\n\n\n<div class=\"kk-star-ratings kksr-auto kksr-align-center kksr-valign-bottom\"\n    data-payload='{&quot;align&quot;:&quot;center&quot;,&quot;id&quot;:&quot;132683&quot;,&quot;slug&quot;:&quot;default&quot;,&quot;valign&quot;:&quot;bottom&quot;,&quot;ignore&quot;:&quot;&quot;,&quot;reference&quot;:&quot;auto&quot;,&quot;class&quot;:&quot;&quot;,&quot;count&quot;:&quot;0&quot;,&quot;legendonly&quot;:&quot;&quot;,&quot;readonly&quot;:&quot;&quot;,&quot;score&quot;:&quot;0&quot;,&quot;starsonly&quot;:&quot;&quot;,&quot;best&quot;:&quot;5&quot;,&quot;gap&quot;:&quot;5&quot;,&quot;greet&quot;:&quot;Valora este art\u00edculo&quot;,&quot;legend&quot;:&quot;0\\\/5 - (0 votos)&quot;,&quot;size&quot;:&quot;24&quot;,&quot;title&quot;:&quot;5 ideas de maquillaje lila para inspirarte&quot;,&quot;width&quot;:&quot;0&quot;,&quot;_legend&quot;:&quot;{score}\\\/{best} - ({count} {votes})&quot;,&quot;font_factor&quot;:&quot;1.25&quot;}'>\n            \n<div class=\"kksr-stars\">\n    \n<div class=\"kksr-stars-inactive\">\n            <div class=\"kksr-star\" data-star=\"1\" style=\"padding-right: 5px\">\n            \n\n<div class=\"kksr-icon\" style=\"width: 24px; height: 24px;\"><\/div>\n        <\/div>\n            <div class=\"kksr-star\" data-star=\"2\" style=\"padding-right: 5px\">\n            \n\n<div class=\"kksr-icon\" style=\"width: 24px; height: 24px;\"><\/div>\n        <\/div>\n            <div class=\"kksr-star\" data-star=\"3\" style=\"padding-right: 5px\">\n            \n\n<div class=\"kksr-icon\" style=\"width: 24px; height: 24px;\"><\/div>\n        <\/div>\n            <div class=\"kksr-star\" data-star=\"4\" style=\"padding-right: 5px\">\n            \n\n<div class=\"kksr-icon\" style=\"width: 24px; height: 24px;\"><\/div>\n        <\/div>\n            <div class=\"kksr-star\" data-star=\"5\" style=\"padding-right: 5px\">\n            \n\n<div class=\"kksr-icon\" style=\"width: 24px; height: 24px;\"><\/div>\n        <\/div>\n    <\/div>\n    \n<div class=\"kksr-stars-active\" style=\"width: 0px;\">\n            <div class=\"kksr-star\" style=\"padding-right: 5px\">\n            \n\n<div class=\"kksr-icon\" style=\"width: 24px; height: 24px;\"><\/div>\n        <\/div>\n            <div class=\"kksr-star\" style=\"padding-right: 5px\">\n            \n\n<div class=\"kksr-icon\" style=\"width: 24px; height: 24px;\"><\/div>\n        <\/div>\n            <div class=\"kksr-star\" style=\"padding-right: 5px\">\n            \n\n<div class=\"kksr-icon\" style=\"width: 24px; height: 24px;\"><\/div>\n        <\/div>\n            <div class=\"kksr-star\" style=\"padding-right: 5px\">\n            \n\n<div class=\"kksr-icon\" style=\"width: 24px; height: 24px;\"><\/div>\n        <\/div>\n            <div class=\"kksr-star\" style=\"padding-right: 5px\">\n            \n\n<div class=\"kksr-icon\" style=\"width: 24px; height: 24px;\"><\/div>\n        <\/div>\n    <\/div>\n<\/div>\n                \n\n<div class=\"kksr-legend\" style=\"font-size: 19.2px;\">\n            <span class=\"kksr-muted\">Valora este art\u00edculo<\/span>\n    <\/div>\n    <\/div>\n","protected":false},"excerpt":{"rendered":"<p>Si buscas un maquillaje lila para esta \u00e9poca del a\u00f1o, te vamos a dar algunas opciones para que puedas tener un poco de inspiraci\u00f3n. El maquillaje lila expresa varias cosas. La primera de ellas es la suavidad. A diferencia de los maquillajes con colores como el rojo o esas sombras negras que cubren todo el [&hellip;]<\/p>\n","protected":false},"author":30,"featured_media":132689,"comment_status":"closed","ping_status":"closed","sticky":false,"template":"","format":"standard","meta":{"jnews-multi-image_gallery":[],"jnews_single_post":[],"jnews_primary_category":[],"jnews_social_meta":[],"jnews_override_counter":[],"footnotes":""},"categories":[41],"tags":[],"class_list":["post-132683","post","type-post","status-publish","format-standard","has-post-thumbnail","hentry","category-maquillaje"],"_links":{"self":[{"href":"https:\/\/www.primor.eu\/blog\/wp-json\/wp\/v2\/posts\/132683","targetHints":{"allow":["GET"]}}],"collection":[{"href":"https:\/\/www.primor.eu\/blog\/wp-json\/wp\/v2\/posts"}],"about":[{"href":"https:\/\/www.primor.eu\/blog\/wp-json\/wp\/v2\/types\/post"}],"author":[{"embeddable":true,"href":"https:\/\/www.primor.eu\/blog\/wp-json\/wp\/v2\/users\/30"}],"replies":[{"embeddable":true,"href":"https:\/\/www.primor.eu\/blog\/wp-json\/wp\/v2\/comments?post=132683"}],"version-history":[{"count":4,"href":"https:\/\/www.primor.eu\/blog\/wp-json\/wp\/v2\/posts\/132683\/revisions"}],"predecessor-version":[{"id":133406,"href":"https:\/\/www.primor.eu\/blog\/wp-json\/wp\/v2\/posts\/132683\/revisions\/133406"}],"wp:featuredmedia":[{"embeddable":true,"href":"https:\/\/www.primor.eu\/blog\/wp-json\/wp\/v2\/media\/132689"}],"wp:attachment":[{"href":"https:\/\/www.primor.eu\/blog\/wp-json\/wp\/v2\/media?parent=132683"}],"wp:term":[{"taxonomy":"category","embeddable":true,"href":"https:\/\/www.primor.eu\/blog\/wp-json\/wp\/v2\/categories?post=132683"},{"taxonomy":"post_tag","embeddable":true,"href":"https:\/\/www.primor.eu\/blog\/wp-json\/wp\/v2\/tags?post=132683"}],"curies":[{"name":"wp","href":"https:\/\/api.w.org\/{rel}","templated":true}]}}