{"id":132544,"date":"2025-10-08T12:08:18","date_gmt":"2025-10-08T12:08:18","guid":{"rendered":"https:\/\/www.primor.eu\/blog\/?p=132544"},"modified":"2025-10-08T12:08:19","modified_gmt":"2025-10-08T12:08:19","slug":"habitos-gestos-diarios-ayudar-salud-mental","status":"publish","type":"post","link":"https:\/\/www.primor.eu\/blog\/habitos-gestos-diarios-ayudar-salud-mental\/","title":{"rendered":"Peque\u00f1os h\u00e1bitos diarios que pueden ayudar a salud mental"},"content":{"rendered":"\n<p><strong>Hablar de salud mental <\/strong>no es un tema pasajero ni una moda: es una necesidad que cada vez m\u00e1s personas reconocen. El ritmo de vida acelerado, las <strong>preocupaciones cotidianas<\/strong> y el exceso de <strong>est\u00edmulos digitales<\/strong> han hecho que nuestra mente pida a gritos un respiro. Y aunque acudir a profesionales es siempre <strong>fundamental<\/strong> cuando lo necesitamos, tambi\u00e9n existen <strong>peque\u00f1os h\u00e1bitos y gestos diarios<\/strong> que pueden marcar la diferencia en c\u00f3mo nos sentimos d\u00eda a d\u00eda.<\/p>\n\n\n\n<p>La <strong>buena noticia <\/strong>es que no necesitas grandes transformaciones ni rutinas imposibles. A veces, lo que m\u00e1s ayuda son esas <strong>pr\u00e1cticas sencillas<\/strong> que puedes integrar en tu vida sin apenas darte cuenta: respirar profundamente durante unos minutos, escribir en un cuaderno c\u00f3mo te sientes o incluso dar un paseo sin mirar el m\u00f3vil. Y ojo, porque los peque\u00f1os h\u00e1bitos no solucionan todo, pero crean una base de estabilidad emocional que permite gestionar mejor el estr\u00e9s y la ansiedad.<\/p>\n\n\n\n<p>Estos gestos no solo cuidan la mente, tambi\u00e9n <strong>impactan en la salud f\u00edsica y emocional<\/strong>. <a href=\"https:\/\/www.primor.eu\/blog\/mejores-melatoninas-dormir\/?srsltid=AfmBOopqiVRL35u9vHQRepgJLvWvwLMlMqPejsz7gFcEJPySVc5r5nzI\">Dormir mejor<\/a>, tener m\u00e1s energ\u00eda o sentirte m\u00e1s motivado son efectos secundarios positivos de dedicarte un tiempo a ti mismo. Al final, lo que est\u00e1 en juego es la relaci\u00f3n que construyes contigo:<strong> cu\u00e1nto te escuchas, cu\u00e1nto te respetas y cu\u00e1nto espacio te das<\/strong> para estar bien.<\/p>\n\n\n\n<p>En este art\u00edculo de Primor repasamos algunos de esos h\u00e1bitos sencillos y al alcance de todos que pueden convertirse en tus aliados diarios.&nbsp;<\/p>\n\n\n\n<h2 class=\"wp-block-heading\">Qu\u00e9 h\u00e1bitos mejorar\u00e1n tu salud mental<\/h2>\n\n\n\n<h3 class=\"wp-block-heading\">1\/ Dedica unos minutos a la respiraci\u00f3n consciente<\/h3>\n\n\n\n<p><strong>Puede sonar demasiado simple, <\/strong>pero respirar de forma consciente ayuda a calmar el sistema nervioso. Inspirar profundamente por la nariz, retener unos segundos y exhalar lentamente por la boca puede reducir la tensi\u00f3n acumulada en pocos minutos.<\/p>\n\n\n\n<p>La respiraci\u00f3n consciente <strong>activa el sistema parasimp\u00e1tico<\/strong>, que es el encargado de relajar el cuerpo y la mente. Puedes hacerlo al despertar, antes de dormir o incluso en medio de una jornada estresante.<\/p>\n\n\n\n<h3 class=\"wp-block-heading\">2\/ Cuida tu descanso<\/h3>\n\n\n\n<p>Dormir bien es uno de los <strong>pilares de la salud mental. <\/strong>No se trata solo de dormir ocho horas, sino de crear una rutina de descanso reparador, como apagar pantallas una hora antes de dormir, mantener horarios regulares y generar un ambiente relajante en tu dormitorio.<\/p>\n\n\n\n<p>El <strong>sue\u00f1o<\/strong> de calidad favorece la regulaci\u00f3n emocional y ayuda a mantener un estado de \u00e1nimo estable.<\/p>\n\n\n\n<h3 class=\"wp-block-heading\">3\/ Da paseos al aire libre<\/h3>\n\n\n\n<p>Salir a caminar, aunque sea <strong>15 minutos al d\u00eda, tiene beneficios incalculables<\/strong>. El contacto con la naturaleza, la exposici\u00f3n a la luz solar y el movimiento f\u00edsico ayudan a reducir el estr\u00e9s y mejorar el \u00e1nimo.<\/p>\n\n\n\n<p><strong>Mover el cuerpo es una forma natural de liberar tensiones y generar endorfinas.<\/strong><\/p>\n\n\n\n<h3 class=\"wp-block-heading\">4\/ Mant\u00e9n el contacto social<\/h3>\n\n\n\n<p><strong>Hablar con un amigo<\/strong>, compartir un caf\u00e9 o simplemente enviar un mensaje puede marcar la diferencia. El <strong>apoyo social <\/strong>es uno de los <strong>factores m\u00e1s importantes<\/strong> en la salud mental. Sentirse acompa\u00f1ado y comprendido reduce los niveles de ansiedad y depresi\u00f3n.<\/p>\n\n\n\n<h3 class=\"wp-block-heading\">5\/ Crea rutinas de autocuidado<\/h3>\n\n\n\n<p>El <a href=\"https:\/\/www.primor.eu\/es_es\/rutinas-faciales?srsltid=AfmBOorTfJGbgYTsBv8K0kDgWhYvk0ceRaXIAeEjF4S8nWVvJ3Uyo_zj\">skincare<\/a>, una ducha relajante o preparar una comida nutritiva tambi\u00e9n son gestos que transmiten cuidado hacia uno mismo. No se trata de est\u00e9tica \u00fanicamente, sino de generar espacios de calma y reconexi\u00f3n. El autocuidado es un recordatorio de que merecemos dedicarnos tiempo y atenci\u00f3n.<\/p>\n\n\n<div class=\"kk-star-ratings kksr-auto kksr-align-center kksr-valign-bottom\"\n    data-payload='{&quot;align&quot;:&quot;center&quot;,&quot;id&quot;:&quot;132544&quot;,&quot;slug&quot;:&quot;default&quot;,&quot;valign&quot;:&quot;bottom&quot;,&quot;ignore&quot;:&quot;&quot;,&quot;reference&quot;:&quot;auto&quot;,&quot;class&quot;:&quot;&quot;,&quot;count&quot;:&quot;1&quot;,&quot;legendonly&quot;:&quot;&quot;,&quot;readonly&quot;:&quot;&quot;,&quot;score&quot;:&quot;5&quot;,&quot;starsonly&quot;:&quot;&quot;,&quot;best&quot;:&quot;5&quot;,&quot;gap&quot;:&quot;5&quot;,&quot;greet&quot;:&quot;Valora este art\u00edculo&quot;,&quot;legend&quot;:&quot;5\\\/5 - (1 voto)&quot;,&quot;size&quot;:&quot;24&quot;,&quot;title&quot;:&quot;Peque\u00f1os h\u00e1bitos diarios que pueden ayudar a salud mental&quot;,&quot;width&quot;:&quot;142.5&quot;,&quot;_legend&quot;:&quot;{score}\\\/{best} - ({count} {votes})&quot;,&quot;font_factor&quot;:&quot;1.25&quot;}'>\n            \n<div class=\"kksr-stars\">\n    \n<div class=\"kksr-stars-inactive\">\n            <div class=\"kksr-star\" data-star=\"1\" style=\"padding-right: 5px\">\n            \n\n<div class=\"kksr-icon\" style=\"width: 24px; height: 24px;\"><\/div>\n        <\/div>\n            <div class=\"kksr-star\" data-star=\"2\" style=\"padding-right: 5px\">\n            \n\n<div class=\"kksr-icon\" style=\"width: 24px; height: 24px;\"><\/div>\n        <\/div>\n            <div class=\"kksr-star\" data-star=\"3\" style=\"padding-right: 5px\">\n            \n\n<div class=\"kksr-icon\" style=\"width: 24px; height: 24px;\"><\/div>\n        <\/div>\n            <div class=\"kksr-star\" data-star=\"4\" style=\"padding-right: 5px\">\n            \n\n<div class=\"kksr-icon\" style=\"width: 24px; height: 24px;\"><\/div>\n        <\/div>\n            <div class=\"kksr-star\" data-star=\"5\" style=\"padding-right: 5px\">\n            \n\n<div class=\"kksr-icon\" style=\"width: 24px; height: 24px;\"><\/div>\n        <\/div>\n    <\/div>\n    \n<div class=\"kksr-stars-active\" style=\"width: 142.5px;\">\n            <div class=\"kksr-star\" style=\"padding-right: 5px\">\n            \n\n<div class=\"kksr-icon\" style=\"width: 24px; height: 24px;\"><\/div>\n        <\/div>\n            <div class=\"kksr-star\" style=\"padding-right: 5px\">\n            \n\n<div class=\"kksr-icon\" style=\"width: 24px; height: 24px;\"><\/div>\n        <\/div>\n            <div class=\"kksr-star\" style=\"padding-right: 5px\">\n            \n\n<div class=\"kksr-icon\" style=\"width: 24px; height: 24px;\"><\/div>\n        <\/div>\n            <div class=\"kksr-star\" style=\"padding-right: 5px\">\n            \n\n<div class=\"kksr-icon\" style=\"width: 24px; height: 24px;\"><\/div>\n        <\/div>\n            <div class=\"kksr-star\" style=\"padding-right: 5px\">\n            \n\n<div class=\"kksr-icon\" style=\"width: 24px; height: 24px;\"><\/div>\n        <\/div>\n    <\/div>\n<\/div>\n                \n\n<div class=\"kksr-legend\" style=\"font-size: 19.2px;\">\n            5\/5 - (1 voto)    <\/div>\n    <\/div>\n","protected":false},"excerpt":{"rendered":"<p>Hablar de salud mental no es un tema pasajero ni una moda: es una necesidad que cada vez m\u00e1s personas reconocen. El ritmo de vida acelerado, las preocupaciones cotidianas y el exceso de est\u00edmulos digitales han hecho que nuestra mente pida a gritos un respiro. Y aunque acudir a profesionales es siempre fundamental cuando lo [&hellip;]<\/p>\n","protected":false},"author":14,"featured_media":132555,"comment_status":"closed","ping_status":"closed","sticky":false,"template":"","format":"standard","meta":{"jnews-multi-image_gallery":[],"jnews_single_post":{"format":"standard"},"jnews_primary_category":[],"jnews_social_meta":[],"jnews_override_counter":[],"footnotes":""},"categories":[6299],"tags":[],"class_list":["post-132544","post","type-post","status-publish","format-standard","has-post-thumbnail","hentry","category-bienestar"],"_links":{"self":[{"href":"https:\/\/www.primor.eu\/blog\/wp-json\/wp\/v2\/posts\/132544","targetHints":{"allow":["GET"]}}],"collection":[{"href":"https:\/\/www.primor.eu\/blog\/wp-json\/wp\/v2\/posts"}],"about":[{"href":"https:\/\/www.primor.eu\/blog\/wp-json\/wp\/v2\/types\/post"}],"author":[{"embeddable":true,"href":"https:\/\/www.primor.eu\/blog\/wp-json\/wp\/v2\/users\/14"}],"replies":[{"embeddable":true,"href":"https:\/\/www.primor.eu\/blog\/wp-json\/wp\/v2\/comments?post=132544"}],"version-history":[{"count":2,"href":"https:\/\/www.primor.eu\/blog\/wp-json\/wp\/v2\/posts\/132544\/revisions"}],"predecessor-version":[{"id":132988,"href":"https:\/\/www.primor.eu\/blog\/wp-json\/wp\/v2\/posts\/132544\/revisions\/132988"}],"wp:featuredmedia":[{"embeddable":true,"href":"https:\/\/www.primor.eu\/blog\/wp-json\/wp\/v2\/media\/132555"}],"wp:attachment":[{"href":"https:\/\/www.primor.eu\/blog\/wp-json\/wp\/v2\/media?parent=132544"}],"wp:term":[{"taxonomy":"category","embeddable":true,"href":"https:\/\/www.primor.eu\/blog\/wp-json\/wp\/v2\/categories?post=132544"},{"taxonomy":"post_tag","embeddable":true,"href":"https:\/\/www.primor.eu\/blog\/wp-json\/wp\/v2\/tags?post=132544"}],"curies":[{"name":"wp","href":"https:\/\/api.w.org\/{rel}","templated":true}]}}