{"id":132235,"date":"2025-09-28T15:00:00","date_gmt":"2025-09-28T15:00:00","guid":{"rendered":"https:\/\/www.primor.eu\/blog\/?p=132235"},"modified":"2025-09-19T09:59:35","modified_gmt":"2025-09-19T09:59:35","slug":"ayudar-hijo-rutina-vuelta-al-cole","status":"publish","type":"post","link":"https:\/\/www.primor.eu\/blog\/ayudar-hijo-rutina-vuelta-al-cole\/","title":{"rendered":"Vuelta al cole: c\u00f3mo ayudar a tu hijo a recuperar la rutina"},"content":{"rendered":"\n<p>La <strong>rutina<\/strong> de <strong>vuelta al cole<\/strong> en muchos casos puede llegar a ser compleja. Sobre todo porque adem\u00e1s de los\/as <a href=\"https:\/\/www.primor.eu\/blog\/prevenir-caida-cabello-infancia\/\" data-type=\"link\" data-id=\"https:\/\/www.primor.eu\/blog\/prevenir-caida-cabello-infancia\/\">peques<\/a>, toda la familia est\u00e1 volviendo a la rutina. Esto conlleva tener que cuadrar horarios, actividades y llevar a cabo acciones coordinadas.\u00a0<\/p>\n\n\n\n<p>Tanto es as\u00ed que en algunos casos, existe confusi\u00f3n a la hora de saber c\u00f3mo ejecutar bien la rutina de vuelta al cole. Pues bien, para eso estamos creando en Primor un espacio de <strong>bienestar y salud<\/strong> para toda la familia. Hoy vamos a darte algunos consejos para planear una buena rutina de vuelta al cole.<\/p>\n\n\n\n<h2 class=\"wp-block-heading\">Lo m\u00e1s importante para la rutina de vuelta al cole<\/h2>\n\n\n\n<p>Hay que tener en cuenta, antes de crear la<strong> rutina<\/strong> de vuelta al cole, que lo m\u00e1s importante es que esta cuide de la salud de los\/as peques y de toda la familia. No es recomendable llenar la agenda de tareas, para convertir la vuelta en un estr\u00e9s y una rutina que despu\u00e9s se haga inviable o poco saludable.&nbsp;<\/p>\n\n\n\n<p>Hay que tener en cuenta que lo m\u00e1s importante es respetar los <strong>horarios<\/strong> de comida y descanso, as\u00ed como dejar huecos libres para recargarse y disfrutar.&nbsp;<\/p>\n\n\n\n<h2 class=\"wp-block-heading\">Claves para recuperar la rutina de vuelta al cole<\/h2>\n\n\n\n<p>Y una vez que hemos dejado ese punto muy claro, vamos a ver punto por punto c\u00f3mo recuperar esa rutina de vuelta al cole que se hace cada vez m\u00e1s importante coordinar para toda la familia.<\/p>\n\n\n\n<h3 class=\"wp-block-heading\">Horarios respetados<\/h3>\n\n\n\n<p>Tanto para las comidas, como para el sue\u00f1o. Esto tambi\u00e9n implica que la alimentaci\u00f3n sea saludable y equilibrada y que durante el descanso se intente propiciar la mayor calidad del sue\u00f1o y la calma para los\/as peques.&nbsp;<\/p>\n\n\n\n<p>Para ello, ten en cuenta que el sue\u00f1o es muy importante y que seg\u00fan su edad, deber\u00edan dormir m\u00e1s que las personas adultas. Esto implica que en muchos casos es deseable que duerman unas diez horas aproximadamente.<\/p>\n\n\n\n<h3 class=\"wp-block-heading\">Buen ambiente para realizar las tareas<\/h3>\n\n\n\n<p>El ambiente en el que se desarrollan las tareas, es muy importante tanto para las personas adultas como para las que no lo son. Por eso, es importante que se mantenga el espacio personal en el que realizan las tareas agradable y preparado para su mayor confort.<\/p>\n\n\n\n<p>Esto significa que lo mejor es que est\u00e9 limpio y ordenado, pero tambi\u00e9n que la silla y la mesa sean c\u00f3modas y que puedan concentrarse, por estar en silencio y sin interrupciones como el tel\u00e9fono o las pantallas.<\/p>\n\n\n\n<h3 class=\"wp-block-heading\">Espacio bonito y arm\u00f3nico<\/h3>\n\n\n\n<p>Un ambiente bonito, tambi\u00e9n har\u00e1 que sientan emociones positivas a la hora de ponerse a llevar a cabo sus responsabilidades. En este punto, lo mejor es contar con ellos\/as para que elijan c\u00f3mo quieren decorar el espacio.<\/p>\n\n\n\n<h3 class=\"wp-block-heading\">Reforzar su motivaci\u00f3n<\/h3>\n\n\n\n<p>Y esto no significa llenar su agenda de tareas, sino m\u00e1s bien lo contrario. Es muy importante evitar el s\u00edndrome del ni\u00f1o o la ni\u00f1a con la agenda llena. Por eso, hay que escuchar lo que necesitan en la nueva rutina de vuelta al cole y lo que les apetece potenciar este a\u00f1o.&nbsp;<\/p>\n\n\n\n<p>Puede ser reforzar una asignatura que se les resiste o apuntarse a una actividad extraescolar que les motiva y les apasiona.<\/p>\n\n\n\n<h3 class=\"wp-block-heading\">Escuchar sus emociones<\/h3>\n\n\n\n<p>Tanto motivarles\/as como escuchar sus emociones y necesidades es vital. Hay que tener en cuenta que es muy importante que se sientan apoyados\/as y apoyadas a la hora de comenzar el nuevo curso escolar. De este modo, si necesitan apoyo terap\u00e9utico o alguna actividad de bienestar, proporcionarles escuchando la que elijan y teni\u00e9ndolo en cuenta.<\/p>\n\n\n\n<h3 class=\"wp-block-heading\">Dejar espacio al disfrute y el relax<\/h3>\n\n\n\n<p>Igual de importante es el disfrute y el relax para las personas adultas, que para las que a\u00fan no lo son tanto. El hecho de ver a tus hijos o hijas con tanta energ\u00eda, no quiere decir que haya que llenar su agenda de tareas. Deben aprender a relajarse y regularse emocionalmente.<\/p>\n\n\n<div class=\"kk-star-ratings kksr-auto kksr-align-center kksr-valign-bottom\"\n    data-payload='{&quot;align&quot;:&quot;center&quot;,&quot;id&quot;:&quot;132235&quot;,&quot;slug&quot;:&quot;default&quot;,&quot;valign&quot;:&quot;bottom&quot;,&quot;ignore&quot;:&quot;&quot;,&quot;reference&quot;:&quot;auto&quot;,&quot;class&quot;:&quot;&quot;,&quot;count&quot;:&quot;0&quot;,&quot;legendonly&quot;:&quot;&quot;,&quot;readonly&quot;:&quot;&quot;,&quot;score&quot;:&quot;0&quot;,&quot;starsonly&quot;:&quot;&quot;,&quot;best&quot;:&quot;5&quot;,&quot;gap&quot;:&quot;5&quot;,&quot;greet&quot;:&quot;Valora este art\u00edculo&quot;,&quot;legend&quot;:&quot;0\\\/5 - (0 votos)&quot;,&quot;size&quot;:&quot;24&quot;,&quot;title&quot;:&quot;Vuelta al cole: c\u00f3mo ayudar a tu hijo a recuperar la rutina&quot;,&quot;width&quot;:&quot;0&quot;,&quot;_legend&quot;:&quot;{score}\\\/{best} - ({count} {votes})&quot;,&quot;font_factor&quot;:&quot;1.25&quot;}'>\n            \n<div class=\"kksr-stars\">\n    \n<div class=\"kksr-stars-inactive\">\n            <div class=\"kksr-star\" data-star=\"1\" style=\"padding-right: 5px\">\n            \n\n<div class=\"kksr-icon\" style=\"width: 24px; height: 24px;\"><\/div>\n        <\/div>\n            <div class=\"kksr-star\" data-star=\"2\" style=\"padding-right: 5px\">\n            \n\n<div class=\"kksr-icon\" style=\"width: 24px; height: 24px;\"><\/div>\n        <\/div>\n            <div class=\"kksr-star\" data-star=\"3\" style=\"padding-right: 5px\">\n            \n\n<div class=\"kksr-icon\" style=\"width: 24px; height: 24px;\"><\/div>\n        <\/div>\n            <div class=\"kksr-star\" data-star=\"4\" style=\"padding-right: 5px\">\n            \n\n<div class=\"kksr-icon\" style=\"width: 24px; height: 24px;\"><\/div>\n        <\/div>\n            <div class=\"kksr-star\" data-star=\"5\" style=\"padding-right: 5px\">\n            \n\n<div class=\"kksr-icon\" style=\"width: 24px; height: 24px;\"><\/div>\n        <\/div>\n    <\/div>\n    \n<div class=\"kksr-stars-active\" style=\"width: 0px;\">\n            <div class=\"kksr-star\" style=\"padding-right: 5px\">\n            \n\n<div class=\"kksr-icon\" style=\"width: 24px; height: 24px;\"><\/div>\n        <\/div>\n            <div class=\"kksr-star\" style=\"padding-right: 5px\">\n            \n\n<div class=\"kksr-icon\" style=\"width: 24px; height: 24px;\"><\/div>\n        <\/div>\n            <div class=\"kksr-star\" style=\"padding-right: 5px\">\n            \n\n<div class=\"kksr-icon\" style=\"width: 24px; height: 24px;\"><\/div>\n        <\/div>\n            <div class=\"kksr-star\" style=\"padding-right: 5px\">\n            \n\n<div class=\"kksr-icon\" style=\"width: 24px; height: 24px;\"><\/div>\n        <\/div>\n            <div class=\"kksr-star\" style=\"padding-right: 5px\">\n            \n\n<div class=\"kksr-icon\" style=\"width: 24px; height: 24px;\"><\/div>\n        <\/div>\n    <\/div>\n<\/div>\n                \n\n<div class=\"kksr-legend\" style=\"font-size: 19.2px;\">\n            <span class=\"kksr-muted\">Valora este art\u00edculo<\/span>\n    <\/div>\n    <\/div>\n","protected":false},"excerpt":{"rendered":"<p>La rutina de vuelta al cole en muchos casos puede llegar a ser compleja. Sobre todo porque adem\u00e1s de los\/as peques, toda la familia est\u00e1 volviendo a la rutina. Esto conlleva tener que cuadrar horarios, actividades y llevar a cabo acciones coordinadas.\u00a0 Tanto es as\u00ed que en algunos casos, existe confusi\u00f3n a la hora de [&hellip;]<\/p>\n","protected":false},"author":30,"featured_media":132237,"comment_status":"closed","ping_status":"closed","sticky":false,"template":"","format":"standard","meta":{"jnews-multi-image_gallery":[],"jnews_single_post":{"format":"standard"},"jnews_primary_category":[],"jnews_social_meta":[],"jnews_override_counter":[],"footnotes":""},"categories":[6317],"tags":[],"class_list":["post-132235","post","type-post","status-publish","format-standard","has-post-thumbnail","hentry","category-ninos"],"_links":{"self":[{"href":"https:\/\/www.primor.eu\/blog\/wp-json\/wp\/v2\/posts\/132235","targetHints":{"allow":["GET"]}}],"collection":[{"href":"https:\/\/www.primor.eu\/blog\/wp-json\/wp\/v2\/posts"}],"about":[{"href":"https:\/\/www.primor.eu\/blog\/wp-json\/wp\/v2\/types\/post"}],"author":[{"embeddable":true,"href":"https:\/\/www.primor.eu\/blog\/wp-json\/wp\/v2\/users\/30"}],"replies":[{"embeddable":true,"href":"https:\/\/www.primor.eu\/blog\/wp-json\/wp\/v2\/comments?post=132235"}],"version-history":[{"count":2,"href":"https:\/\/www.primor.eu\/blog\/wp-json\/wp\/v2\/posts\/132235\/revisions"}],"predecessor-version":[{"id":132242,"href":"https:\/\/www.primor.eu\/blog\/wp-json\/wp\/v2\/posts\/132235\/revisions\/132242"}],"wp:featuredmedia":[{"embeddable":true,"href":"https:\/\/www.primor.eu\/blog\/wp-json\/wp\/v2\/media\/132237"}],"wp:attachment":[{"href":"https:\/\/www.primor.eu\/blog\/wp-json\/wp\/v2\/media?parent=132235"}],"wp:term":[{"taxonomy":"category","embeddable":true,"href":"https:\/\/www.primor.eu\/blog\/wp-json\/wp\/v2\/categories?post=132235"},{"taxonomy":"post_tag","embeddable":true,"href":"https:\/\/www.primor.eu\/blog\/wp-json\/wp\/v2\/tags?post=132235"}],"curies":[{"name":"wp","href":"https:\/\/api.w.org\/{rel}","templated":true}]}}