{"id":132007,"date":"2025-09-25T14:45:53","date_gmt":"2025-09-25T14:45:53","guid":{"rendered":"https:\/\/www.primor.eu\/blog\/?p=132007"},"modified":"2025-09-11T15:02:39","modified_gmt":"2025-09-11T15:02:39","slug":"manzanilla","status":"publish","type":"post","link":"https:\/\/www.primor.eu\/blog\/manzanilla\/","title":{"rendered":"Manzanilla: qu\u00e9 es, beneficios y propiedades"},"content":{"rendered":"\n<p>La <strong>manzanilla<\/strong> es una de las plantas m\u00e1s conocidas y utilizadas en todo el mundo, tanto en infusiones como en cosm\u00e9tica. <strong>Su fama no es casual:<\/strong> desde la antig\u00fcedad se ha valorado por sus propiedades calmantes, digestivas y antiinflamatorias, que hoy contin\u00faan respaldadas por estudios cient\u00edficos. En este art\u00edculo de Primor te contamos qu\u00e9 es la manzanilla, sus principales beneficios y c\u00f3mo incorporarla a tu vida diaria, con las recomendaciones de nuestros expertos.<\/p>\n\n\n\n<p>La manzanilla pertenece a la <strong>familia de las Aster\u00e1ceas<\/strong> y existen varias especies, siendo la m\u00e1s utilizada para infusiones la<strong> Chamomilla recutita<\/strong>. Sus flores secas contienen compuestos activos como flavonoides, aceites esenciales y antioxidantes, que le confieren sus efectos terap\u00e9uticos y cosm\u00e9ticos. Desde aliviar molestias digestivas hasta calmar la piel irritada, la manzanilla es un recurso natural vers\u00e1til y accesible.<\/p>\n\n\n\n<h2 class=\"wp-block-heading\">Qu\u00e9 es la manzanilla<\/h2>\n\n\n\n<p>La <strong>manzanilla<\/strong> es una planta herb\u00e1cea anual que crece en regiones templadas y es conocida por sus flores peque\u00f1as, de p\u00e9talos blancos y centro amarillo. Sus principios activos incluyen flavonoides, cumarinas y aceites esenciales como el bisabolol, que le proporcionan propiedades antiinflamatorias, antioxidantes y calmantes.<\/p>\n\n\n\n<p>\u201cLa manzanilla es un aliado natural tanto <strong>para la salud digestiva como para el cuidado de la piel.<\/strong> Sus componentes activos tienen efectos suaves pero efectivos, ideales para uso cotidiano\u201d, nos explican nuestros expertos.<\/p>\n\n\n\n<h2 class=\"wp-block-heading\">Beneficios de la manzanilla<\/h2>\n\n\n\n<p><strong>\u201cLa manzanilla es un remedio suave pero potente<\/strong>. Es perfecta para quienes buscan alternativas naturales para la digesti\u00f3n, el sue\u00f1o o el cuidado de la piel sin recurrir a productos qu\u00edmicos agresivos\u201d.<\/p>\n\n\n\n<ol class=\"wp-block-list\">\n<li><strong>Propiedades digestivas.<\/strong> La manzanilla ayuda a aliviar molestias estomacales, c\u00f3licos y digestiones pesadas. Su acci\u00f3n relajante sobre el tracto gastrointestinal contribuye a reducir inflamaci\u00f3n y gases.<\/li>\n\n\n\n<li><strong>Efecto calmante y relajante<\/strong>. Beber una infusi\u00f3n de manzanilla antes de dormir puede favorecer la relajaci\u00f3n y mejorar la calidad del sue\u00f1o.<\/li>\n\n\n\n<li><strong>Propiedades antiinflamatorias y antioxidantes. <\/strong>Gracias a los flavonoides y aceites esenciales, la manzanilla combate la inflamaci\u00f3n y protege las c\u00e9lulas del da\u00f1o oxidativo, contribuyendo a la salud general del organismo.<\/li>\n\n\n\n<li><strong>Cuidado de la piel.<\/strong> Su aplicaci\u00f3n t\u00f3pica en cremas, aceites o compresas ayuda a calmar irritaciones, quemaduras leves, inflamaciones y rojeces.<\/li>\n<\/ol>\n\n\n\n<h2 class=\"wp-block-heading\">C\u00f3mo incorporar la manzanilla<\/h2>\n\n\n\n<ul class=\"wp-block-list\">\n<li><strong>Infusiones<\/strong>: una de las formas m\u00e1s populares y efectivas. Basta con a\u00f1adir una cucharadita de flores secas a agua caliente durante 5-10 minutos.<\/li>\n\n\n\n<li><strong>Cosm\u00e9tica<\/strong>: presente en t\u00f3nicos, cremas y aceites calmantes. Tambi\u00e9n se puede aplicar como compresa para calmar irritaciones o inflamaciones cut\u00e1neas.<\/li>\n\n\n\n<li><strong>Suplementos<\/strong>: en c\u00e1psulas o extractos l\u00edquidos, especialmente indicados para digesti\u00f3n y ansiedad leves.<\/li>\n<\/ul>\n\n\n\n<p>De hecho, \u201cla manzanilla puede consumirse de forma diaria y segura. Es ideal incorporarla en infusiones tras comidas o por la noche para potenciar su efecto calmante\u201d.<\/p>\n\n\n<div class=\"kk-star-ratings kksr-auto kksr-align-center kksr-valign-bottom\"\n    data-payload='{&quot;align&quot;:&quot;center&quot;,&quot;id&quot;:&quot;132007&quot;,&quot;slug&quot;:&quot;default&quot;,&quot;valign&quot;:&quot;bottom&quot;,&quot;ignore&quot;:&quot;&quot;,&quot;reference&quot;:&quot;auto&quot;,&quot;class&quot;:&quot;&quot;,&quot;count&quot;:&quot;1&quot;,&quot;legendonly&quot;:&quot;&quot;,&quot;readonly&quot;:&quot;&quot;,&quot;score&quot;:&quot;2&quot;,&quot;starsonly&quot;:&quot;&quot;,&quot;best&quot;:&quot;5&quot;,&quot;gap&quot;:&quot;5&quot;,&quot;greet&quot;:&quot;Valora este art\u00edculo&quot;,&quot;legend&quot;:&quot;2\\\/5 - (1 voto)&quot;,&quot;size&quot;:&quot;24&quot;,&quot;title&quot;:&quot;Manzanilla: qu\u00e9 es, beneficios y propiedades&quot;,&quot;width&quot;:&quot;55.5&quot;,&quot;_legend&quot;:&quot;{score}\\\/{best} - ({count} {votes})&quot;,&quot;font_factor&quot;:&quot;1.25&quot;}'>\n            \n<div class=\"kksr-stars\">\n    \n<div class=\"kksr-stars-inactive\">\n            <div class=\"kksr-star\" data-star=\"1\" style=\"padding-right: 5px\">\n            \n\n<div class=\"kksr-icon\" style=\"width: 24px; height: 24px;\"><\/div>\n        <\/div>\n            <div class=\"kksr-star\" data-star=\"2\" style=\"padding-right: 5px\">\n            \n\n<div class=\"kksr-icon\" style=\"width: 24px; height: 24px;\"><\/div>\n        <\/div>\n            <div class=\"kksr-star\" data-star=\"3\" style=\"padding-right: 5px\">\n            \n\n<div class=\"kksr-icon\" style=\"width: 24px; height: 24px;\"><\/div>\n        <\/div>\n            <div class=\"kksr-star\" data-star=\"4\" style=\"padding-right: 5px\">\n            \n\n<div class=\"kksr-icon\" style=\"width: 24px; height: 24px;\"><\/div>\n        <\/div>\n            <div class=\"kksr-star\" data-star=\"5\" style=\"padding-right: 5px\">\n            \n\n<div class=\"kksr-icon\" style=\"width: 24px; height: 24px;\"><\/div>\n        <\/div>\n    <\/div>\n    \n<div class=\"kksr-stars-active\" style=\"width: 55.5px;\">\n            <div class=\"kksr-star\" style=\"padding-right: 5px\">\n            \n\n<div class=\"kksr-icon\" style=\"width: 24px; height: 24px;\"><\/div>\n        <\/div>\n            <div class=\"kksr-star\" style=\"padding-right: 5px\">\n            \n\n<div class=\"kksr-icon\" style=\"width: 24px; height: 24px;\"><\/div>\n        <\/div>\n            <div class=\"kksr-star\" style=\"padding-right: 5px\">\n            \n\n<div class=\"kksr-icon\" style=\"width: 24px; height: 24px;\"><\/div>\n        <\/div>\n            <div class=\"kksr-star\" style=\"padding-right: 5px\">\n            \n\n<div class=\"kksr-icon\" style=\"width: 24px; height: 24px;\"><\/div>\n        <\/div>\n            <div class=\"kksr-star\" style=\"padding-right: 5px\">\n            \n\n<div class=\"kksr-icon\" style=\"width: 24px; height: 24px;\"><\/div>\n        <\/div>\n    <\/div>\n<\/div>\n                \n\n<div class=\"kksr-legend\" style=\"font-size: 19.2px;\">\n            2\/5 - (1 voto)    <\/div>\n    <\/div>\n","protected":false},"excerpt":{"rendered":"<p>La manzanilla es una de las plantas m\u00e1s conocidas y utilizadas en todo el mundo, tanto en infusiones como en cosm\u00e9tica. Su fama no es casual: desde la antig\u00fcedad se ha valorado por sus propiedades calmantes, digestivas y antiinflamatorias, que hoy contin\u00faan respaldadas por estudios cient\u00edficos. En este art\u00edculo de Primor te contamos qu\u00e9 es [&hellip;]<\/p>\n","protected":false},"author":14,"featured_media":132021,"comment_status":"closed","ping_status":"closed","sticky":false,"template":"","format":"standard","meta":{"jnews-multi-image_gallery":[],"jnews_single_post":{"format":"standard"},"jnews_primary_category":[],"jnews_social_meta":[],"jnews_override_counter":[],"footnotes":""},"categories":[6318],"tags":[],"class_list":["post-132007","post","type-post","status-publish","format-standard","has-post-thumbnail","hentry","category-nutricion"],"_links":{"self":[{"href":"https:\/\/www.primor.eu\/blog\/wp-json\/wp\/v2\/posts\/132007","targetHints":{"allow":["GET"]}}],"collection":[{"href":"https:\/\/www.primor.eu\/blog\/wp-json\/wp\/v2\/posts"}],"about":[{"href":"https:\/\/www.primor.eu\/blog\/wp-json\/wp\/v2\/types\/post"}],"author":[{"embeddable":true,"href":"https:\/\/www.primor.eu\/blog\/wp-json\/wp\/v2\/users\/14"}],"replies":[{"embeddable":true,"href":"https:\/\/www.primor.eu\/blog\/wp-json\/wp\/v2\/comments?post=132007"}],"version-history":[{"count":1,"href":"https:\/\/www.primor.eu\/blog\/wp-json\/wp\/v2\/posts\/132007\/revisions"}],"predecessor-version":[{"id":132048,"href":"https:\/\/www.primor.eu\/blog\/wp-json\/wp\/v2\/posts\/132007\/revisions\/132048"}],"wp:featuredmedia":[{"embeddable":true,"href":"https:\/\/www.primor.eu\/blog\/wp-json\/wp\/v2\/media\/132021"}],"wp:attachment":[{"href":"https:\/\/www.primor.eu\/blog\/wp-json\/wp\/v2\/media?parent=132007"}],"wp:term":[{"taxonomy":"category","embeddable":true,"href":"https:\/\/www.primor.eu\/blog\/wp-json\/wp\/v2\/categories?post=132007"},{"taxonomy":"post_tag","embeddable":true,"href":"https:\/\/www.primor.eu\/blog\/wp-json\/wp\/v2\/tags?post=132007"}],"curies":[{"name":"wp","href":"https:\/\/api.w.org\/{rel}","templated":true}]}}