{"id":131940,"date":"2025-09-16T14:19:17","date_gmt":"2025-09-16T14:19:17","guid":{"rendered":"https:\/\/www.primor.eu\/blog\/?p=131940"},"modified":"2025-09-11T14:27:21","modified_gmt":"2025-09-11T14:27:21","slug":"frutas-temporada-otono","status":"publish","type":"post","link":"https:\/\/www.primor.eu\/blog\/frutas-temporada-otono\/","title":{"rendered":"Las 5 frutas de temporada que podr\u00e1s consumir este oto\u00f1o"},"content":{"rendered":"\n<p>El <strong>oto\u00f1o<\/strong> no solo trae consigo <strong>d\u00edas m\u00e1s cortos,<\/strong> paisajes te\u00f1idos de tonos c\u00e1lidos y la vuelta a las rutinas, tambi\u00e9n llega con una nueva despensa natural repleta de <strong>sabores \u00fanicos<\/strong> y <strong>nutrientes imprescindibles.<\/strong> Esta estaci\u00f3n es el momento ideal para aprovechar las frutas de temporada: m\u00e1s frescas, m\u00e1s econ\u00f3micas y, sobre todo, m\u00e1s ricas en vitaminas y minerales porque se recogen en su punto justo de maduraci\u00f3n.<\/p>\n\n\n\n<p>Adem\u00e1s, <strong>consumir frutas de temporada <\/strong>es una manera de cuidar nuestra salud y, al mismo tiempo, al planeta. Son productos locales, con menos transporte y, por lo tanto, con menor huella de carbono. Y si a eso sumamos que nos aportan los nutrientes que nuestro cuerpo necesita en este momento del a\u00f1o, la ecuaci\u00f3n es perfecta: bienestar y sostenibilidad de la mano.<\/p>\n\n\n\n<p>En este art\u00edculo de Primor te contamos cu\u00e1les son las<strong> 5 frutas protagonistas del oto\u00f1o,<\/strong> por qu\u00e9 deber\u00edas incluirlas en tu dieta y qu\u00e9 beneficios aportan a tu piel, tu sistema inmune y tu energ\u00eda diaria. Para ello, tambi\u00e9n contamos con las recomendaciones de nuestros expertos, que nos dan las claves para aprovechar todo lo que estas joyas de temporada nos ofrecen.<\/p>\n\n\n\n<h2 class=\"wp-block-heading\">Las mejores frutas del oto\u00f1o<\/h2>\n\n\n\n<h3 class=\"wp-block-heading\">1\/ Granadas: antioxidantes en estado puro<\/h3>\n\n\n\n<p>Las <strong>granadas<\/strong> son una de las frutas m\u00e1s ic\u00f3nicas del oto\u00f1o. Su interior, lleno de peque\u00f1os granos rojos, no solo es visualmente atractivo, tambi\u00e9n es un verdadero c\u00f3ctel antioxidante. \u201cLa granada es rica en <strong>polifenoles<\/strong> y<strong> vitamina C<\/strong>, lo que la convierte en una fruta ideal para reforzar el sistema inmunitario y proteger la piel frente al envejecimiento prematuro\u201d.<\/p>\n\n\n\n<p>Adem\u00e1s, su <strong>acci\u00f3n antiinflamatoria y su capacidad para mejorar la circulaci\u00f3n<\/strong> la convierten en una aliada para la salud cardiovascular. Puedes comerla sola, en ensaladas o incluso en zumos naturales.<\/p>\n\n\n\n<h3 class=\"wp-block-heading\">2\/ Uvas: energ\u00eda y juventud para la piel<\/h3>\n\n\n\n<p>Septiembre y octubre son meses de vendimia, y las <strong>uvas<\/strong> no pueden faltar en la lista. Son fuente de resveratrol, un antioxidante que protege las c\u00e9lulas frente al estr\u00e9s oxidativo y que, adem\u00e1s, tiene fama de ser \u201cel secreto de la eterna juventud\u201d. De hecho, tal y como cuentan nuestros expertos, \u201clas <strong>uvas<\/strong>, especialmente las negras, ayudan a mantener la piel m\u00e1s firme y luminosa, adem\u00e1s de contribuir al buen funcionamiento del coraz\u00f3n\u201d.<\/p>\n\n\n\n<p>Tambi\u00e9n son una opci\u00f3n perfecta como<strong> snack natural, f\u00e1ciles de llevar <\/strong>y con un aporte energ\u00e9tico r\u00e1pido gracias a sus az\u00facares naturales.<\/p>\n\n\n\n<h3 class=\"wp-block-heading\">3\/ Higos: dulzura cargada de fibra<\/h3>\n\n\n\n<p>El oto\u00f1o es la \u00faltima oportunidad de disfrutar de los <strong>higos frescos.<\/strong> Esta fruta es una de las m\u00e1s completas de la temporada, con un alto contenido en fibra, calcio, magnesio y potasio. \u201cConsumir higos ayuda a regular el tr\u00e1nsito intestinal y a aportar minerales esenciales que contribuyen al buen estado de los huesos y la musculatura\u201d.<\/p>\n\n\n\n<p>Adem\u00e1s, su sabor dulce y su textura carnosa los convierten en un ingrediente vers\u00e1til, perfecto tanto en postres como en recetas saladas con quesos o ensaladas.<\/p>\n\n\n\n<h3 class=\"wp-block-heading\">4\/ Caquis: vitamina A para tu piel y tu vista<\/h3>\n\n\n\n<p><strong>El caqui, tambi\u00e9n conocido como \u201cel fruto del oto\u00f1o<\/strong>\u201d, destaca por su alto contenido en betacarotenos y vitamina A. Estos nutrientes son esenciales para la salud ocular y la regeneraci\u00f3n de la piel. \u201cEl caqui es una fruta<strong> altamente antioxidante<\/strong>, ideal para mejorar la elasticidad de la piel y prevenir el da\u00f1o causado por los radicales libres\u201d.<\/p>\n\n\n\n<p>Su textura cremosa y su sabor dulce lo convierten en un postre natural perfecto, sobre todo cuando se consume en su punto de maduraci\u00f3n.<\/p>\n\n\n\n<h3 class=\"wp-block-heading\">5\/ Manzanas: la cl\u00e1sica aliada del oto\u00f1o<\/h3>\n\n\n\n<p>La <strong>manzana<\/strong> es, sin duda, una de las frutas m\u00e1s vers\u00e1tiles de esta estaci\u00f3n. Su aporte de fibra, especialmente en la piel, la convierte en un aliado para la digesti\u00f3n y el control de la saciedad. \u201cLa manzana es<strong> rica en pectina<\/strong>, una fibra soluble que ayuda a controlar los niveles de az\u00facar en sangre y a mantener un intestino sano\u201d.<\/p>\n\n\n\n<p>Adem\u00e1s,<strong> contiene vitaminas del grupo B y C, <\/strong>que refuerzan las defensas en un momento del a\u00f1o en el que empiezan a aparecer los primeros resfriados.<\/p>\n\n\n<div class=\"kk-star-ratings kksr-auto kksr-align-center kksr-valign-bottom\"\n    data-payload='{&quot;align&quot;:&quot;center&quot;,&quot;id&quot;:&quot;131940&quot;,&quot;slug&quot;:&quot;default&quot;,&quot;valign&quot;:&quot;bottom&quot;,&quot;ignore&quot;:&quot;&quot;,&quot;reference&quot;:&quot;auto&quot;,&quot;class&quot;:&quot;&quot;,&quot;count&quot;:&quot;0&quot;,&quot;legendonly&quot;:&quot;&quot;,&quot;readonly&quot;:&quot;&quot;,&quot;score&quot;:&quot;0&quot;,&quot;starsonly&quot;:&quot;&quot;,&quot;best&quot;:&quot;5&quot;,&quot;gap&quot;:&quot;5&quot;,&quot;greet&quot;:&quot;Valora este art\u00edculo&quot;,&quot;legend&quot;:&quot;0\\\/5 - (0 votos)&quot;,&quot;size&quot;:&quot;24&quot;,&quot;title&quot;:&quot;Las 5 frutas de temporada que podr\u00e1s consumir este oto\u00f1o&quot;,&quot;width&quot;:&quot;0&quot;,&quot;_legend&quot;:&quot;{score}\\\/{best} - ({count} {votes})&quot;,&quot;font_factor&quot;:&quot;1.25&quot;}'>\n            \n<div class=\"kksr-stars\">\n    \n<div class=\"kksr-stars-inactive\">\n            <div class=\"kksr-star\" data-star=\"1\" style=\"padding-right: 5px\">\n            \n\n<div class=\"kksr-icon\" style=\"width: 24px; height: 24px;\"><\/div>\n        <\/div>\n            <div class=\"kksr-star\" data-star=\"2\" style=\"padding-right: 5px\">\n            \n\n<div class=\"kksr-icon\" style=\"width: 24px; height: 24px;\"><\/div>\n        <\/div>\n            <div class=\"kksr-star\" data-star=\"3\" style=\"padding-right: 5px\">\n            \n\n<div class=\"kksr-icon\" style=\"width: 24px; height: 24px;\"><\/div>\n        <\/div>\n            <div class=\"kksr-star\" data-star=\"4\" style=\"padding-right: 5px\">\n            \n\n<div class=\"kksr-icon\" style=\"width: 24px; height: 24px;\"><\/div>\n        <\/div>\n            <div class=\"kksr-star\" data-star=\"5\" style=\"padding-right: 5px\">\n            \n\n<div class=\"kksr-icon\" style=\"width: 24px; height: 24px;\"><\/div>\n        <\/div>\n    <\/div>\n    \n<div class=\"kksr-stars-active\" style=\"width: 0px;\">\n            <div class=\"kksr-star\" style=\"padding-right: 5px\">\n            \n\n<div class=\"kksr-icon\" style=\"width: 24px; height: 24px;\"><\/div>\n        <\/div>\n            <div class=\"kksr-star\" style=\"padding-right: 5px\">\n            \n\n<div class=\"kksr-icon\" style=\"width: 24px; height: 24px;\"><\/div>\n        <\/div>\n            <div class=\"kksr-star\" style=\"padding-right: 5px\">\n            \n\n<div class=\"kksr-icon\" style=\"width: 24px; height: 24px;\"><\/div>\n        <\/div>\n            <div class=\"kksr-star\" style=\"padding-right: 5px\">\n            \n\n<div class=\"kksr-icon\" style=\"width: 24px; height: 24px;\"><\/div>\n        <\/div>\n            <div class=\"kksr-star\" style=\"padding-right: 5px\">\n            \n\n<div class=\"kksr-icon\" style=\"width: 24px; height: 24px;\"><\/div>\n        <\/div>\n    <\/div>\n<\/div>\n                \n\n<div class=\"kksr-legend\" style=\"font-size: 19.2px;\">\n            <span class=\"kksr-muted\">Valora este art\u00edculo<\/span>\n    <\/div>\n    <\/div>\n","protected":false},"excerpt":{"rendered":"<p>El oto\u00f1o no solo trae consigo d\u00edas m\u00e1s cortos, paisajes te\u00f1idos de tonos c\u00e1lidos y la vuelta a las rutinas, tambi\u00e9n llega con una nueva despensa natural repleta de sabores \u00fanicos y nutrientes imprescindibles. Esta estaci\u00f3n es el momento ideal para aprovechar las frutas de temporada: m\u00e1s frescas, m\u00e1s econ\u00f3micas y, sobre todo, m\u00e1s ricas [&hellip;]<\/p>\n","protected":false},"author":14,"featured_media":131970,"comment_status":"closed","ping_status":"closed","sticky":false,"template":"","format":"standard","meta":{"jnews-multi-image_gallery":[],"jnews_single_post":{"format":"standard"},"jnews_primary_category":[],"jnews_social_meta":[],"jnews_override_counter":[],"footnotes":""},"categories":[6318],"tags":[],"class_list":["post-131940","post","type-post","status-publish","format-standard","has-post-thumbnail","hentry","category-nutricion"],"_links":{"self":[{"href":"https:\/\/www.primor.eu\/blog\/wp-json\/wp\/v2\/posts\/131940","targetHints":{"allow":["GET"]}}],"collection":[{"href":"https:\/\/www.primor.eu\/blog\/wp-json\/wp\/v2\/posts"}],"about":[{"href":"https:\/\/www.primor.eu\/blog\/wp-json\/wp\/v2\/types\/post"}],"author":[{"embeddable":true,"href":"https:\/\/www.primor.eu\/blog\/wp-json\/wp\/v2\/users\/14"}],"replies":[{"embeddable":true,"href":"https:\/\/www.primor.eu\/blog\/wp-json\/wp\/v2\/comments?post=131940"}],"version-history":[{"count":1,"href":"https:\/\/www.primor.eu\/blog\/wp-json\/wp\/v2\/posts\/131940\/revisions"}],"predecessor-version":[{"id":131977,"href":"https:\/\/www.primor.eu\/blog\/wp-json\/wp\/v2\/posts\/131940\/revisions\/131977"}],"wp:featuredmedia":[{"embeddable":true,"href":"https:\/\/www.primor.eu\/blog\/wp-json\/wp\/v2\/media\/131970"}],"wp:attachment":[{"href":"https:\/\/www.primor.eu\/blog\/wp-json\/wp\/v2\/media?parent=131940"}],"wp:term":[{"taxonomy":"category","embeddable":true,"href":"https:\/\/www.primor.eu\/blog\/wp-json\/wp\/v2\/categories?post=131940"},{"taxonomy":"post_tag","embeddable":true,"href":"https:\/\/www.primor.eu\/blog\/wp-json\/wp\/v2\/tags?post=131940"}],"curies":[{"name":"wp","href":"https:\/\/api.w.org\/{rel}","templated":true}]}}