{"id":131938,"date":"2025-09-16T14:19:16","date_gmt":"2025-09-16T14:19:16","guid":{"rendered":"https:\/\/www.primor.eu\/blog\/?p=131938"},"modified":"2026-04-30T15:56:42","modified_gmt":"2026-04-30T15:56:42","slug":"estres-cuero-cabelludo","status":"publish","type":"post","link":"https:\/\/www.primor.eu\/blog\/estres-cuero-cabelludo\/","title":{"rendered":"Picores, descamaci\u00f3n, ca\u00edda&#8230; c\u00f3mo el estr\u00e9s influye en tu cuero cabelludo"},"content":{"rendered":"\n<p>Sabemos que el <strong>estr\u00e9s<\/strong> afecta a la piel, al sue\u00f1o, a la <strong>digesti\u00f3n<\/strong>, al estado de \u00e1nimo\u2026 y tambi\u00e9n a<a href=\"https:\/\/www.primor.eu\/es_es\/cabello\" data-type=\"link\" data-id=\"https:\/\/www.primor.eu\/es_es\/cabello\">l <strong>cuero cabelludo<\/strong><\/a><strong>.<\/strong> No es casualidad que durante \u00e9pocas de alta presi\u00f3n o ansiedad aparezcan molestias como picor, sensibilidad, caspa o incluso ca\u00edda m\u00e1s pronunciada del cabello. El estr\u00e9s tiene consecuencias f\u00edsicas, y una de las zonas m\u00e1s olvidadas (pero m\u00e1s sensibles) es el cuero cabelludo.<\/p>\n\n\n\n<p>Aunque muchas veces lo confundimos con otras afecciones \u2014como la <a href=\"https:\/\/www.primor.eu\/blog\/dermatitis-seborreica\/?srsltid=AfmBOoroaju55lRW_QEa4aCtUQ6jjAyRe8AghdzU1LnF8pksn6CO2LhK\"><strong>dermatitis seborreica<\/strong><\/a> o la <a href=\"https:\/\/www.primor.eu\/blog\/psoriasis\/?srsltid=AfmBOorTajFvK29DL4CAaXBH4lz8D9Cn8oZqOambK6nHbR6rAuI6t6N2\">psoriasis<\/a>\u2014, el cuero cabelludo estresado tiene s\u00edntomas propios y reconocibles. Es <strong>importante<\/strong> detectarlos a tiempo, tratarlos con productos adecuados y modificar h\u00e1bitos que puedan estar agravando el problema.<\/p>\n\n\n\n<h2 class=\"wp-block-heading\">\u00bfC\u00f3mo afecta el estr\u00e9s al cuero cabelludo?<\/h2>\n\n\n\n<p>El estr\u00e9s provoca una alteraci\u00f3n hormonal en el organismo, especialmente un aumento del <strong>cortisol<\/strong>, la llamada <strong><em>hormona del estr\u00e9s<\/em><\/strong>. Esta alteraci\u00f3n afecta al ciclo capilar y a la microcirculaci\u00f3n sangu\u00ednea en el cuero cabelludo, lo que se traduce en una menor oxigenaci\u00f3n de la ra\u00edz, debilitamiento del fol\u00edculo y ca\u00edda del cabello. \u201cCada vez vemos m\u00e1s casos de ca\u00edda difusa y alteraciones del cuero cabelludo provocados por situaciones de estr\u00e9s. Es importante actuar a tiempo, porque si no se trata adecuadamente, puede cronificarse\u201d, detallan nuestros expertos.<\/p>\n\n\n\n<p>Adem\u00e1s, el sistema nervioso reacciona aumentando la sensibilidad cut\u00e1nea, lo que puede producir picor, escozor, descamaci\u00f3n y sensaci\u00f3n de tirantez. Muchas personas describen una especie de <strong>ardor<\/strong> en el cuero cabelludo o un dolor leve al tocarse el pelo. Todo eso puede estar directamente relacionado con el estr\u00e9s, incluso si no hay ninguna afecci\u00f3n m\u00e9dica de base.<\/p>\n\n\n\n<h2 class=\"wp-block-heading\">Principales signos de alarma<\/h2>\n\n\n\n<p><strong>No se trata solo de una molestia puntual.<\/strong> Un cuero cabelludo afectado por el estr\u00e9s puede manifestarse de muchas formas:<\/p>\n\n\n\n<ul class=\"wp-block-list\">\n<li>Picor persistente, incluso sin caspa visible.<\/li>\n\n\n\n<li>Sensaci\u00f3n de ardor o calor en la ra\u00edz.<\/li>\n\n\n\n<li>Descamaci\u00f3n seca o grasa.<\/li>\n\n\n\n<li>Mayor ca\u00edda del cabello, sobre todo en la ducha o al cepillar.<\/li>\n\n\n\n<li>Zonas de enrojecimiento o dolor al tacto.<\/li>\n\n\n\n<li>Cambios en la textura o densidad del cabello.<\/li>\n<\/ul>\n\n\n\n<p>Si experimentas dos o m\u00e1s de estos signos, puede que tu cuero cabelludo est\u00e9 respondiendo a una situaci\u00f3n de estr\u00e9s.<\/p>\n\n\n\n<h2 class=\"wp-block-heading\">\u00bfQu\u00e9 puedes hacer para mejorar esta situaci\u00f3n?<\/h2>\n\n\n\n<h3 class=\"wp-block-heading\">1\/ Introduce productos espec\u00edficos en tu rutina<\/h3>\n\n\n\n<p>Opta por champ\u00fas calmantes, sin sulfatos, con pH equilibrado y activos como la niacinamida, la centella asi\u00e1tica o el pantenol. Evita productos muy agresivos o con alcohol.<\/p>\n\n\n\n<h3 class=\"wp-block-heading\">2\/ Haz pausas en el uso de herramientas t\u00e9rmicas<\/h3>\n\n\n\n<p>El calor de secadores y planchas puede empeorar la inflamaci\u00f3n. Durante unos d\u00edas, deja que tu cabello se seque al aire y reduce la fricci\u00f3n con toallas.<\/p>\n\n\n\n<h3 class=\"wp-block-heading\">3\/ Exfolia el cuero cabelludo una vez a la semana<\/h3>\n\n\n\n<p>Usa un exfoliante suave espec\u00edfico para eliminar residuos, piel muerta y estimular la microcirculaci\u00f3n. No uses exfoliantes faciales o corporales para esta zona.<\/p>\n\n\n\n<h3 class=\"wp-block-heading\">4\/ Prioriza una alimentaci\u00f3n rica en vitaminas y minerales<\/h3>\n\n\n\n<p>La biotina, el zinc, el hierro y las vitaminas del grupo B son esenciales para la salud capilar. Una dieta variada, junto con una buena hidrataci\u00f3n, mejora notablemente la resistencia del cuero cabelludo.<\/p>\n\n\n\n<h3 class=\"wp-block-heading\">5\/ Regula tu nivel de estr\u00e9s<\/h3>\n\n\n\n<p>Sabemos que no es f\u00e1cil, pero encontrar momentos para desconectar, dormir bien y reducir la sobrecarga mental tiene un impacto directo en tu salud general y tambi\u00e9n en tu piel y cabello.<\/p>\n\n\n\n<h2 class=\"wp-block-heading\">Dos productos perfectos para estos problemas<\/h2>\n\n\n\n<h3 class=\"wp-block-heading\">Champ\u00fa Professional Treatment Sin Sulfatos de Herbal<\/h3>\n\n\n\n<p>Champ\u00fa relajante para cuero cabelludo sensible que incorpora Avena sativa, hidratante natural que ayuda a prevenir la sequedad, irritaci\u00f3n y picor del cuero cabelludo. Est\u00e1 elaborado con un pH neutro y sin sulfatos para una limpieza suave y frecuente del cuero cabelludo sensible e irritado, sin alterar el equilibrio natural. El cabello queda suave, suelto y con un brillo natural.<\/p>\n\n\n\n<p>Sin siliconas, colorantes ni parabenos.<\/p>\n\n\n    <a class='product' target='_blank' href='https:\/\/www.primor.eu\/es_es\/herbal-champu-professional-treatment-sin-sulfatos-8972.html'>\r\n        <img loading='async' src='https:\/\/cdn2.primor.eu\/media\/catalog\/product\/cache\/8d3aba296f7a18b5251ee30fa5db42b2\/6\/X\/6XS08884_1_f0c5.jpg' alt='COMPRAR AHORA'>\r\n            <div class=\"claim\">\r\n                COMPRAR AHORA            <\/div>\r\n        <\/a>\r\n    \n\n\n<h3 class=\"wp-block-heading\">Loci\u00f3n Anticaspa Squanorm de Ducray<\/h3>\n\n\n\n<p>Loci\u00f3n Anticaspa Squanorm&nbsp;est\u00e1 indicada para aliviar el cuero cabelludo irritado con picores provocados por la presencia de la caspa. Se puede utilizar&nbsp;como complemento o en lugar de los champ\u00fas tratantes anticaspa.<\/p>\n\n\n\n<p>La f\u00f3rmula de la Loci\u00f3n Anticaspa Squanorm contiene Keluamid que favorece la eliminaci\u00f3n de la caspa y limita la reaparici\u00f3n de la caspa.<\/p>\n\n\n\n<p>Desde la primera utilizaci\u00f3n de la&nbsp;<strong>Loci\u00f3n Anticaspa Squanorm<\/strong>, el picor disminuye.&nbsp;Su uso regular&nbsp; permite sanear el cuero cabelludo y eliminar la caspa.<\/p>\n\n\n\n<p>Seca r\u00e1pidamente y no engrasa el cabello.<\/p>\n\n\n    <a class='product' target='_blank' href='https:\/\/www.primor.eu\/es_es\/ducray-locion-anticaspa-squanorm-8556.html'>\r\n        <img loading='async' src='https:\/\/cdn2.primor.eu\/media\/catalog\/product\/cache\/8d3aba296f7a18b5251ee30fa5db42b2\/d\/u\/ducray_squanorm_locion_anticaspa_con_zinc_200ml_b00a.jpg' alt='COMPRAR AHORA'>\r\n            <div class=\"claim\">\r\n                COMPRAR AHORA            <\/div>\r\n        <\/a>\r\n    \n\n<div class=\"kk-star-ratings kksr-auto kksr-align-center kksr-valign-bottom\"\n    data-payload='{&quot;align&quot;:&quot;center&quot;,&quot;id&quot;:&quot;131938&quot;,&quot;slug&quot;:&quot;default&quot;,&quot;valign&quot;:&quot;bottom&quot;,&quot;ignore&quot;:&quot;&quot;,&quot;reference&quot;:&quot;auto&quot;,&quot;class&quot;:&quot;&quot;,&quot;count&quot;:&quot;1&quot;,&quot;legendonly&quot;:&quot;&quot;,&quot;readonly&quot;:&quot;&quot;,&quot;score&quot;:&quot;1&quot;,&quot;starsonly&quot;:&quot;&quot;,&quot;best&quot;:&quot;5&quot;,&quot;gap&quot;:&quot;5&quot;,&quot;greet&quot;:&quot;Valora este art\u00edculo&quot;,&quot;legend&quot;:&quot;1\\\/5 - (1 voto)&quot;,&quot;size&quot;:&quot;24&quot;,&quot;title&quot;:&quot;Picores, descamaci\u00f3n, ca\u00edda... c\u00f3mo el estr\u00e9s influye en tu cuero cabelludo&quot;,&quot;width&quot;:&quot;26.5&quot;,&quot;_legend&quot;:&quot;{score}\\\/{best} - ({count} {votes})&quot;,&quot;font_factor&quot;:&quot;1.25&quot;}'>\n            \n<div class=\"kksr-stars\">\n    \n<div class=\"kksr-stars-inactive\">\n            <div class=\"kksr-star\" data-star=\"1\" style=\"padding-right: 5px\">\n            \n\n<div class=\"kksr-icon\" style=\"width: 24px; height: 24px;\"><\/div>\n        <\/div>\n            <div class=\"kksr-star\" data-star=\"2\" style=\"padding-right: 5px\">\n            \n\n<div class=\"kksr-icon\" style=\"width: 24px; height: 24px;\"><\/div>\n        <\/div>\n            <div class=\"kksr-star\" data-star=\"3\" style=\"padding-right: 5px\">\n            \n\n<div class=\"kksr-icon\" style=\"width: 24px; height: 24px;\"><\/div>\n        <\/div>\n            <div class=\"kksr-star\" data-star=\"4\" style=\"padding-right: 5px\">\n            \n\n<div class=\"kksr-icon\" style=\"width: 24px; height: 24px;\"><\/div>\n        <\/div>\n            <div class=\"kksr-star\" data-star=\"5\" style=\"padding-right: 5px\">\n            \n\n<div class=\"kksr-icon\" style=\"width: 24px; height: 24px;\"><\/div>\n        <\/div>\n    <\/div>\n    \n<div class=\"kksr-stars-active\" style=\"width: 26.5px;\">\n            <div class=\"kksr-star\" style=\"padding-right: 5px\">\n            \n\n<div class=\"kksr-icon\" style=\"width: 24px; height: 24px;\"><\/div>\n        <\/div>\n            <div class=\"kksr-star\" style=\"padding-right: 5px\">\n            \n\n<div class=\"kksr-icon\" style=\"width: 24px; height: 24px;\"><\/div>\n        <\/div>\n            <div class=\"kksr-star\" style=\"padding-right: 5px\">\n            \n\n<div class=\"kksr-icon\" style=\"width: 24px; height: 24px;\"><\/div>\n        <\/div>\n            <div class=\"kksr-star\" style=\"padding-right: 5px\">\n            \n\n<div class=\"kksr-icon\" style=\"width: 24px; height: 24px;\"><\/div>\n        <\/div>\n            <div class=\"kksr-star\" style=\"padding-right: 5px\">\n            \n\n<div class=\"kksr-icon\" style=\"width: 24px; height: 24px;\"><\/div>\n        <\/div>\n    <\/div>\n<\/div>\n                \n\n<div class=\"kksr-legend\" style=\"font-size: 19.2px;\">\n            1\/5 - (1 voto)    <\/div>\n    <\/div>\n","protected":false},"excerpt":{"rendered":"<p>Sabemos que el estr\u00e9s afecta a la piel, al sue\u00f1o, a la digesti\u00f3n, al estado de \u00e1nimo\u2026 y tambi\u00e9n al cuero cabelludo. No es casualidad que durante \u00e9pocas de alta presi\u00f3n o ansiedad aparezcan molestias como picor, sensibilidad, caspa o incluso ca\u00edda m\u00e1s pronunciada del cabello. El estr\u00e9s tiene consecuencias f\u00edsicas, y una de las [&hellip;]<\/p>\n","protected":false},"author":14,"featured_media":131971,"comment_status":"closed","ping_status":"closed","sticky":false,"template":"","format":"standard","meta":{"jnews-multi-image_gallery":[],"jnews_single_post":{"format":"standard"},"jnews_primary_category":[],"jnews_social_meta":[],"jnews_override_counter":[],"footnotes":""},"categories":[35],"tags":[],"class_list":["post-131938","post","type-post","status-publish","format-standard","has-post-thumbnail","hentry","category-cabello"],"_links":{"self":[{"href":"https:\/\/www.primor.eu\/blog\/wp-json\/wp\/v2\/posts\/131938","targetHints":{"allow":["GET"]}}],"collection":[{"href":"https:\/\/www.primor.eu\/blog\/wp-json\/wp\/v2\/posts"}],"about":[{"href":"https:\/\/www.primor.eu\/blog\/wp-json\/wp\/v2\/types\/post"}],"author":[{"embeddable":true,"href":"https:\/\/www.primor.eu\/blog\/wp-json\/wp\/v2\/users\/14"}],"replies":[{"embeddable":true,"href":"https:\/\/www.primor.eu\/blog\/wp-json\/wp\/v2\/comments?post=131938"}],"version-history":[{"count":2,"href":"https:\/\/www.primor.eu\/blog\/wp-json\/wp\/v2\/posts\/131938\/revisions"}],"predecessor-version":[{"id":142052,"href":"https:\/\/www.primor.eu\/blog\/wp-json\/wp\/v2\/posts\/131938\/revisions\/142052"}],"wp:featuredmedia":[{"embeddable":true,"href":"https:\/\/www.primor.eu\/blog\/wp-json\/wp\/v2\/media\/131971"}],"wp:attachment":[{"href":"https:\/\/www.primor.eu\/blog\/wp-json\/wp\/v2\/media?parent=131938"}],"wp:term":[{"taxonomy":"category","embeddable":true,"href":"https:\/\/www.primor.eu\/blog\/wp-json\/wp\/v2\/categories?post=131938"},{"taxonomy":"post_tag","embeddable":true,"href":"https:\/\/www.primor.eu\/blog\/wp-json\/wp\/v2\/tags?post=131938"}],"curies":[{"name":"wp","href":"https:\/\/api.w.org\/{rel}","templated":true}]}}