{"id":131934,"date":"2025-09-16T14:19:13","date_gmt":"2025-09-16T14:19:13","guid":{"rendered":"https:\/\/www.primor.eu\/blog\/?p=131934"},"modified":"2025-09-11T14:28:44","modified_gmt":"2025-09-11T14:28:44","slug":"cuero-cabelludo-estresado","status":"publish","type":"post","link":"https:\/\/www.primor.eu\/blog\/cuero-cabelludo-estresado\/","title":{"rendered":"\u00bfCuero cabelludo estresado? Qu\u00e9 es, por qu\u00e9 ocurre y c\u00f3mo tratarlo"},"content":{"rendered":"\n<p>El<strong> cuero cabelludo<\/strong> tambi\u00e9n sufre. Aunque muchas veces lo olvidamos, forma parte activa de nuestra piel y reacciona igual que el resto del cuerpo ante el <strong>estr\u00e9s<\/strong>, los <strong>cambios de estaci\u00f3n<\/strong>, la <strong>alimentaci\u00f3n<\/strong> o los <strong>h\u00e1bitos poco saludables<\/strong>. Si \u00faltimamente notas molestias, picores, irritaci\u00f3n o m\u00e1s ca\u00edda de cabello de lo habitual, es posible que est\u00e9s ante un caso de cuero cabelludo estresado.<\/p>\n\n\n\n<p>Este <strong>problema<\/strong> no es exclusivo de personas con patolog\u00edas capilares. Le puede ocurrir a cualquiera, y cada vez es m\u00e1s com\u00fan en personas j\u00f3venes. La <strong>buena noticia<\/strong>: puedes prevenirlo, reconocerlo a tiempo y tratarlo de forma eficaz con productos adecuados y cambios sencillos en tu rutina de cuidado capilar.<\/p>\n\n\n\n<h2 class=\"wp-block-heading\">\u00bfQu\u00e9 es un cuero cabelludo estresado?<\/h2>\n\n\n\n<p>Se trata de un <strong>estado inflamatorio del cuero cabelludo<\/strong> causado por un desequilibrio en su barrera protectora. Puede manifestarse como <strong>enrojecimiento<\/strong>, sensaci\u00f3n de <strong>tirantez<\/strong>, <strong>picor<\/strong> constante, <strong>sequedad<\/strong> o <strong>exceso de grasa<\/strong>, descamaci\u00f3n visible y, en muchos casos, ca\u00edda del cabello m\u00e1s intensa de lo habitual.<\/p>\n\n\n\n<p><strong>No es una afecci\u00f3n m\u00e9dica por s\u00ed sola<\/strong>, pero puede agravar otras como la dermatitis seborreica, la psoriasis o el efluvio tel\u00f3geno si no se trata correctamente. \u201cMuchas veces se asocia el picor o la irritaci\u00f3n en el cuero cabelludo al uso de un producto, pero en realidad se trata de un desequilibrio causado por estr\u00e9s. Es importante observar tambi\u00e9n otros s\u00edntomas como la ca\u00edda de cabello o el enrojecimiento persistente\u201d.<\/p>\n\n\n\n<h2 class=\"wp-block-heading\">Principales causas<\/h2>\n\n\n\n<p>Un cuero cabelludo estresado puede deberse a m\u00faltiples factores, y lo habitual es que aparezcan combinados. Estos son los m\u00e1s comunes:<\/p>\n\n\n\n<ul class=\"wp-block-list\">\n<li><strong>Estr\u00e9s emocional<\/strong>: ansiedad, insomnio o periodos de presi\u00f3n intensa pueden alterar el ciclo del cabello y afectar al cuero cabelludo.<\/li>\n<\/ul>\n\n\n\n<ul class=\"wp-block-list\">\n<li><strong>Lavado excesivo o inadecuado<\/strong>: usar productos demasiado agresivos, aplicar agua muy caliente o frotar con fuerza puede da\u00f1ar la barrera hidrolip\u00eddica.<\/li>\n\n\n\n<li><strong>Cambios hormonales<\/strong>: embarazo, posparto, menopausia o tratamientos m\u00e9dicos pueden desequilibrar la salud del cuero cabelludo.<\/li>\n\n\n\n<li><strong>Contaminaci\u00f3n y clima<\/strong>: el exceso de poluci\u00f3n, fr\u00edo o sol prolongado sin protecci\u00f3n afecta directamente a esta zona.<\/li>\n\n\n\n<li><strong>Dieta deficiente<\/strong>: una alimentaci\u00f3n pobre en vitaminas del grupo B, hierro o zinc puede alterar el cuero cabelludo y la salud capilar.<\/li>\n<\/ul>\n\n\n\n<h2 class=\"wp-block-heading\">\u00bfC\u00f3mo puedes tratarlo?<\/h2>\n\n\n\n<p>El primer paso es reconocer los s\u00edntomas y adaptar tu rutina. Aqu\u00ed te dejamos algunas recomendaciones:<\/p>\n\n\n\n<h3 class=\"wp-block-heading\">1\/ Elige productos suaves y calmantes<\/h3>\n\n\n\n<p><a href=\"https:\/\/www.primor.eu\/blog\/mejores-champus-sin-sulfatos\/?srsltid=AfmBOop0LUabBHlCl4k7wj5wX2-Owa-_500qP2xrX23t64v4bKgP4aWm\">Champ\u00fas sin sulfatos<\/a>, con pH equilibrado y activos como aloe vera, pantenol o niacinamida son la mejor opci\u00f3n. Evita las f\u00f3rmulas con alcohol o fragancias intensas.<\/p>\n\n\n\n<h3 class=\"wp-block-heading\">2\/ No laves el cabello todos los d\u00edas<\/h3>\n\n\n\n<p>Salvo que tengas una indicaci\u00f3n m\u00e9dica, intenta espaciar los lavados para permitir que el cuero cabelludo se recupere y mantenga su equilibrio natural.<\/p>\n\n\n\n<h3 class=\"wp-block-heading\">3\/ Incluye un tratamiento espec\u00edfico<\/h3>\n\n\n\n<p>Hay lociones, t\u00f3nicos o s\u00e9rums capilares formulados para calmar y restaurar el cuero cabelludo. Busca productos con ingredientes como \u00e1cido hialur\u00f3nico, prebi\u00f3ticos, extracto de manzanilla o centella asi\u00e1tica.<\/p>\n\n\n\n<h3 class=\"wp-block-heading\">4\/ Exfolia el cuero cabelludo (s\u00ed, tambi\u00e9n necesita exfoliaci\u00f3n)<\/h3>\n\n\n\n<p>Una vez a la semana, utiliza un exfoliante espec\u00edfico para eliminar impurezas, c\u00e9lulas muertas y residuos de producto. No uses exfoliantes corporales en esta zona.<\/p>\n\n\n\n<h3 class=\"wp-block-heading\">5\/ Revisa tu dieta y nivel de estr\u00e9s<\/h3>\n\n\n\n<p>Aumenta la ingesta de alimentos ricos en antioxidantes, vitamina B7 (biotina), \u00e1cidos grasos omega 3 y agua. Dormir bien y reducir el estr\u00e9s tambi\u00e9n marcar\u00e1n una diferencia real en tu salud capilar.<\/p>\n\n\n<div class=\"kk-star-ratings kksr-auto kksr-align-center kksr-valign-bottom\"\n    data-payload='{&quot;align&quot;:&quot;center&quot;,&quot;id&quot;:&quot;131934&quot;,&quot;slug&quot;:&quot;default&quot;,&quot;valign&quot;:&quot;bottom&quot;,&quot;ignore&quot;:&quot;&quot;,&quot;reference&quot;:&quot;auto&quot;,&quot;class&quot;:&quot;&quot;,&quot;count&quot;:&quot;1&quot;,&quot;legendonly&quot;:&quot;&quot;,&quot;readonly&quot;:&quot;&quot;,&quot;score&quot;:&quot;5&quot;,&quot;starsonly&quot;:&quot;&quot;,&quot;best&quot;:&quot;5&quot;,&quot;gap&quot;:&quot;5&quot;,&quot;greet&quot;:&quot;Valora este art\u00edculo&quot;,&quot;legend&quot;:&quot;5\\\/5 - (1 voto)&quot;,&quot;size&quot;:&quot;24&quot;,&quot;title&quot;:&quot;\u00bfCuero cabelludo estresado? Qu\u00e9 es, por qu\u00e9 ocurre y c\u00f3mo tratarlo&quot;,&quot;width&quot;:&quot;142.5&quot;,&quot;_legend&quot;:&quot;{score}\\\/{best} - ({count} {votes})&quot;,&quot;font_factor&quot;:&quot;1.25&quot;}'>\n            \n<div class=\"kksr-stars\">\n    \n<div class=\"kksr-stars-inactive\">\n            <div class=\"kksr-star\" data-star=\"1\" style=\"padding-right: 5px\">\n            \n\n<div class=\"kksr-icon\" style=\"width: 24px; height: 24px;\"><\/div>\n        <\/div>\n            <div class=\"kksr-star\" data-star=\"2\" style=\"padding-right: 5px\">\n            \n\n<div class=\"kksr-icon\" style=\"width: 24px; height: 24px;\"><\/div>\n        <\/div>\n            <div class=\"kksr-star\" data-star=\"3\" style=\"padding-right: 5px\">\n            \n\n<div class=\"kksr-icon\" style=\"width: 24px; height: 24px;\"><\/div>\n        <\/div>\n            <div class=\"kksr-star\" data-star=\"4\" style=\"padding-right: 5px\">\n            \n\n<div class=\"kksr-icon\" style=\"width: 24px; height: 24px;\"><\/div>\n        <\/div>\n            <div class=\"kksr-star\" data-star=\"5\" style=\"padding-right: 5px\">\n            \n\n<div class=\"kksr-icon\" style=\"width: 24px; height: 24px;\"><\/div>\n        <\/div>\n    <\/div>\n    \n<div class=\"kksr-stars-active\" style=\"width: 142.5px;\">\n            <div class=\"kksr-star\" style=\"padding-right: 5px\">\n            \n\n<div class=\"kksr-icon\" style=\"width: 24px; height: 24px;\"><\/div>\n        <\/div>\n            <div class=\"kksr-star\" style=\"padding-right: 5px\">\n            \n\n<div class=\"kksr-icon\" style=\"width: 24px; height: 24px;\"><\/div>\n        <\/div>\n            <div class=\"kksr-star\" style=\"padding-right: 5px\">\n            \n\n<div class=\"kksr-icon\" style=\"width: 24px; height: 24px;\"><\/div>\n        <\/div>\n            <div class=\"kksr-star\" style=\"padding-right: 5px\">\n            \n\n<div class=\"kksr-icon\" style=\"width: 24px; height: 24px;\"><\/div>\n        <\/div>\n            <div class=\"kksr-star\" style=\"padding-right: 5px\">\n            \n\n<div class=\"kksr-icon\" style=\"width: 24px; height: 24px;\"><\/div>\n        <\/div>\n    <\/div>\n<\/div>\n                \n\n<div class=\"kksr-legend\" style=\"font-size: 19.2px;\">\n            5\/5 - (1 voto)    <\/div>\n    <\/div>\n","protected":false},"excerpt":{"rendered":"<p>El cuero cabelludo tambi\u00e9n sufre. Aunque muchas veces lo olvidamos, forma parte activa de nuestra piel y reacciona igual que el resto del cuerpo ante el estr\u00e9s, los cambios de estaci\u00f3n, la alimentaci\u00f3n o los h\u00e1bitos poco saludables. Si \u00faltimamente notas molestias, picores, irritaci\u00f3n o m\u00e1s ca\u00edda de cabello de lo habitual, es posible que [&hellip;]<\/p>\n","protected":false},"author":14,"featured_media":131973,"comment_status":"closed","ping_status":"closed","sticky":false,"template":"","format":"standard","meta":{"jnews-multi-image_gallery":[],"jnews_single_post":{"format":"standard"},"jnews_primary_category":[],"jnews_social_meta":[],"jnews_override_counter":[],"footnotes":""},"categories":[6321,35],"tags":[],"class_list":["post-131934","post","type-post","status-publish","format-standard","has-post-thumbnail","hentry","category-banner-home","category-cabello"],"_links":{"self":[{"href":"https:\/\/www.primor.eu\/blog\/wp-json\/wp\/v2\/posts\/131934","targetHints":{"allow":["GET"]}}],"collection":[{"href":"https:\/\/www.primor.eu\/blog\/wp-json\/wp\/v2\/posts"}],"about":[{"href":"https:\/\/www.primor.eu\/blog\/wp-json\/wp\/v2\/types\/post"}],"author":[{"embeddable":true,"href":"https:\/\/www.primor.eu\/blog\/wp-json\/wp\/v2\/users\/14"}],"replies":[{"embeddable":true,"href":"https:\/\/www.primor.eu\/blog\/wp-json\/wp\/v2\/comments?post=131934"}],"version-history":[{"count":1,"href":"https:\/\/www.primor.eu\/blog\/wp-json\/wp\/v2\/posts\/131934\/revisions"}],"predecessor-version":[{"id":131979,"href":"https:\/\/www.primor.eu\/blog\/wp-json\/wp\/v2\/posts\/131934\/revisions\/131979"}],"wp:featuredmedia":[{"embeddable":true,"href":"https:\/\/www.primor.eu\/blog\/wp-json\/wp\/v2\/media\/131973"}],"wp:attachment":[{"href":"https:\/\/www.primor.eu\/blog\/wp-json\/wp\/v2\/media?parent=131934"}],"wp:term":[{"taxonomy":"category","embeddable":true,"href":"https:\/\/www.primor.eu\/blog\/wp-json\/wp\/v2\/categories?post=131934"},{"taxonomy":"post_tag","embeddable":true,"href":"https:\/\/www.primor.eu\/blog\/wp-json\/wp\/v2\/tags?post=131934"}],"curies":[{"name":"wp","href":"https:\/\/api.w.org\/{rel}","templated":true}]}}