{"id":131514,"date":"2025-09-07T15:00:00","date_gmt":"2025-09-07T15:00:00","guid":{"rendered":"https:\/\/www.primor.eu\/blog\/?p=131514"},"modified":"2025-09-01T17:23:49","modified_gmt":"2025-09-01T17:23:49","slug":"cortes-de-pelo-corto-hombre-tendencias","status":"publish","type":"post","link":"https:\/\/www.primor.eu\/blog\/cortes-de-pelo-corto-hombre-tendencias\/","title":{"rendered":"Los mejores cortes de pelo corto para hombre: estas son las \u00faltimas tendencias"},"content":{"rendered":"\n<p>Los cortes de <strong>pelo corto<\/strong> para<strong><a href=\"https:\/\/www.primor.eu\/blog\/mejores-cortes-pelo-hombre\/?srsltid=AfmBOoo9WORX3YFLjQ03oKAxYQD6XtqB7Gf8k6sETvvgq0YigmbQzY96\" data-type=\"link\" data-id=\"https:\/\/www.primor.eu\/blog\/mejores-cortes-pelo-hombre\/?srsltid=AfmBOoo9WORX3YFLjQ03oKAxYQD6XtqB7Gf8k6sETvvgq0YigmbQzY96\"> hombre<\/a> <\/strong>son una tendencia que cada vez est\u00e1 m\u00e1s de moda. Vimos la \u00e9poca de las melenas grunge, ahora tambi\u00e9n hay algunas opciones como el old money, que est\u00e1 a caballo entre un corte de mecha larga y los cortes de pelo corto para hombre. El caso es que hay opciones para todos los gustos y looks. Vamos a ver algunas de las m\u00e1s elegidas y que m\u00e1s se ven \u00faltimamente en las<strong> redes sociales.<\/strong><\/p>\n\n\n\n<h3 class=\"wp-block-heading\">Corte buzz<\/h3>\n\n\n\n<figure class=\"wp-block-image size-large is-resized\"><img decoding=\"async\" width=\"819\" height=\"1024\" src=\"https:\/\/www.primor.eu\/blog\/wp-content\/uploads\/2025\/09\/1-819x1024.jpg\" alt=\"\" class=\"wp-image-131524\" style=\"width:1026px;height:auto\" srcset=\"https:\/\/www.primor.eu\/blog\/wp-content\/uploads\/2025\/09\/1-819x1024.jpg 819w, https:\/\/www.primor.eu\/blog\/wp-content\/uploads\/2025\/09\/1-240x300.jpg 240w, https:\/\/www.primor.eu\/blog\/wp-content\/uploads\/2025\/09\/1-768x960.jpg 768w, https:\/\/www.primor.eu\/blog\/wp-content\/uploads\/2025\/09\/1-750x938.jpg 750w, https:\/\/www.primor.eu\/blog\/wp-content\/uploads\/2025\/09\/1.jpg 1080w\" sizes=\"(max-width: 819px) 100vw, 819px\" \/><\/figure>\n\n\n\n<p>Fuente Instagram: @ventsislav_lyubomirov<\/p>\n\n\n\n<p>El buzz es uno de los cortes que m\u00e1s se est\u00e1 llevando \u00faltimamente. En las redes sociales cada vez se ve m\u00e1s. Es perfecto si eres de los que tienes entraditas y prefieres llevar un corte sencillo y corto. Pero tambi\u00e9n es perfecto si simplemente te gustan los looks masculinos y con un toque incluso canalla. Es perfecto para lucir con gorras o ropa deportiva, como sudaderas, zapatillas y esos pantalones de ch\u00e1ndal que tan de moda est\u00e1n.<\/p>\n\n\n\n<h3 class=\"wp-block-heading\">Fade<\/h3>\n\n\n\n<figure class=\"wp-block-image size-large\"><img decoding=\"async\" width=\"1024\" height=\"1024\" src=\"https:\/\/www.primor.eu\/blog\/wp-content\/uploads\/2025\/09\/2-1024x1024.jpg\" alt=\"\" class=\"wp-image-131525\" srcset=\"https:\/\/www.primor.eu\/blog\/wp-content\/uploads\/2025\/09\/2-1024x1024.jpg 1024w, https:\/\/www.primor.eu\/blog\/wp-content\/uploads\/2025\/09\/2-300x300.jpg 300w, https:\/\/www.primor.eu\/blog\/wp-content\/uploads\/2025\/09\/2-150x150.jpg 150w, https:\/\/www.primor.eu\/blog\/wp-content\/uploads\/2025\/09\/2-768x768.jpg 768w, https:\/\/www.primor.eu\/blog\/wp-content\/uploads\/2025\/09\/2-75x75.jpg 75w, https:\/\/www.primor.eu\/blog\/wp-content\/uploads\/2025\/09\/2-350x350.jpg 350w, https:\/\/www.primor.eu\/blog\/wp-content\/uploads\/2025\/09\/2-750x750.jpg 750w, https:\/\/www.primor.eu\/blog\/wp-content\/uploads\/2025\/09\/2.jpg 1080w\" sizes=\"(max-width: 1024px) 100vw, 1024px\" \/><\/figure>\n\n\n\n<p>Fuente Instagram: @<a href=\"https:\/\/www.instagram.com\/thehairstyleboys\" target=\"_blank\" rel=\"noopener\">thehairstyleboys<\/a><\/p>\n\n\n\n<p>El fade es otro corte de pelo muy c\u00f3modo y f\u00e1cil de llevar, pero que adem\u00e1s en este caso es una variante que da un toque especial a tu est\u00e9tica porque tiene la mecha m\u00e1s larga que el anterior. Este ejemplo es uno de los que m\u00e1s se eligen normalmente. Es perfecto para lucirlo con ropa casual, ya que si tienes que guardar una est\u00e9tica formal para trabajar, por ejemplo, no ser\u00e1 la mejor opci\u00f3n para ti.<\/p>\n\n\n\n<h3 class=\"wp-block-heading\">Crop franc\u00e9s<\/h3>\n\n\n\n<figure class=\"wp-block-image size-large is-resized\"><img decoding=\"async\" width=\"819\" height=\"1024\" src=\"https:\/\/www.primor.eu\/blog\/wp-content\/uploads\/2025\/09\/3-819x1024.jpg\" alt=\"\" class=\"wp-image-131526\" style=\"width:1027px;height:auto\" srcset=\"https:\/\/www.primor.eu\/blog\/wp-content\/uploads\/2025\/09\/3-819x1024.jpg 819w, https:\/\/www.primor.eu\/blog\/wp-content\/uploads\/2025\/09\/3-240x300.jpg 240w, https:\/\/www.primor.eu\/blog\/wp-content\/uploads\/2025\/09\/3-768x960.jpg 768w, https:\/\/www.primor.eu\/blog\/wp-content\/uploads\/2025\/09\/3-750x938.jpg 750w, https:\/\/www.primor.eu\/blog\/wp-content\/uploads\/2025\/09\/3.jpg 1080w\" sizes=\"(max-width: 819px) 100vw, 819px\" \/><\/figure>\n\n\n\n<p>Fuente Instagram: @tupeluzaragoza<\/p>\n\n\n\n<p>El crop franc\u00e9s es similar al corte que acabamos de ver. Es alternativo y se puede lucir bien con el pelo te\u00f1ido, como vemos en la foto. Hay que tener en cuenta que para gustos est\u00e1n los colores, por lo que no tienes por qu\u00e9 llevarlo te\u00f1ido de colores. Lo que s\u00ed es cierto es que si te atreves a probarlo, solamente tienes que dejarlo crecer un poco si no te gusta para llevarlo de tu color natural una vez que te lo cortes.<\/p>\n\n\n\n<h3 class=\"wp-block-heading\">Corte texturizado<\/h3>\n\n\n\n<figure class=\"wp-block-image size-large\"><img decoding=\"async\" width=\"1080\" height=\"1080\" src=\"https:\/\/www.primor.eu\/blog\/wp-content\/uploads\/2025\/09\/4-1024x1024.jpg\" alt=\"\" class=\"wp-image-131527\" srcset=\"https:\/\/www.primor.eu\/blog\/wp-content\/uploads\/2025\/09\/4-1024x1024.jpg 1024w, https:\/\/www.primor.eu\/blog\/wp-content\/uploads\/2025\/09\/4-300x300.jpg 300w, https:\/\/www.primor.eu\/blog\/wp-content\/uploads\/2025\/09\/4-150x150.jpg 150w, https:\/\/www.primor.eu\/blog\/wp-content\/uploads\/2025\/09\/4-768x768.jpg 768w, https:\/\/www.primor.eu\/blog\/wp-content\/uploads\/2025\/09\/4-75x75.jpg 75w, https:\/\/www.primor.eu\/blog\/wp-content\/uploads\/2025\/09\/4-350x350.jpg 350w, https:\/\/www.primor.eu\/blog\/wp-content\/uploads\/2025\/09\/4-750x750.jpg 750w, https:\/\/www.primor.eu\/blog\/wp-content\/uploads\/2025\/09\/4.jpg 1080w\" sizes=\"(max-width: 1080px) 100vw, 1080px\" \/><\/figure>\n\n\n\n<p>Fuente Instagram: @cavalcanti_barber<\/p>\n\n\n\n<p>En el caso de este corte texturizado, vemos que es bastante m\u00e1s combinable si eres de los que debe llevar traje para trabajar, por ejemplo o looks m\u00e1s formales. Hay que tener en cuenta que adem\u00e1s se puede llevar el largo que se desee, siempre y cuando se respete la forma del corte que lo hace tan caracter\u00edstico. El corte texturizado es por tanto uno de los cortes de pelo corto para hombres que tiene la mecha bastante m\u00e1s larga y que ser\u00e1 uno de los mejores para ti si buscas elegancia y distinci\u00f3n.<\/p>\n\n\n\n<h3 class=\"wp-block-heading\">Pompadour corto<\/h3>\n\n\n\n<figure class=\"wp-block-image size-large is-resized\"><img decoding=\"async\" width=\"799\" height=\"1024\" src=\"https:\/\/www.primor.eu\/blog\/wp-content\/uploads\/2025\/09\/5-1-799x1024.jpg\" alt=\"\" class=\"wp-image-131530\" style=\"width:1023px;height:auto\" srcset=\"https:\/\/www.primor.eu\/blog\/wp-content\/uploads\/2025\/09\/5-1-799x1024.jpg 799w, https:\/\/www.primor.eu\/blog\/wp-content\/uploads\/2025\/09\/5-1-234x300.jpg 234w, https:\/\/www.primor.eu\/blog\/wp-content\/uploads\/2025\/09\/5-1-768x984.jpg 768w, https:\/\/www.primor.eu\/blog\/wp-content\/uploads\/2025\/09\/5-1-750x961.jpg 750w, https:\/\/www.primor.eu\/blog\/wp-content\/uploads\/2025\/09\/5-1.jpg 1080w\" sizes=\"(max-width: 799px) 100vw, 799px\" \/><\/figure>\n\n\n\n<p>Fuente Instagram: @dehbarber<\/p>\n\n\n\n<p>El alternativo y vintage Pompadour se lleva la palma en cuanto a opciones con personalidad se refiere, no obstante. Un corte que es m\u00e1s bien un sello de identidad que habla de una personalidad cl\u00e1sica, sofisticada y que guarda valores que parecen ya ser de otra \u00e9poca. No obstante, hay valores muy positivos de otra \u00e9poca como la importancia del matrimonio y la familia que se est\u00e1n recuperando, por lo que si eres uno de estos hombres con valores conservadores y arraigados, \u00a1este corte puede ir genial para ti!<\/p>\n\n\n\n<h3 class=\"wp-block-heading\">Crew cut tipo universitario<\/h3>\n\n\n\n<figure class=\"wp-block-image size-large\"><img decoding=\"async\" width=\"1024\" height=\"1024\" src=\"https:\/\/www.primor.eu\/blog\/wp-content\/uploads\/2025\/09\/6-1024x1024.jpg\" alt=\"\" class=\"wp-image-131529\" srcset=\"https:\/\/www.primor.eu\/blog\/wp-content\/uploads\/2025\/09\/6-1024x1024.jpg 1024w, https:\/\/www.primor.eu\/blog\/wp-content\/uploads\/2025\/09\/6-300x300.jpg 300w, https:\/\/www.primor.eu\/blog\/wp-content\/uploads\/2025\/09\/6-150x150.jpg 150w, https:\/\/www.primor.eu\/blog\/wp-content\/uploads\/2025\/09\/6-768x768.jpg 768w, https:\/\/www.primor.eu\/blog\/wp-content\/uploads\/2025\/09\/6-75x75.jpg 75w, https:\/\/www.primor.eu\/blog\/wp-content\/uploads\/2025\/09\/6-350x350.jpg 350w, https:\/\/www.primor.eu\/blog\/wp-content\/uploads\/2025\/09\/6-750x750.jpg 750w, https:\/\/www.primor.eu\/blog\/wp-content\/uploads\/2025\/09\/6.jpg 1080w\" sizes=\"(max-width: 1024px) 100vw, 1024px\" \/><\/figure>\n\n\n\n<p>Fuente Instagram: @tagliocapelliuomo<\/p>\n\n\n\n<p>Por \u00faltimo vamos con este corte de pelo corto para hombre que es juvenil y fresco. Lo es porque es uno de los cortes que sol\u00edan llevar los universitarios. Un corte que se puede llevar con rizos o con el pelo liso, pero que como ves con rizos queda genial. Si tienes esta textura de cabello, \u00a1an\u00edmate a probarlo!<\/p>\n\n\n<div class=\"kk-star-ratings kksr-auto kksr-align-center kksr-valign-bottom\"\n    data-payload='{&quot;align&quot;:&quot;center&quot;,&quot;id&quot;:&quot;131514&quot;,&quot;slug&quot;:&quot;default&quot;,&quot;valign&quot;:&quot;bottom&quot;,&quot;ignore&quot;:&quot;&quot;,&quot;reference&quot;:&quot;auto&quot;,&quot;class&quot;:&quot;&quot;,&quot;count&quot;:&quot;0&quot;,&quot;legendonly&quot;:&quot;&quot;,&quot;readonly&quot;:&quot;&quot;,&quot;score&quot;:&quot;0&quot;,&quot;starsonly&quot;:&quot;&quot;,&quot;best&quot;:&quot;5&quot;,&quot;gap&quot;:&quot;5&quot;,&quot;greet&quot;:&quot;Valora este art\u00edculo&quot;,&quot;legend&quot;:&quot;0\\\/5 - (0 votos)&quot;,&quot;size&quot;:&quot;24&quot;,&quot;title&quot;:&quot;Los mejores cortes de pelo corto para hombre: estas son las \u00faltimas tendencias&quot;,&quot;width&quot;:&quot;0&quot;,&quot;_legend&quot;:&quot;{score}\\\/{best} - ({count} {votes})&quot;,&quot;font_factor&quot;:&quot;1.25&quot;}'>\n            \n<div class=\"kksr-stars\">\n    \n<div class=\"kksr-stars-inactive\">\n            <div class=\"kksr-star\" data-star=\"1\" style=\"padding-right: 5px\">\n            \n\n<div class=\"kksr-icon\" style=\"width: 24px; height: 24px;\"><\/div>\n        <\/div>\n            <div class=\"kksr-star\" data-star=\"2\" style=\"padding-right: 5px\">\n            \n\n<div class=\"kksr-icon\" style=\"width: 24px; height: 24px;\"><\/div>\n        <\/div>\n            <div class=\"kksr-star\" data-star=\"3\" style=\"padding-right: 5px\">\n            \n\n<div class=\"kksr-icon\" style=\"width: 24px; height: 24px;\"><\/div>\n        <\/div>\n            <div class=\"kksr-star\" data-star=\"4\" style=\"padding-right: 5px\">\n            \n\n<div class=\"kksr-icon\" style=\"width: 24px; height: 24px;\"><\/div>\n        <\/div>\n            <div class=\"kksr-star\" data-star=\"5\" style=\"padding-right: 5px\">\n            \n\n<div class=\"kksr-icon\" style=\"width: 24px; height: 24px;\"><\/div>\n        <\/div>\n    <\/div>\n    \n<div class=\"kksr-stars-active\" style=\"width: 0px;\">\n            <div class=\"kksr-star\" style=\"padding-right: 5px\">\n            \n\n<div class=\"kksr-icon\" style=\"width: 24px; height: 24px;\"><\/div>\n        <\/div>\n            <div class=\"kksr-star\" style=\"padding-right: 5px\">\n            \n\n<div class=\"kksr-icon\" style=\"width: 24px; height: 24px;\"><\/div>\n        <\/div>\n            <div class=\"kksr-star\" style=\"padding-right: 5px\">\n            \n\n<div class=\"kksr-icon\" style=\"width: 24px; height: 24px;\"><\/div>\n        <\/div>\n            <div class=\"kksr-star\" style=\"padding-right: 5px\">\n            \n\n<div class=\"kksr-icon\" style=\"width: 24px; height: 24px;\"><\/div>\n        <\/div>\n            <div class=\"kksr-star\" style=\"padding-right: 5px\">\n            \n\n<div class=\"kksr-icon\" style=\"width: 24px; height: 24px;\"><\/div>\n        <\/div>\n    <\/div>\n<\/div>\n                \n\n<div class=\"kksr-legend\" style=\"font-size: 19.2px;\">\n            <span class=\"kksr-muted\">Valora este art\u00edculo<\/span>\n    <\/div>\n    <\/div>\n","protected":false},"excerpt":{"rendered":"<p>Los cortes de pelo corto para hombre son una tendencia que cada vez est\u00e1 m\u00e1s de moda. Vimos la \u00e9poca de las melenas grunge, ahora tambi\u00e9n hay algunas opciones como el old money, que est\u00e1 a caballo entre un corte de mecha larga y los cortes de pelo corto para hombre. El caso es que [&hellip;]<\/p>\n","protected":false},"author":30,"featured_media":131521,"comment_status":"closed","ping_status":"closed","sticky":false,"template":"","format":"standard","meta":{"jnews-multi-image_gallery":[],"jnews_single_post":{"format":"standard"},"jnews_primary_category":[],"jnews_social_meta":[],"jnews_override_counter":[],"footnotes":""},"categories":[6311],"tags":[],"class_list":["post-131514","post","type-post","status-publish","format-standard","has-post-thumbnail","hentry","category-hombres"],"_links":{"self":[{"href":"https:\/\/www.primor.eu\/blog\/wp-json\/wp\/v2\/posts\/131514","targetHints":{"allow":["GET"]}}],"collection":[{"href":"https:\/\/www.primor.eu\/blog\/wp-json\/wp\/v2\/posts"}],"about":[{"href":"https:\/\/www.primor.eu\/blog\/wp-json\/wp\/v2\/types\/post"}],"author":[{"embeddable":true,"href":"https:\/\/www.primor.eu\/blog\/wp-json\/wp\/v2\/users\/30"}],"replies":[{"embeddable":true,"href":"https:\/\/www.primor.eu\/blog\/wp-json\/wp\/v2\/comments?post=131514"}],"version-history":[{"count":2,"href":"https:\/\/www.primor.eu\/blog\/wp-json\/wp\/v2\/posts\/131514\/revisions"}],"predecessor-version":[{"id":131531,"href":"https:\/\/www.primor.eu\/blog\/wp-json\/wp\/v2\/posts\/131514\/revisions\/131531"}],"wp:featuredmedia":[{"embeddable":true,"href":"https:\/\/www.primor.eu\/blog\/wp-json\/wp\/v2\/media\/131521"}],"wp:attachment":[{"href":"https:\/\/www.primor.eu\/blog\/wp-json\/wp\/v2\/media?parent=131514"}],"wp:term":[{"taxonomy":"category","embeddable":true,"href":"https:\/\/www.primor.eu\/blog\/wp-json\/wp\/v2\/categories?post=131514"},{"taxonomy":"post_tag","embeddable":true,"href":"https:\/\/www.primor.eu\/blog\/wp-json\/wp\/v2\/tags?post=131514"}],"curies":[{"name":"wp","href":"https:\/\/api.w.org\/{rel}","templated":true}]}}