{"id":131393,"date":"2025-09-05T09:31:56","date_gmt":"2025-09-05T09:31:56","guid":{"rendered":"https:\/\/www.primor.eu\/blog\/?p=131393"},"modified":"2025-08-30T09:46:25","modified_gmt":"2025-08-30T09:46:25","slug":"mejores-productos-complementarios-minoxidil-2","status":"publish","type":"post","link":"https:\/\/www.primor.eu\/blog\/mejores-productos-complementarios-minoxidil-2\/","title":{"rendered":"Gu\u00eda completa del uso de minoxidil: las preguntas m\u00e1s frecuentes"},"content":{"rendered":"\n<p>El <strong>minoxidil<\/strong> se ha consolidado como uno de los tratamientos m\u00e1s populares para frenar la ca\u00edda del cabello y estimular su crecimiento, tanto en hombres como en mujeres. Sin embargo, a pesar de su eficacia comprobada, todav\u00eda existen muchas dudas sobre su aplicaci\u00f3n, sus resultados y c\u00f3mo integrarlo en una rutina de cuidado capilar. En esta gu\u00eda completa de Primor, resolvemos<strong> las preguntas m\u00e1s frecuentes<\/strong> para que puedas usarlo de manera segura y efectiva.<\/p>\n\n\n\n<h2 class=\"wp-block-heading\">Las preguntas m\u00e1s frecuentes sobre el uso del minoxidil<\/h2>\n\n\n\n<h3 class=\"wp-block-heading\">1. \u00bfC\u00f3mo funciona el minoxidil?<\/h3>\n\n\n\n<p>El minoxidil act\u00faa<strong> estimulando los fol\u00edculos capilares y aumentando el flujo sangu\u00edneo<\/strong> en el cuero cabelludo. Esto prolonga la fase de crecimiento del cabello (an\u00e1gena) y fortalece los fol\u00edculos debilitados, favoreciendo que el cabello existente sea m\u00e1s grueso y denso. Es importante tener claro que no detiene todas las causas de la ca\u00edda del cabello, especialmente aquellas relacionadas con factores hormonales complejos, pero s\u00ed mejora significativamente la densidad y el grosor en muchos casos.<\/p>\n\n\n\n<h3 class=\"wp-block-heading\">2. \u00bfCu\u00e1ndo se empiezan a ver resultados?<\/h3>\n\n\n\n<p>La <strong>paciencia<\/strong> es clave: los primeros cambios suelen apreciarse entre 3 y 6 meses de uso constante. Al principio, puede incluso ocurrir un efecto de ca\u00edda temporal conocido como shedding, que indica que los fol\u00edculos est\u00e1n renovando el cabello debilitado por uno m\u00e1s fuerte. Este proceso es normal y suele ser se\u00f1al de que el tratamiento est\u00e1 funcionando. Los resultados m\u00e1s visibles generalmente se consolidan entre los 8 y 12 meses de uso.<\/p>\n\n\n\n<h3 class=\"wp-block-heading\">3\/ \u00bfCon qu\u00e9 frecuencia debo aplicarlo?<\/h3>\n\n\n\n<p>La mayor\u00eda de los productos de minoxidil recomiendan <strong>dos aplicaciones diarias<\/strong> en las zonas afectadas del cuero cabelludo, aunque algunos formulados para mujeres pueden indicar una sola aplicaci\u00f3n. Es fundamental aplicar sobre la piel limpia y seca, y dejar que el producto se absorba completamente antes de peinarse o usar otros cosm\u00e9ticos capilares. La constancia es esencial: interrumpir el tratamiento reduce dr\u00e1sticamente los resultados.<\/p>\n\n\n\n<h3 class=\"wp-block-heading\">4\/ \u00bfEs necesario usar otros productos complementarios?<\/h3>\n\n\n\n<p>S\u00ed. Integrar el minoxidil en una rutina de cuidado capilar m\u00e1s completa puede potenciar sus efectos. <strong>Champ\u00fas suaves y fortalecedores, <\/strong>aceites vegetales para hidratar el cuero cabelludo, <strong>suplementos<\/strong> nutricionales con biotina o zinc y masajeadores espec\u00edficos son aliados que ayudan a mantener la salud del fol\u00edculo y prolongar los resultados. La combinaci\u00f3n de cuidado externo e interno asegura un entorno \u00f3ptimo para que el cabello crezca fuerte y saludable.<\/p>\n\n\n\n<h3 class=\"wp-block-heading\">5\/ \u00bfQu\u00e9 precauciones debo tener?<\/h3>\n\n\n\n<p>El minoxidil es generalmente seguro, pero <strong>puede causar irritaci\u00f3n, enrojecimiento o sequedad <\/strong>si se aplica en exceso o sobre piel da\u00f1ada. Nunca debe aplicarse sobre heridas, dermatitis activa o quemaduras solares. Adem\u00e1s, evita el contacto con ojos, boca o mucosas, y l\u00e1vate las manos despu\u00e9s de usarlo. Si experimentas reacciones adversas persistentes, lo recomendable es consultar con un dermat\u00f3logo.<\/p>\n\n\n\n<h3 class=\"wp-block-heading\">6\/ \u00bfQu\u00e9 pasa si dejo de usarlo?<\/h3>\n\n\n\n<p>Interrumpir el minoxidil suele provocar que los fol\u00edculos vuelvan a su ciclo natural, y los cabellos ganados durante el tratamiento se pueden perder en unos meses. Por eso, es fundamental entender que se trata de un tratamiento continuo, no de una soluci\u00f3n definitiva. <strong>Mantener una rutina regular y h\u00e1bitos saludables es fundamental para preservar los resultados.<\/strong><\/p>\n\n\n\n<h3 class=\"wp-block-heading\">7\/ \u00bfExisten diferencias entre hombres y mujeres?<\/h3>\n\n\n\n<p>S\u00ed. Aunque el principio activo es el mismo, las formulaciones pueden variar en concentraci\u00f3n. En general, los hombres usan 5%, mientras que las mujeres <strong>suelen utilizar 2%<\/strong>, aunque algunos productos femeninos ya incluyen concentraciones m\u00e1s altas bajo supervisi\u00f3n m\u00e9dica. Adem\u00e1s, la distribuci\u00f3n de la ca\u00edda del cabello suele diferir: los hombres presentan patr\u00f3n masculino (frente y coronilla), y las mujeres, patr\u00f3n difuso en la zona central.<\/p>\n\n\n<div class=\"kk-star-ratings kksr-auto kksr-align-center kksr-valign-bottom\"\n    data-payload='{&quot;align&quot;:&quot;center&quot;,&quot;id&quot;:&quot;131393&quot;,&quot;slug&quot;:&quot;default&quot;,&quot;valign&quot;:&quot;bottom&quot;,&quot;ignore&quot;:&quot;&quot;,&quot;reference&quot;:&quot;auto&quot;,&quot;class&quot;:&quot;&quot;,&quot;count&quot;:&quot;0&quot;,&quot;legendonly&quot;:&quot;&quot;,&quot;readonly&quot;:&quot;&quot;,&quot;score&quot;:&quot;0&quot;,&quot;starsonly&quot;:&quot;&quot;,&quot;best&quot;:&quot;5&quot;,&quot;gap&quot;:&quot;5&quot;,&quot;greet&quot;:&quot;Valora este art\u00edculo&quot;,&quot;legend&quot;:&quot;0\\\/5 - (0 votos)&quot;,&quot;size&quot;:&quot;24&quot;,&quot;title&quot;:&quot;Gu\u00eda completa del uso de minoxidil: las preguntas m\u00e1s frecuentes&quot;,&quot;width&quot;:&quot;0&quot;,&quot;_legend&quot;:&quot;{score}\\\/{best} - ({count} {votes})&quot;,&quot;font_factor&quot;:&quot;1.25&quot;}'>\n            \n<div class=\"kksr-stars\">\n    \n<div class=\"kksr-stars-inactive\">\n            <div class=\"kksr-star\" data-star=\"1\" style=\"padding-right: 5px\">\n            \n\n<div class=\"kksr-icon\" style=\"width: 24px; height: 24px;\"><\/div>\n        <\/div>\n            <div class=\"kksr-star\" data-star=\"2\" style=\"padding-right: 5px\">\n            \n\n<div class=\"kksr-icon\" style=\"width: 24px; height: 24px;\"><\/div>\n        <\/div>\n            <div class=\"kksr-star\" data-star=\"3\" style=\"padding-right: 5px\">\n            \n\n<div class=\"kksr-icon\" style=\"width: 24px; height: 24px;\"><\/div>\n        <\/div>\n            <div class=\"kksr-star\" data-star=\"4\" style=\"padding-right: 5px\">\n            \n\n<div class=\"kksr-icon\" style=\"width: 24px; height: 24px;\"><\/div>\n        <\/div>\n            <div class=\"kksr-star\" data-star=\"5\" style=\"padding-right: 5px\">\n            \n\n<div class=\"kksr-icon\" style=\"width: 24px; height: 24px;\"><\/div>\n        <\/div>\n    <\/div>\n    \n<div class=\"kksr-stars-active\" style=\"width: 0px;\">\n            <div class=\"kksr-star\" style=\"padding-right: 5px\">\n            \n\n<div class=\"kksr-icon\" style=\"width: 24px; height: 24px;\"><\/div>\n        <\/div>\n            <div class=\"kksr-star\" style=\"padding-right: 5px\">\n            \n\n<div class=\"kksr-icon\" style=\"width: 24px; height: 24px;\"><\/div>\n        <\/div>\n            <div class=\"kksr-star\" style=\"padding-right: 5px\">\n            \n\n<div class=\"kksr-icon\" style=\"width: 24px; height: 24px;\"><\/div>\n        <\/div>\n            <div class=\"kksr-star\" style=\"padding-right: 5px\">\n            \n\n<div class=\"kksr-icon\" style=\"width: 24px; height: 24px;\"><\/div>\n        <\/div>\n            <div class=\"kksr-star\" style=\"padding-right: 5px\">\n            \n\n<div class=\"kksr-icon\" style=\"width: 24px; height: 24px;\"><\/div>\n        <\/div>\n    <\/div>\n<\/div>\n                \n\n<div class=\"kksr-legend\" style=\"font-size: 19.2px;\">\n            <span class=\"kksr-muted\">Valora este art\u00edculo<\/span>\n    <\/div>\n    <\/div>\n","protected":false},"excerpt":{"rendered":"<p>El minoxidil se ha consolidado como uno de los tratamientos m\u00e1s populares para frenar la ca\u00edda del cabello y estimular su crecimiento, tanto en hombres como en mujeres. Sin embargo, a pesar de su eficacia comprobada, todav\u00eda existen muchas dudas sobre su aplicaci\u00f3n, sus resultados y c\u00f3mo integrarlo en una rutina de cuidado capilar. En [&hellip;]<\/p>\n","protected":false},"author":14,"featured_media":131397,"comment_status":"closed","ping_status":"closed","sticky":false,"template":"","format":"standard","meta":{"jnews-multi-image_gallery":[],"jnews_single_post":{"format":"standard"},"jnews_primary_category":[],"jnews_social_meta":[],"jnews_override_counter":[],"footnotes":""},"categories":[6321,35],"tags":[],"class_list":["post-131393","post","type-post","status-publish","format-standard","has-post-thumbnail","hentry","category-banner-home","category-cabello"],"_links":{"self":[{"href":"https:\/\/www.primor.eu\/blog\/wp-json\/wp\/v2\/posts\/131393","targetHints":{"allow":["GET"]}}],"collection":[{"href":"https:\/\/www.primor.eu\/blog\/wp-json\/wp\/v2\/posts"}],"about":[{"href":"https:\/\/www.primor.eu\/blog\/wp-json\/wp\/v2\/types\/post"}],"author":[{"embeddable":true,"href":"https:\/\/www.primor.eu\/blog\/wp-json\/wp\/v2\/users\/14"}],"replies":[{"embeddable":true,"href":"https:\/\/www.primor.eu\/blog\/wp-json\/wp\/v2\/comments?post=131393"}],"version-history":[{"count":1,"href":"https:\/\/www.primor.eu\/blog\/wp-json\/wp\/v2\/posts\/131393\/revisions"}],"predecessor-version":[{"id":131423,"href":"https:\/\/www.primor.eu\/blog\/wp-json\/wp\/v2\/posts\/131393\/revisions\/131423"}],"wp:featuredmedia":[{"embeddable":true,"href":"https:\/\/www.primor.eu\/blog\/wp-json\/wp\/v2\/media\/131397"}],"wp:attachment":[{"href":"https:\/\/www.primor.eu\/blog\/wp-json\/wp\/v2\/media?parent=131393"}],"wp:term":[{"taxonomy":"category","embeddable":true,"href":"https:\/\/www.primor.eu\/blog\/wp-json\/wp\/v2\/categories?post=131393"},{"taxonomy":"post_tag","embeddable":true,"href":"https:\/\/www.primor.eu\/blog\/wp-json\/wp\/v2\/tags?post=131393"}],"curies":[{"name":"wp","href":"https:\/\/api.w.org\/{rel}","templated":true}]}}