{"id":131005,"date":"2025-08-28T07:54:19","date_gmt":"2025-08-28T07:54:19","guid":{"rendered":"https:\/\/www.primor.eu\/blog\/?p=131005"},"modified":"2025-08-22T08:10:28","modified_gmt":"2025-08-22T08:10:28","slug":"protector-solar-glow-no-usar","status":"publish","type":"post","link":"https:\/\/www.primor.eu\/blog\/protector-solar-glow-no-usar\/","title":{"rendered":"Qu\u00e9 es el protector solar con glow y los motivos para no usarlo"},"content":{"rendered":"\n<p>El <strong>protector solar con glow<\/strong> se ha convertido en una de las f\u00f3rmulas m\u00e1s buscadas del verano. Aporta <strong>protecci\u00f3n solar con acabado luminoso<\/strong>, dejando la piel con un brillo sutil similar al de un iluminador, y se presenta como una opci\u00f3n ideal para quienes quieren una piel protegida pero con aspecto radiante.<\/p>\n\n\n\n<p>Pero no todo lo que brilla es recomendable para todos los tipos de piel. En este art\u00edculo de Primor te explicamos <strong>qu\u00e9 es realmente este tipo de protector solar, c\u00f3mo funciona y en qu\u00e9 casos conviene evitarlo<\/strong>.<\/p>\n\n\n\n<h2 class=\"wp-block-heading\">Qu\u00e9 es un protector solar con glow<\/h2>\n\n\n\n<p>Se trata de un fotoprotector facial (o corporal) que combina filtros solares con pigmentos reflectantes o part\u00edculas que aportan luminosidad. El efecto que dejan sobre la piel es un <strong>acabado radiante<\/strong>, brillante o satinado. Algunos incluso contienen microdestellos visibles, similares a los de ciertos iluminadores l\u00edquidos.<\/p>\n\n\n\n<p>Suelen tener una textura ligera, fundente y pensada para dejar una piel con aspecto jugoso. No tienen color como una base de maquillaje, pero s\u00ed modifican el acabado natural de la piel.<\/p>\n\n\n\n<h2 class=\"wp-block-heading\">Por qu\u00e9 se ha vuelto tan popular<\/h2>\n\n\n\n<p>La tendencia actual apuesta por rostros frescos, naturales y con efecto glow. Muchas personas <strong>buscan productos h\u00edbridos<\/strong>: que hidraten, protejan y embellezcan al mismo tiempo. Este tipo de solar responde justo a esa necesidad.<\/p>\n\n\n\n<p>Adem\u00e1s, es un producto c\u00f3modo de aplicar y que puede <strong>reemplazar el maquillaje<\/strong> en climas calurosos o en la playa. Tambi\u00e9n gusta a quienes evitan los solares con acabado blanco o pesado.<\/p>\n\n\n\n<h2 class=\"wp-block-heading\">Ventajas de este tipo de producto<\/h2>\n\n\n\n<ul class=\"wp-block-list\">\n<li>Aporta protecci\u00f3n frente a los rayos UVA y UVB<\/li>\n\n\n\n<li>Deja la piel luminosa, sin necesidad de maquillaje<\/li>\n\n\n\n<li>Puede combinarse con otros productos sin alterar la textura<\/li>\n\n\n\n<li>Suelen ser no comedog\u00e9nicos, aunque no todos lo son<\/li>\n\n\n\n<li>Es ideal para pieles apagadas o secas que buscan efecto buena cara inmediato<\/li>\n<\/ul>\n\n\n\n<p>Pero aunque tiene puntos a favor, tambi\u00e9n tiene <strong>limitaciones importantes seg\u00fan el tipo de piel y el uso que se le d\u00e9<\/strong>.<\/p>\n\n\n\n<h2 class=\"wp-block-heading\">Motivos para no usarlo (o hacerlo con precauci\u00f3n)<\/h2>\n\n\n\n<h3 class=\"wp-block-heading\">No es apto para pieles grasas o con tendencia acneica<\/h3>\n\n\n\n<p>El acabado glow potencia los brillos, lo que puede resultar inc\u00f3modo o contraproducente en pieles que ya generan sebo de forma natural. Adem\u00e1s, algunos contienen aceites o siliconas que no ayudan si hay brotes activos.<\/p>\n\n\n\n<h3 class=\"wp-block-heading\">Puede acentuar poros o textura<\/h3>\n\n\n\n<p>Si tienes textura irregular, marcas o poros dilatados, el brillo puede resaltarlos m\u00e1s. En este caso, un protector solar de acabado mate o satinado es la mejor opci\u00f3n.<\/p>\n\n\n\n<h3 class=\"wp-block-heading\">Algunos no ofrecen la misma duraci\u00f3n que un solar cl\u00e1sico<\/h3>\n\n\n\n<p>Si la f\u00f3rmula es muy ligera y no resistente al agua, puede que no aguante tanto en condiciones extremas (sudor, playa, piscina).<\/p>\n\n\n\n<h3 class=\"wp-block-heading\">Puede interferir con el maquillaje<\/h3>\n\n\n\n<p>Algunos no se llevan bien con bases o correctores encima. El resultado puede ser demasiado brillante o incluso generar desplazamiento de los productos.<\/p>\n\n\n\n<h3 class=\"wp-block-heading\">El glow no es protecci\u00f3n<\/h3>\n\n\n\n<p>Hay quienes asumen que al ver la piel \"con producto\" ya est\u00e1 protegida. Pero el efecto visual no garantiza una aplicaci\u00f3n correcta ni la reaplicaci\u00f3n cada 2 horas.<\/p>\n\n\n\n<h2 class=\"wp-block-heading\">Qu\u00e9 alternativas existen<\/h2>\n\n\n\n<p>Si te gusta el acabado luminoso pero no quieres arriesgarte a usar este tipo de solar, puedes optar por un <strong>protector solar tradicional<\/strong> con acabado invisible o satinado, y aplicar despu\u00e9s un iluminador en crema o una bruma con glow. As\u00ed controlas mejor el brillo, la cobertura y el tipo de producto seg\u00fan tu piel. Tal y como acu\u00f1an desde Primor, <em>\u201cel brillo puede ser bonito, pero no debe comprometer la eficacia ni la comodidad del protector solar. Elige siempre seg\u00fan tu tipo de piel.\u201d<\/em><\/p>\n\n\n<div class=\"kk-star-ratings kksr-auto kksr-align-center kksr-valign-bottom\"\n    data-payload='{&quot;align&quot;:&quot;center&quot;,&quot;id&quot;:&quot;131005&quot;,&quot;slug&quot;:&quot;default&quot;,&quot;valign&quot;:&quot;bottom&quot;,&quot;ignore&quot;:&quot;&quot;,&quot;reference&quot;:&quot;auto&quot;,&quot;class&quot;:&quot;&quot;,&quot;count&quot;:&quot;0&quot;,&quot;legendonly&quot;:&quot;&quot;,&quot;readonly&quot;:&quot;&quot;,&quot;score&quot;:&quot;0&quot;,&quot;starsonly&quot;:&quot;&quot;,&quot;best&quot;:&quot;5&quot;,&quot;gap&quot;:&quot;5&quot;,&quot;greet&quot;:&quot;Valora este art\u00edculo&quot;,&quot;legend&quot;:&quot;0\\\/5 - (0 votos)&quot;,&quot;size&quot;:&quot;24&quot;,&quot;title&quot;:&quot;Qu\u00e9 es el protector solar con glow y los motivos para no usarlo&quot;,&quot;width&quot;:&quot;0&quot;,&quot;_legend&quot;:&quot;{score}\\\/{best} - ({count} {votes})&quot;,&quot;font_factor&quot;:&quot;1.25&quot;}'>\n            \n<div class=\"kksr-stars\">\n    \n<div class=\"kksr-stars-inactive\">\n            <div class=\"kksr-star\" data-star=\"1\" style=\"padding-right: 5px\">\n            \n\n<div class=\"kksr-icon\" style=\"width: 24px; height: 24px;\"><\/div>\n        <\/div>\n            <div class=\"kksr-star\" data-star=\"2\" style=\"padding-right: 5px\">\n            \n\n<div class=\"kksr-icon\" style=\"width: 24px; height: 24px;\"><\/div>\n        <\/div>\n            <div class=\"kksr-star\" data-star=\"3\" style=\"padding-right: 5px\">\n            \n\n<div class=\"kksr-icon\" style=\"width: 24px; height: 24px;\"><\/div>\n        <\/div>\n            <div class=\"kksr-star\" data-star=\"4\" style=\"padding-right: 5px\">\n            \n\n<div class=\"kksr-icon\" style=\"width: 24px; height: 24px;\"><\/div>\n        <\/div>\n            <div class=\"kksr-star\" data-star=\"5\" style=\"padding-right: 5px\">\n            \n\n<div class=\"kksr-icon\" style=\"width: 24px; height: 24px;\"><\/div>\n        <\/div>\n    <\/div>\n    \n<div class=\"kksr-stars-active\" style=\"width: 0px;\">\n            <div class=\"kksr-star\" style=\"padding-right: 5px\">\n            \n\n<div class=\"kksr-icon\" style=\"width: 24px; height: 24px;\"><\/div>\n        <\/div>\n            <div class=\"kksr-star\" style=\"padding-right: 5px\">\n            \n\n<div class=\"kksr-icon\" style=\"width: 24px; height: 24px;\"><\/div>\n        <\/div>\n            <div class=\"kksr-star\" style=\"padding-right: 5px\">\n            \n\n<div class=\"kksr-icon\" style=\"width: 24px; height: 24px;\"><\/div>\n        <\/div>\n            <div class=\"kksr-star\" style=\"padding-right: 5px\">\n            \n\n<div class=\"kksr-icon\" style=\"width: 24px; height: 24px;\"><\/div>\n        <\/div>\n            <div class=\"kksr-star\" style=\"padding-right: 5px\">\n            \n\n<div class=\"kksr-icon\" style=\"width: 24px; height: 24px;\"><\/div>\n        <\/div>\n    <\/div>\n<\/div>\n                \n\n<div class=\"kksr-legend\" style=\"font-size: 19.2px;\">\n            <span class=\"kksr-muted\">Valora este art\u00edculo<\/span>\n    <\/div>\n    <\/div>\n","protected":false},"excerpt":{"rendered":"<p>El protector solar con glow se ha convertido en una de las f\u00f3rmulas m\u00e1s buscadas del verano. Aporta protecci\u00f3n solar con acabado luminoso, dejando la piel con un brillo sutil similar al de un iluminador, y se presenta como una opci\u00f3n ideal para quienes quieren una piel protegida pero con aspecto radiante. Pero no todo [&hellip;]<\/p>\n","protected":false},"author":14,"featured_media":131021,"comment_status":"closed","ping_status":"closed","sticky":false,"template":"","format":"standard","meta":{"jnews-multi-image_gallery":[],"jnews_single_post":{"format":"standard"},"jnews_primary_category":[],"jnews_social_meta":[],"jnews_override_counter":[],"footnotes":""},"categories":[6302],"tags":[],"class_list":["post-131005","post","type-post","status-publish","format-standard","has-post-thumbnail","hentry","category-solares"],"_links":{"self":[{"href":"https:\/\/www.primor.eu\/blog\/wp-json\/wp\/v2\/posts\/131005","targetHints":{"allow":["GET"]}}],"collection":[{"href":"https:\/\/www.primor.eu\/blog\/wp-json\/wp\/v2\/posts"}],"about":[{"href":"https:\/\/www.primor.eu\/blog\/wp-json\/wp\/v2\/types\/post"}],"author":[{"embeddable":true,"href":"https:\/\/www.primor.eu\/blog\/wp-json\/wp\/v2\/users\/14"}],"replies":[{"embeddable":true,"href":"https:\/\/www.primor.eu\/blog\/wp-json\/wp\/v2\/comments?post=131005"}],"version-history":[{"count":1,"href":"https:\/\/www.primor.eu\/blog\/wp-json\/wp\/v2\/posts\/131005\/revisions"}],"predecessor-version":[{"id":131045,"href":"https:\/\/www.primor.eu\/blog\/wp-json\/wp\/v2\/posts\/131005\/revisions\/131045"}],"wp:featuredmedia":[{"embeddable":true,"href":"https:\/\/www.primor.eu\/blog\/wp-json\/wp\/v2\/media\/131021"}],"wp:attachment":[{"href":"https:\/\/www.primor.eu\/blog\/wp-json\/wp\/v2\/media?parent=131005"}],"wp:term":[{"taxonomy":"category","embeddable":true,"href":"https:\/\/www.primor.eu\/blog\/wp-json\/wp\/v2\/categories?post=131005"},{"taxonomy":"post_tag","embeddable":true,"href":"https:\/\/www.primor.eu\/blog\/wp-json\/wp\/v2\/tags?post=131005"}],"curies":[{"name":"wp","href":"https:\/\/api.w.org\/{rel}","templated":true}]}}