{"id":130597,"date":"2025-08-23T21:00:00","date_gmt":"2025-08-23T21:00:00","guid":{"rendered":"https:\/\/www.primor.eu\/blog\/?p=130597"},"modified":"2025-08-14T19:30:14","modified_gmt":"2025-08-14T19:30:14","slug":"mejores-tintes-color-vino","status":"publish","type":"post","link":"https:\/\/www.primor.eu\/blog\/mejores-tintes-color-vino\/","title":{"rendered":"El color perfecto para las morenas: los 5 mejores tintes color vino"},"content":{"rendered":"\n<p>Si est\u00e1s pensando en cambiar a un<strong> tinte color vino<\/strong>, te vamos a dar unas opciones que puede que te encajen demasiado. Algunas opciones que seguro te van a convencer. Y lo mejor es que con ellas, podr\u00e1s conseguir darte un tinte color vino y sin necesidad de gastarte el dinero en el sal\u00f3n.&nbsp;<\/p>\n\n\n\n<p>Nunca ha sido m\u00e1s f\u00e1cil, sobre todo si quieres hacerte un tinte entero y no necesitas muchas modificaciones porque llevas una<strong> <\/strong><a href=\"https:\/\/www.primor.eu\/blog\/castanos-claros-mejores-tintes\/?srsltid=AfmBOoqF7QEJqp-y-PjUCrlK3KL42JI65UUzo1a1JmLrg5qIgb1Jft98\" data-type=\"link\" data-id=\"https:\/\/www.primor.eu\/blog\/castanos-claros-mejores-tintes\/?srsltid=AfmBOoqF7QEJqp-y-PjUCrlK3KL42JI65UUzo1a1JmLrg5qIgb1Jft98\"><strong>tonalidad similar<\/strong> <\/a>o una casta\u00f1a, sobre la que va a quedar bien un tinte color vino previsiblemente.\u00a0<\/p>\n\n\n\n<h2 class=\"wp-block-heading\">Las 5 mejores opciones de tinte color vino<\/h2>\n\n\n        <product-table class=\"pr-slider\">\r\n            <product-headers class=\"grid-table-rows\">\r\n                <div>Foto<\/div>\r\n                <div>Producto<\/div>\r\n                <div>Marca<\/div>\r\n                <div>Valoraciones<\/div>\r\n                <div>Precio<\/div>\r\n            <\/product-headers>\r\n\r\n            <product-list>\r\n                                    <a href=\"https:\/\/www.primor.eu\/es_es\/marion-hair-color-shampoo-coloracion-temporal-113064.html?#755=40307\" class=\"product-item grid-table-rows\" target=\"_blank\">\r\n                        <div>\r\n                            <img decoding=\"async\" class=\"product-img\" width=\"80px\" height=\"80px\" src=\"https:\/\/cdn2.primor.eu\/media\/catalog\/product\/cache\/8d3aba296f7a18b5251ee30fa5db42b2\/2\/C\/2CC01870_1_ae59.jpg\" alt=\"Hair Color Shampoo Coloraci\u00f3n Temporal\">\r\n                        <\/div>\r\n\r\n                        <!-- Contenido de producto  -->\r\n                        <div>\r\n                            <div class=\"product-position\">\r\n                                #1 Top Ventas                            <\/div>\r\n\r\n                            <h2>\r\n                                Hair Color Shampoo Coloraci\u00f3n Temporal                            <\/h2>\r\n                        <\/div>\r\n\r\n                        <!-- Imagen y\/o nombre de la marca -->\r\n                        <div>\r\n                                                            <img decoding=\"async\" width=\"70\" src=\"https:\/\/www.primor.eu\/media\/catalog\/category\/Marion.jpg\" alt=\"Marion\">\r\n                                                    <\/div>\r\n\r\n                        <!-- Puntuaci\u00f3n del producto  -->\r\n                        <div class=\"rating\">\r\n                                                            <div class=\"rate\" style=\"--p:90;\"><\/div>\r\n                                <b>4.5\/5<\/b>\r\n                                <div class=\"rate-stars\">\r\n                                                                            <div\r\n                                            class=\"rate-star  \">\r\n                                        <\/div>\r\n                                                                            <div\r\n                                            class=\"rate-star  \">\r\n                                        <\/div>\r\n                                                                            <div\r\n                                            class=\"rate-star  \">\r\n                                        <\/div>\r\n                                                                            <div\r\n                                            class=\"rate-star  \">\r\n                                        <\/div>\r\n                                                                            <div\r\n                                            class=\"rate-star  middle\">\r\n                                        <\/div>\r\n                                                                    <\/div>\r\n                                                    <\/div>\r\n\r\n                        <!-- Bot\u00f3n de producto  -->\r\n                        <div>\r\n                            <span class=\"price-claim\">\r\n                                VER PRECIO                            <\/span>\r\n                        <\/div>\r\n                    <\/a>\r\n                                    <a href=\"https:\/\/www.primor.eu\/es_es\/palette-intensive-creme-color-permanente-113079.html?#755=40065\" class=\"product-item grid-table-rows\" target=\"_blank\">\r\n                        <div>\r\n                            <img decoding=\"async\" class=\"product-img\" width=\"80px\" height=\"80px\" src=\"https:\/\/cdn2.primor.eu\/media\/catalog\/product\/cache\/8d3aba296f7a18b5251ee30fa5db42b2\/8\/4\/8410436248136_6_1_Rubio_Oscuro_Ceniza__CS__Front_0727.jpg\" alt=\"Intensive Creme Color Permanente\">\r\n                        <\/div>\r\n\r\n                        <!-- Contenido de producto  -->\r\n                        <div>\r\n                            <div class=\"product-position\">\r\n                                #2                            <\/div>\r\n\r\n                            <h2>\r\n                                Intensive Creme Color Permanente                            <\/h2>\r\n                        <\/div>\r\n\r\n                        <!-- Imagen y\/o nombre de la marca -->\r\n                        <div>\r\n                                                            <img decoding=\"async\" width=\"70\" src=\"https:\/\/www.primor.eu\/media\/catalog\/category\/Palette.jpg\" alt=\"Palette\">\r\n                                                    <\/div>\r\n\r\n                        <!-- Puntuaci\u00f3n del producto  -->\r\n                        <div class=\"rating\">\r\n                                                            <div class=\"rate\" style=\"--p:94;\"><\/div>\r\n                                <b>4.7\/5<\/b>\r\n                                <div class=\"rate-stars\">\r\n                                                                            <div\r\n                                            class=\"rate-star  \">\r\n                                        <\/div>\r\n                                                                            <div\r\n                                            class=\"rate-star  \">\r\n                                        <\/div>\r\n                                                                            <div\r\n                                            class=\"rate-star  \">\r\n                                        <\/div>\r\n                                                                            <div\r\n                                            class=\"rate-star  \">\r\n                                        <\/div>\r\n                                                                            <div\r\n                                            class=\"rate-star  \">\r\n                                        <\/div>\r\n                                                                    <\/div>\r\n                                                    <\/div>\r\n\r\n                        <!-- Bot\u00f3n de producto  -->\r\n                        <div>\r\n                            <span class=\"price-claim\">\r\n                                VER PRECIO                            <\/span>\r\n                        <\/div>\r\n                    <\/a>\r\n                                    <a href=\"https:\/\/www.primor.eu\/es_es\/syoss-permanent-color-119869.html?#755=87240\" class=\"product-item grid-table-rows\" target=\"_blank\">\r\n                        <div>\r\n                            <img decoding=\"async\" class=\"product-img\" width=\"80px\" height=\"80px\" src=\"https:\/\/cdn2.primor.eu\/media\/catalog\/product\/cache\/8d3aba296f7a18b5251ee30fa5db42b2\/8\/4\/8410436474641_Syoss_PermanentColor_7_1__delantera__8aef.jpg\" alt=\"Permanent Color\">\r\n                        <\/div>\r\n\r\n                        <!-- Contenido de producto  -->\r\n                        <div>\r\n                            <div class=\"product-position\">\r\n                                #3                            <\/div>\r\n\r\n                            <h2>\r\n                                Permanent Color                            <\/h2>\r\n                        <\/div>\r\n\r\n                        <!-- Imagen y\/o nombre de la marca -->\r\n                        <div>\r\n                                                            <img decoding=\"async\" width=\"70\" src=\"https:\/\/www.primor.eu\/media\/catalog\/category\/SYOSS.jpg\" alt=\"Syoss\">\r\n                                                    <\/div>\r\n\r\n                        <!-- Puntuaci\u00f3n del producto  -->\r\n                        <div class=\"rating\">\r\n                                                            <div class=\"rate\" style=\"--p:90;\"><\/div>\r\n                                <b>4.5\/5<\/b>\r\n                                <div class=\"rate-stars\">\r\n                                                                            <div\r\n                                            class=\"rate-star  \">\r\n                                        <\/div>\r\n                                                                            <div\r\n                                            class=\"rate-star  \">\r\n                                        <\/div>\r\n                                                                            <div\r\n                                            class=\"rate-star  \">\r\n                                        <\/div>\r\n                                                                            <div\r\n                                            class=\"rate-star  \">\r\n                                        <\/div>\r\n                                                                            <div\r\n                                            class=\"rate-star  middle\">\r\n                                        <\/div>\r\n                                                                    <\/div>\r\n                                                    <\/div>\r\n\r\n                        <!-- Bot\u00f3n de producto  -->\r\n                        <div>\r\n                            <span class=\"price-claim\">\r\n                                VER PRECIO                            <\/span>\r\n                        <\/div>\r\n                    <\/a>\r\n                                    <a href=\"https:\/\/www.primor.eu\/es_es\/bellefine-tinte-capilar-keratin-113086.html?#755=39775\" class=\"product-item grid-table-rows\" target=\"_blank\">\r\n                        <div>\r\n                            <img decoding=\"async\" class=\"product-img\" width=\"80px\" height=\"80px\" src=\"https:\/\/cdn2.primor.eu\/media\/catalog\/product\/cache\/8d3aba296f7a18b5251ee30fa5db42b2\/2\/C\/2CT01936_1_de65.jpg\" alt=\"Tinte Capilar Keratin\">\r\n                        <\/div>\r\n\r\n                        <!-- Contenido de producto  -->\r\n                        <div>\r\n                            <div class=\"product-position\">\r\n                                #4                            <\/div>\r\n\r\n                            <h2>\r\n                                Tinte Capilar Keratin                            <\/h2>\r\n                        <\/div>\r\n\r\n                        <!-- Imagen y\/o nombre de la marca -->\r\n                        <div>\r\n                                                            <img decoding=\"async\" width=\"70\" src=\"https:\/\/www.primor.eu\/media\/catalog\/category\/BELLEFINE.jpg\" alt=\"Bellefine\">\r\n                                                    <\/div>\r\n\r\n                        <!-- Puntuaci\u00f3n del producto  -->\r\n                        <div class=\"rating\">\r\n                                                            <div class=\"rate\" style=\"--p:94;\"><\/div>\r\n                                <b>4.7\/5<\/b>\r\n                                <div class=\"rate-stars\">\r\n                                                                            <div\r\n                                            class=\"rate-star  \">\r\n                                        <\/div>\r\n                                                                            <div\r\n                                            class=\"rate-star  \">\r\n                                        <\/div>\r\n                                                                            <div\r\n                                            class=\"rate-star  \">\r\n                                        <\/div>\r\n                                                                            <div\r\n                                            class=\"rate-star  \">\r\n                                        <\/div>\r\n                                                                            <div\r\n                                            class=\"rate-star  \">\r\n                                        <\/div>\r\n                                                                    <\/div>\r\n                                                    <\/div>\r\n\r\n                        <!-- Bot\u00f3n de producto  -->\r\n                        <div>\r\n                            <span class=\"price-claim\">\r\n                                VER PRECIO                            <\/span>\r\n                        <\/div>\r\n                    <\/a>\r\n                                    <a href=\"https:\/\/www.primor.eu\/es_es\/farmatint-gel-coloracion-permanente-113103.html?#755=39823\" class=\"product-item grid-table-rows\" target=\"_blank\">\r\n                        <div>\r\n                            <img decoding=\"async\" class=\"product-img\" width=\"80px\" height=\"80px\" src=\"https:\/\/cdn2.primor.eu\/media\/catalog\/product\/cache\/8d3aba296f7a18b5251ee30fa5db42b2\/6\/X\/6XS01266_1_7d26.jpg\" alt=\"Gel Coloraci\u00f3n Permanente\">\r\n                        <\/div>\r\n\r\n                        <!-- Contenido de producto  -->\r\n                        <div>\r\n                            <div class=\"product-position\">\r\n                                #5                            <\/div>\r\n\r\n                            <h2>\r\n                                Gel Coloraci\u00f3n Permanente                            <\/h2>\r\n                        <\/div>\r\n\r\n                        <!-- Imagen y\/o nombre de la marca -->\r\n                        <div>\r\n                                                            <img decoding=\"async\" width=\"70\" src=\"https:\/\/www.primor.eu\/media\/catalog\/category\/FARMATINT.jpg\" alt=\"Farmatint\">\r\n                                                    <\/div>\r\n\r\n                        <!-- Puntuaci\u00f3n del producto  -->\r\n                        <div class=\"rating\">\r\n                                                            <div class=\"rate\" style=\"--p:92;\"><\/div>\r\n                                <b>4.6\/5<\/b>\r\n                                <div class=\"rate-stars\">\r\n                                                                            <div\r\n                                            class=\"rate-star  \">\r\n                                        <\/div>\r\n                                                                            <div\r\n                                            class=\"rate-star  \">\r\n                                        <\/div>\r\n                                                                            <div\r\n                                            class=\"rate-star  \">\r\n                                        <\/div>\r\n                                                                            <div\r\n                                            class=\"rate-star  \">\r\n                                        <\/div>\r\n                                                                            <div\r\n                                            class=\"rate-star  \">\r\n                                        <\/div>\r\n                                                                    <\/div>\r\n                                                    <\/div>\r\n\r\n                        <!-- Bot\u00f3n de producto  -->\r\n                        <div>\r\n                            <span class=\"price-claim\">\r\n                                VER PRECIO                            <\/span>\r\n                        <\/div>\r\n                    <\/a>\r\n                            <\/product-list>\r\n        <\/product-table>\r\n\r\n        \n\n\n\n<h3 class=\"wp-block-heading\">Hair Color Shampoo Coloraci\u00f3n Temporal de Marion<\/h3>\n\n\n\n<p>Una soluci\u00f3n perfecta para quienes buscan una coloraci\u00f3n temporal sin da\u00f1ar el cabello. Est\u00e1 formulado con tintes directos, sin amon\u00edaco ni per\u00f3xido, asegurando un uso seguro y efectivo. Incluye extracto de aloe, lo que permite dejar un color vivo con un brillo natural, al mismo tiempo que hidrata el cabello y facilita su peinado.<\/p>\n\n\n\n<p>Con el champ\u00fa con color de MARION, puedes disfrutar de un color vibrante que dura de 4 a 8 lavados, ofreci\u00e9ndote la posibilidad de renovar tu look con facilidad y seguridad.<\/p>\n\n\n    <a class='product' target='_blank' href='https:\/\/www.primor.eu\/es_es\/marion-hair-color-shampoo-coloracion-temporal-113064.html?#755=40307'>\r\n        <img loading='async' src='https:\/\/cdn2.primor.eu\/media\/catalog\/product\/cache\/8d3aba296f7a18b5251ee30fa5db42b2\/2\/C\/2CC01870_1_ae59.jpg' alt='COMPRAR AHORA'>\r\n            <div class=\"claim\">\r\n                COMPRAR AHORA            <\/div>\r\n        <\/a>\r\n    \n\n\n<h3 class=\"wp-block-heading\">Intensive Creme Color Permanente de Palette<\/h3>\n\n\n\n<p>Una soluci\u00f3n de coloraci\u00f3n duradera que ofrece resultados vivos y duraderos hasta por 8 semanas. Est\u00e1 formulado con pigmentos altamente eficaces que aseguran una cobertura completa de canas y un color radiante.<\/p>\n\n\n\n<p>El tinte Palette Intensive de Schwarzkopf Palette incluye un tratamiento de cuidado con aceite natural de marula, que suaviza la superficie del cabello y proporciona un brillo notable. Cada kit de Schwarzkopf Palette tinte Palette Intensive Creme Color Permanente contiene un tubo de crema colorante (50 ml), un frasco de emulsi\u00f3n reveladora (50 ml), un sobre con acondicionador de cuidado con 7 aceites (15 ml) y un par de guantes. Para cabellos m\u00e1s largos, se recomienda usar 2 cajas de este tinte. Con el tinte Palette Intensive, disfrutar\u00e1s de una coloraci\u00f3n permanente con un cuidado excepcional.<\/p>\n\n\n    <a class='product' target='_blank' href='https:\/\/www.primor.eu\/es_es\/palette-intensive-creme-color-permanente-113079.html?#755=40065'>\r\n        <img loading='async' src='https:\/\/cdn2.primor.eu\/media\/catalog\/product\/cache\/8d3aba296f7a18b5251ee30fa5db42b2\/8\/4\/8410436248136_6_1_Rubio_Oscuro_Ceniza__CS__Front_0727.jpg' alt='COMPRAR AHORA'>\r\n            <div class=\"claim\">\r\n                COMPRAR AHORA            <\/div>\r\n        <\/a>\r\n    \n\n\n<h3 class=\"wp-block-heading\">Permanent Color de Syoss<\/h3>\n\n\n\n<p>Est\u00e1 dise\u00f1ada para ofrecer resultados profesionales desde casa. Consigue un cabello con un color vibrante, intenso y duradero, manteniendo su salud y brillo natural.<\/p>\n\n\n\n<p>Principales caracter\u00edsticas:<\/p>\n\n\n\n<ul class=\"wp-block-list\">\n<li>Pigmentos de color intensos y keratina: La crema colorante penetra profundamente en la fibra capilar, garantizando hasta 100 d\u00edas de color profesional y una cobertura total del 100% de las canas.<\/li>\n\n\n\n<li>Mascarilla intensiva con keratina: Repara y fortalece el cabello desde el interior, suaviza su superficie y sella el color para un acabado radiante y duradero.\u00a0<\/li>\n<\/ul>\n\n\n\n<p>Un color vivo y luminoso que resiste el paso del tiempo, acompa\u00f1ado de un cabello suave, cuidado y lleno de vitalidad. SYOSS Permanent Color es tu aliado para un color impecable y un cabello saludable.<\/p>\n\n\n    <a class='product' target='_blank' href='https:\/\/www.primor.eu\/es_es\/syoss-permanent-color-119869.html?#755=87240'>\r\n        <img loading='async' src='https:\/\/cdn2.primor.eu\/media\/catalog\/product\/cache\/8d3aba296f7a18b5251ee30fa5db42b2\/8\/4\/8410436474641_Syoss_PermanentColor_7_1__delantera__8aef.jpg' alt='COMPRAR AHORA'>\r\n            <div class=\"claim\">\r\n                COMPRAR AHORA            <\/div>\r\n        <\/a>\r\n    \n\n\n<h3 class=\"wp-block-heading\">Tinte Capilar Keratin de Bellefine<\/h3>\n\n\n\n<p>La magia del color perfecto y absoluto combinado con un cabello fuerte, saludable y cuidado. Color perfecto, desde las ra\u00edces hasta las puntas. Cabello suave, energizado, y brillante.<\/p>\n\n\n\n<p>Es un tinte de pelo en crema de larga duraci\u00f3n con f\u00f3rmula \u00fanica enriquecida con queratina Nuti Repair Complex que penetra profundamente en la estructura del cabello, nutre, hidrata y restaura la belleza natural y vitalidad del cabello. Proporciona una excelente cobertura de canas y resultados de larga duraci\u00f3n. Su estructura cremosa permite una f\u00e1cil aplicaci\u00f3n mientras que el delicado perfume hace que la coloraci\u00f3n sea un proceso extremadamente agradable.<\/p>\n\n\n    <a class='product' target='_blank' href='https:\/\/www.primor.eu\/es_es\/bellefine-tinte-capilar-keratin-113086.html?#755=39775'>\r\n        <img loading='async' src='https:\/\/cdn2.primor.eu\/media\/catalog\/product\/cache\/8d3aba296f7a18b5251ee30fa5db42b2\/2\/C\/2CT01936_1_de65.jpg' alt='COMPRAR AHORA'>\r\n            <div class=\"claim\">\r\n                COMPRAR AHORA            <\/div>\r\n        <\/a>\r\n    \n\n\n<h3 class=\"wp-block-heading\">Gel Coloraci\u00f3n Permanente de Farmatint<\/h3>\n\n\n\n<p>Ideal para quienes buscan una coloraci\u00f3n duradera y efectiva. Este tinte de FARMATINT ofrece una cobertura completa del 100% de las canas, asegurando un color natural y duradero. Est\u00e1 formulado con componentes vegetales y aceites naturales, y no contiene amon\u00edaco ni parafinas. Esta f\u00f3rmula garantiza una coloraci\u00f3n capilar de calidad, adecuada para su uso en casa y dise\u00f1ada para proporcionar resultados consistentes y satisfactorios.<\/p>\n\n\n    <a class='product' target='_blank' href='https:\/\/www.primor.eu\/es_es\/farmatint-gel-coloracion-permanente-113103.html?#755=39823'>\r\n        <img loading='async' src='https:\/\/cdn2.primor.eu\/media\/catalog\/product\/cache\/8d3aba296f7a18b5251ee30fa5db42b2\/6\/X\/6XS01266_1_7d26.jpg' alt='COMPRAR AHORA'>\r\n            <div class=\"claim\">\r\n                COMPRAR AHORA            <\/div>\r\n        <\/a>\r\n    \n\n<div class=\"kk-star-ratings kksr-auto kksr-align-center kksr-valign-bottom\"\n    data-payload='{&quot;align&quot;:&quot;center&quot;,&quot;id&quot;:&quot;130597&quot;,&quot;slug&quot;:&quot;default&quot;,&quot;valign&quot;:&quot;bottom&quot;,&quot;ignore&quot;:&quot;&quot;,&quot;reference&quot;:&quot;auto&quot;,&quot;class&quot;:&quot;&quot;,&quot;count&quot;:&quot;0&quot;,&quot;legendonly&quot;:&quot;&quot;,&quot;readonly&quot;:&quot;&quot;,&quot;score&quot;:&quot;0&quot;,&quot;starsonly&quot;:&quot;&quot;,&quot;best&quot;:&quot;5&quot;,&quot;gap&quot;:&quot;5&quot;,&quot;greet&quot;:&quot;Valora este art\u00edculo&quot;,&quot;legend&quot;:&quot;0\\\/5 - (0 votos)&quot;,&quot;size&quot;:&quot;24&quot;,&quot;title&quot;:&quot;El color perfecto para las morenas: los 5 mejores tintes color vino&quot;,&quot;width&quot;:&quot;0&quot;,&quot;_legend&quot;:&quot;{score}\\\/{best} - ({count} {votes})&quot;,&quot;font_factor&quot;:&quot;1.25&quot;}'>\n            \n<div class=\"kksr-stars\">\n    \n<div class=\"kksr-stars-inactive\">\n            <div class=\"kksr-star\" data-star=\"1\" style=\"padding-right: 5px\">\n            \n\n<div class=\"kksr-icon\" style=\"width: 24px; height: 24px;\"><\/div>\n        <\/div>\n            <div class=\"kksr-star\" data-star=\"2\" style=\"padding-right: 5px\">\n            \n\n<div class=\"kksr-icon\" style=\"width: 24px; height: 24px;\"><\/div>\n        <\/div>\n            <div class=\"kksr-star\" data-star=\"3\" style=\"padding-right: 5px\">\n            \n\n<div class=\"kksr-icon\" style=\"width: 24px; height: 24px;\"><\/div>\n        <\/div>\n            <div class=\"kksr-star\" data-star=\"4\" style=\"padding-right: 5px\">\n            \n\n<div class=\"kksr-icon\" style=\"width: 24px; height: 24px;\"><\/div>\n        <\/div>\n            <div class=\"kksr-star\" data-star=\"5\" style=\"padding-right: 5px\">\n            \n\n<div class=\"kksr-icon\" style=\"width: 24px; height: 24px;\"><\/div>\n        <\/div>\n    <\/div>\n    \n<div class=\"kksr-stars-active\" style=\"width: 0px;\">\n            <div class=\"kksr-star\" style=\"padding-right: 5px\">\n            \n\n<div class=\"kksr-icon\" style=\"width: 24px; height: 24px;\"><\/div>\n        <\/div>\n            <div class=\"kksr-star\" style=\"padding-right: 5px\">\n            \n\n<div class=\"kksr-icon\" style=\"width: 24px; height: 24px;\"><\/div>\n        <\/div>\n            <div class=\"kksr-star\" style=\"padding-right: 5px\">\n            \n\n<div class=\"kksr-icon\" style=\"width: 24px; height: 24px;\"><\/div>\n        <\/div>\n            <div class=\"kksr-star\" style=\"padding-right: 5px\">\n            \n\n<div class=\"kksr-icon\" style=\"width: 24px; height: 24px;\"><\/div>\n        <\/div>\n            <div class=\"kksr-star\" style=\"padding-right: 5px\">\n            \n\n<div class=\"kksr-icon\" style=\"width: 24px; height: 24px;\"><\/div>\n        <\/div>\n    <\/div>\n<\/div>\n                \n\n<div class=\"kksr-legend\" style=\"font-size: 19.2px;\">\n            <span class=\"kksr-muted\">Valora este art\u00edculo<\/span>\n    <\/div>\n    <\/div>\n","protected":false},"excerpt":{"rendered":"<p>Si est\u00e1s pensando en cambiar a un tinte color vino, te vamos a dar unas opciones que puede que te encajen demasiado. Algunas opciones que seguro te van a convencer. Y lo mejor es que con ellas, podr\u00e1s conseguir darte un tinte color vino y sin necesidad de gastarte el dinero en el sal\u00f3n.&nbsp; Nunca [&hellip;]<\/p>\n","protected":false},"author":30,"featured_media":130599,"comment_status":"closed","ping_status":"closed","sticky":false,"template":"","format":"standard","meta":{"jnews-multi-image_gallery":[],"jnews_single_post":{"format":"standard"},"jnews_primary_category":[],"jnews_social_meta":[],"jnews_override_counter":[],"footnotes":""},"categories":[35],"tags":[],"class_list":["post-130597","post","type-post","status-publish","format-standard","has-post-thumbnail","hentry","category-cabello"],"_links":{"self":[{"href":"https:\/\/www.primor.eu\/blog\/wp-json\/wp\/v2\/posts\/130597","targetHints":{"allow":["GET"]}}],"collection":[{"href":"https:\/\/www.primor.eu\/blog\/wp-json\/wp\/v2\/posts"}],"about":[{"href":"https:\/\/www.primor.eu\/blog\/wp-json\/wp\/v2\/types\/post"}],"author":[{"embeddable":true,"href":"https:\/\/www.primor.eu\/blog\/wp-json\/wp\/v2\/users\/30"}],"replies":[{"embeddable":true,"href":"https:\/\/www.primor.eu\/blog\/wp-json\/wp\/v2\/comments?post=130597"}],"version-history":[{"count":2,"href":"https:\/\/www.primor.eu\/blog\/wp-json\/wp\/v2\/posts\/130597\/revisions"}],"predecessor-version":[{"id":130602,"href":"https:\/\/www.primor.eu\/blog\/wp-json\/wp\/v2\/posts\/130597\/revisions\/130602"}],"wp:featuredmedia":[{"embeddable":true,"href":"https:\/\/www.primor.eu\/blog\/wp-json\/wp\/v2\/media\/130599"}],"wp:attachment":[{"href":"https:\/\/www.primor.eu\/blog\/wp-json\/wp\/v2\/media?parent=130597"}],"wp:term":[{"taxonomy":"category","embeddable":true,"href":"https:\/\/www.primor.eu\/blog\/wp-json\/wp\/v2\/categories?post=130597"},{"taxonomy":"post_tag","embeddable":true,"href":"https:\/\/www.primor.eu\/blog\/wp-json\/wp\/v2\/tags?post=130597"}],"curies":[{"name":"wp","href":"https:\/\/api.w.org\/{rel}","templated":true}]}}