{"id":130544,"date":"2025-08-17T12:00:00","date_gmt":"2025-08-17T12:00:00","guid":{"rendered":"https:\/\/www.primor.eu\/blog\/?p=130544"},"modified":"2025-08-13T14:26:44","modified_gmt":"2025-08-13T14:26:44","slug":"pedicura-francesa","status":"publish","type":"post","link":"https:\/\/www.primor.eu\/blog\/pedicura-francesa\/","title":{"rendered":"Paso a paso para hacerte la pedicura francesa en casa y 5 ideas que te inspirar\u00e1n"},"content":{"rendered":"\n<p>Llevar hecha la <strong>pedicura francesa<\/strong> es una elecci\u00f3n que habla de tu personalidad. El hecho de que elijas la <a href=\"https:\/\/www.primor.eu\/blog\/beneficios-pedicura\/?srsltid=AfmBOoo7iHz3VUKIPsT6yw_n4bcMZxC66Fib8bW0JjnVvsGvz14VaQ2o\" data-type=\"link\" data-id=\"https:\/\/www.primor.eu\/blog\/beneficios-pedicura\/?srsltid=AfmBOoo7iHz3VUKIPsT6yw_n4bcMZxC66Fib8bW0JjnVvsGvz14VaQ2o\">pedicura <\/a>francesa para adornar las u\u00f1as de tus pies, quiere decir que eres una mujer que adora la sencillez ante todo en cuestiones de elegancia.\u00a0<\/p>\n\n\n\n<p>La pedicura francesa es una<strong> opci\u00f3n cl\u00e1sica<\/strong>, pero que resalta la belleza de tus u\u00f1as y tus pies por su armon\u00eda. Vamos a contarte c\u00f3mo es el paso a paso para que puedas hacerte la pedicura francesa en casa. Y despu\u00e9s, vamos a ver cinco ideas para que te la hagas:<\/p>\n\n\n\n<h2 class=\"wp-block-heading\">Pedicura francesa: paso a paso<\/h2>\n\n\n\n<p>Como hemos dicho, antes de nada vamos a ver c\u00f3mo es la pedicura francesa paso a paso.&nbsp;<\/p>\n\n\n\n<ol class=\"wp-block-list\">\n<li><strong>Retira el esmalte<\/strong>: si es que llevas esmalte a la hora de ponerte manos a la obra. Aseg\u00farate de que no queda ning\u00fan resto ni en las esquinas, porque quedar\u00e1 bastante raro poner m\u00e1s esmalte encima.<\/li>\n\n\n\n<li><strong>Corta las u\u00f1as<\/strong>: una vez que hayas retirado el esmalte, es hora de limpiar cualquier resto de acetona y cortar tus u\u00f1as. Tambi\u00e9n es lo mejor que las limes y les des buena forma despu\u00e9s.\u00a0<\/li>\n\n\n\n<li><strong>Cut\u00edculas<\/strong>: para ello, usa un palito de naranjo o una herramienta espec\u00edfica. Empuja suavemente las cut\u00edculas hacia atr\u00e1s para retirarlas sin hacerte da\u00f1o.<\/li>\n\n\n\n<li><strong>Pinta la base<\/strong>: con el tono rosado de la francesa.\u00a0<\/li>\n\n\n\n<li><strong>Pinta la l\u00ednea<\/strong>: con el esmalte blanco y en cada u\u00f1a. Si quieres, usa gu\u00edas adhesivas o cinta para lograr un borde recto y uniforme.\u00a0<\/li>\n\n\n\n<li><strong>Top coat<\/strong>: para sellar el esmalte y que la pedicura francesa dure m\u00e1s. Este paso es opcional.\u00a0<\/li>\n<\/ol>\n\n\n\n<h2 class=\"wp-block-heading\">Pedicura francesa: ideas nuevas<\/h2>\n\n\n\n<p>Lo mejor es que tambi\u00e9n optes por ideas nuevas, si lo que buscas es una pedicura francesa novedosa o bien diferentes opciones para ir cambiando tu estilo. Estas son las que te recomendamos:<\/p>\n\n\n\n<ul class=\"wp-block-list\">\n<li><strong>Pedicura francesa invertida<\/strong>: es decir, en lugar de la que hemos visto siempre, aplica color en la zona de la cut\u00edcula, dejando el resto en tono natural.<\/li>\n\n\n\n<li><strong>Tonos fl\u00faor<\/strong>: como fucsia y naranja o amarillos, para un estilo original.<\/li>\n\n\n\n<li><strong>Tonos suaves:<\/strong> al contrario que la otra opci\u00f3n, puedes optar por una pedicura francesa de colores pero con tonos pastel.<\/li>\n\n\n\n<li><strong>Con nail art<\/strong>: en este caso, lo mejor es que no sea muy recargado el arte y puedes simplemente a\u00f1adir dise\u00f1os sutiles como puntos o l\u00edneas.<\/li>\n\n\n\n<li><strong>Con purpurina<\/strong>: si le a\u00f1ades brillo, ser\u00e1 sencilla pero elegante y brillante<\/li>\n<\/ul>\n\n\n\n<h2 class=\"wp-block-heading\">Los mejores productos para tu pedicura francesa<\/h2>\n\n\n\n<h3 class=\"wp-block-heading\">Set Manicura y Pedicura a Pilas de Cosmetic Club<\/h3>\n\n\n\n<p>Cuida tus manos y pies con este pr\u00e1ctico kit de manicura y pedicura, ideal para usar en casa o llevar contigo a cualquier lugar. Su dise\u00f1o compacto y funcional, combinado con accesorios vers\u00e1tiles, lo convierte en una herramienta esencial para mantener tus u\u00f1as impecables en todo momento.&nbsp;<\/p>\n\n\n\n<p>Caracter\u00edsticas principales:<\/p>\n\n\n\n<ul class=\"wp-block-list\">\n<li>Colores disponibles: blanco y gris, modernos y elegantes.<\/li>\n\n\n\n<li>5 cabezales intercambiables: para limar, pulir y cuidar tus u\u00f1as con precisi\u00f3n.<\/li>\n\n\n\n<li>Bolsa de transporte incluida: perfecta para mantener todo organizado y facilitar su traslado.<\/li>\n\n\n\n<li>Funcionamiento a pilas: requiere 2 pilas AA (no incluidas), ideal para usar sin necesidad de cables.<\/li>\n\n\n\n<li>Tama\u00f1o pr\u00e1ctico: dispositivo compacto con medidas de 3 cm de di\u00e1metro y 16,5 cm de altura.<\/li>\n\n\n\n<li>Packaging compacto: medidas de 11 x 4,5 cm y altura de 24 cm, ideal para regalar o almacenar f\u00e1cilmente.<\/li>\n<\/ul>\n\n\n    <a class='product' target='_blank' href='https:\/\/www.primor.eu\/es_es\/ocasion-set-manicura-y-pedicura-a-pilas-39320.html'>\r\n        <img loading='async' src='https:\/\/cdn2.primor.eu\/media\/catalog\/product\/cache\/8d3aba296f7a18b5251ee30fa5db42b2\/3\/5\/3561860108123_b701.jpg' alt='COMPRAR AHORA'>\r\n            <div class=\"claim\">\r\n                COMPRAR AHORA            <\/div>\r\n        <\/a>\r\n    \n\n\n<h3 class=\"wp-block-heading\">Set Esmaltes de U\u00f1as Mi Manicura Francesa de Beter<\/h3>\n\n\n\n<p>Set de esmaltes Youth color en tonos nude, perfectos para una manicura francesa.<\/p>\n\n\n\n<p>Veganos. Brillo extraordinario. Alta duraci\u00f3n.<\/p>\n\n\n\n<p>El kit contiene los siguientes tonos:<\/p>\n\n\n\n<ul class=\"wp-block-list\">\n<li>061 White French<\/li>\n\n\n\n<li>062 Beige French<\/li>\n\n\n\n<li>063 Pink French.<\/li>\n<\/ul>\n\n\n\n<p>El esmalte rejuvenecedor Youth Color protege a tus u\u00f1as del envejecimiento: f\u00f3rmula con Pro-Age Complex muy rico en Vitamina C de alto poder antioxidante, \u00e1cido hialur\u00f3nico de efecto antiedad y plancton foto reactivo que protege las u\u00f1as. Con filtro UV.<\/p>\n\n\n    <a class='product' target='_blank' href='https:\/\/www.primor.eu\/es_es\/beter-set-esmaltes-de-unas-mi-manicura-francesa-44506.html'>\r\n        <img loading='async' src='https:\/\/cdn2.primor.eu\/media\/catalog\/product\/cache\/8d3aba296f7a18b5251ee30fa5db42b2\/0\/M\/0MM15904_1_ff41.jpg' alt='COMPRAR AHORA'>\r\n            <div class=\"claim\">\r\n                COMPRAR AHORA            <\/div>\r\n        <\/a>\r\n    \n\n<div class=\"kk-star-ratings kksr-auto kksr-align-center kksr-valign-bottom\"\n    data-payload='{&quot;align&quot;:&quot;center&quot;,&quot;id&quot;:&quot;130544&quot;,&quot;slug&quot;:&quot;default&quot;,&quot;valign&quot;:&quot;bottom&quot;,&quot;ignore&quot;:&quot;&quot;,&quot;reference&quot;:&quot;auto&quot;,&quot;class&quot;:&quot;&quot;,&quot;count&quot;:&quot;0&quot;,&quot;legendonly&quot;:&quot;&quot;,&quot;readonly&quot;:&quot;&quot;,&quot;score&quot;:&quot;0&quot;,&quot;starsonly&quot;:&quot;&quot;,&quot;best&quot;:&quot;5&quot;,&quot;gap&quot;:&quot;5&quot;,&quot;greet&quot;:&quot;Valora este art\u00edculo&quot;,&quot;legend&quot;:&quot;0\\\/5 - (0 votos)&quot;,&quot;size&quot;:&quot;24&quot;,&quot;title&quot;:&quot;Paso a paso para hacerte la pedicura francesa en casa y 5 ideas que te inspirar\u00e1n&quot;,&quot;width&quot;:&quot;0&quot;,&quot;_legend&quot;:&quot;{score}\\\/{best} - ({count} {votes})&quot;,&quot;font_factor&quot;:&quot;1.25&quot;}'>\n            \n<div class=\"kksr-stars\">\n    \n<div class=\"kksr-stars-inactive\">\n            <div class=\"kksr-star\" data-star=\"1\" style=\"padding-right: 5px\">\n            \n\n<div class=\"kksr-icon\" style=\"width: 24px; height: 24px;\"><\/div>\n        <\/div>\n            <div class=\"kksr-star\" data-star=\"2\" style=\"padding-right: 5px\">\n            \n\n<div class=\"kksr-icon\" style=\"width: 24px; height: 24px;\"><\/div>\n        <\/div>\n            <div class=\"kksr-star\" data-star=\"3\" style=\"padding-right: 5px\">\n            \n\n<div class=\"kksr-icon\" style=\"width: 24px; height: 24px;\"><\/div>\n        <\/div>\n            <div class=\"kksr-star\" data-star=\"4\" style=\"padding-right: 5px\">\n            \n\n<div class=\"kksr-icon\" style=\"width: 24px; height: 24px;\"><\/div>\n        <\/div>\n            <div class=\"kksr-star\" data-star=\"5\" style=\"padding-right: 5px\">\n            \n\n<div class=\"kksr-icon\" style=\"width: 24px; height: 24px;\"><\/div>\n        <\/div>\n    <\/div>\n    \n<div class=\"kksr-stars-active\" style=\"width: 0px;\">\n            <div class=\"kksr-star\" style=\"padding-right: 5px\">\n            \n\n<div class=\"kksr-icon\" style=\"width: 24px; height: 24px;\"><\/div>\n        <\/div>\n            <div class=\"kksr-star\" style=\"padding-right: 5px\">\n            \n\n<div class=\"kksr-icon\" style=\"width: 24px; height: 24px;\"><\/div>\n        <\/div>\n            <div class=\"kksr-star\" style=\"padding-right: 5px\">\n            \n\n<div class=\"kksr-icon\" style=\"width: 24px; height: 24px;\"><\/div>\n        <\/div>\n            <div class=\"kksr-star\" style=\"padding-right: 5px\">\n            \n\n<div class=\"kksr-icon\" style=\"width: 24px; height: 24px;\"><\/div>\n        <\/div>\n            <div class=\"kksr-star\" style=\"padding-right: 5px\">\n            \n\n<div class=\"kksr-icon\" style=\"width: 24px; height: 24px;\"><\/div>\n        <\/div>\n    <\/div>\n<\/div>\n                \n\n<div class=\"kksr-legend\" style=\"font-size: 19.2px;\">\n            <span class=\"kksr-muted\">Valora este art\u00edculo<\/span>\n    <\/div>\n    <\/div>\n","protected":false},"excerpt":{"rendered":"<p>Llevar hecha la pedicura francesa es una elecci\u00f3n que habla de tu personalidad. El hecho de que elijas la pedicura francesa para adornar las u\u00f1as de tus pies, quiere decir que eres una mujer que adora la sencillez ante todo en cuestiones de elegancia.\u00a0 La pedicura francesa es una opci\u00f3n cl\u00e1sica, pero que resalta la [&hellip;]<\/p>\n","protected":false},"author":30,"featured_media":130545,"comment_status":"closed","ping_status":"closed","sticky":false,"template":"","format":"standard","meta":{"jnews-multi-image_gallery":[],"jnews_single_post":{"format":"standard"},"jnews_primary_category":[],"jnews_social_meta":[],"jnews_override_counter":[],"footnotes":""},"categories":[151],"tags":[],"class_list":["post-130544","post","type-post","status-publish","format-standard","has-post-thumbnail","hentry","category-corporales"],"_links":{"self":[{"href":"https:\/\/www.primor.eu\/blog\/wp-json\/wp\/v2\/posts\/130544","targetHints":{"allow":["GET"]}}],"collection":[{"href":"https:\/\/www.primor.eu\/blog\/wp-json\/wp\/v2\/posts"}],"about":[{"href":"https:\/\/www.primor.eu\/blog\/wp-json\/wp\/v2\/types\/post"}],"author":[{"embeddable":true,"href":"https:\/\/www.primor.eu\/blog\/wp-json\/wp\/v2\/users\/30"}],"replies":[{"embeddable":true,"href":"https:\/\/www.primor.eu\/blog\/wp-json\/wp\/v2\/comments?post=130544"}],"version-history":[{"count":2,"href":"https:\/\/www.primor.eu\/blog\/wp-json\/wp\/v2\/posts\/130544\/revisions"}],"predecessor-version":[{"id":130547,"href":"https:\/\/www.primor.eu\/blog\/wp-json\/wp\/v2\/posts\/130544\/revisions\/130547"}],"wp:featuredmedia":[{"embeddable":true,"href":"https:\/\/www.primor.eu\/blog\/wp-json\/wp\/v2\/media\/130545"}],"wp:attachment":[{"href":"https:\/\/www.primor.eu\/blog\/wp-json\/wp\/v2\/media?parent=130544"}],"wp:term":[{"taxonomy":"category","embeddable":true,"href":"https:\/\/www.primor.eu\/blog\/wp-json\/wp\/v2\/categories?post=130544"},{"taxonomy":"post_tag","embeddable":true,"href":"https:\/\/www.primor.eu\/blog\/wp-json\/wp\/v2\/tags?post=130544"}],"curies":[{"name":"wp","href":"https:\/\/api.w.org\/{rel}","templated":true}]}}