{"id":130497,"date":"2025-08-16T12:00:00","date_gmt":"2025-08-16T12:00:00","guid":{"rendered":"https:\/\/www.primor.eu\/blog\/?p=130497"},"modified":"2025-08-12T15:55:06","modified_gmt":"2025-08-12T15:55:06","slug":"slob","status":"publish","type":"post","link":"https:\/\/www.primor.eu\/blog\/slob\/","title":{"rendered":"Qu\u00e9 es el corte de pelo slob y 5 ideas para llevarlo seg\u00fan tu tipo de rostro"},"content":{"rendered":"\n<p>Hoy vamos a ver la tendencia de corte de pelo <strong>slob<\/strong>, para que comprendas por qu\u00e9 se est\u00e1 haciendo viral y cu\u00e1les son las claves para llevarlo lo mejor posible. Las redes sociales han pasado a ser escaparate de las modas como el slob. Cada temporada hay millones de influencers que sacan sus versiones del <strong>pixie<\/strong>, las <strong><a href=\"https:\/\/www.primor.eu\/blog\/balayages-para-morenas\/?srsltid=AfmBOoptMavZE_QsGGN8rkB4whVaaQwD6FkR3jgYoxWlv3-GS2nEckiH\" data-type=\"link\" data-id=\"https:\/\/www.primor.eu\/blog\/balayages-para-morenas\/?srsltid=AfmBOoptMavZE_QsGGN8rkB4whVaaQwD6FkR3jgYoxWlv3-GS2nEckiH\">mechas balayage<\/a><\/strong> u otras tendencias de cortes de pelo y coloraci\u00f3n.\u00a0<\/p>\n\n\n\n<p>Ahora le toca el turno al corte de pelo slob. Te vamos a contar m\u00e1s sobre c\u00f3mo es esta tendencia y te daremos cinco ideas para que lo lleves hecho a medida y resalte tu belleza natural.<\/p>\n\n\n\n<h2 class=\"wp-block-heading\">\u00bfC\u00f3mo es el corte de pelo slob?<\/h2>\n\n\n\n<p>Antes de pasar a ver c\u00f3mo es est\u00e9ticamente el corte de pelo <strong>slob<\/strong>, veremos que el t\u00e9rmino viene del ingl\u00e9s y que hace referencia a un corte <strong>bob recto<\/strong>, sin capas. El bob es esa tendencia c\u00f3moda, chic y de estilo parisino que aguanta todas las modas y las \u00e9pocas por su sencillez y su elegancia.&nbsp;<\/p>\n\n\n\n<p>Esso s\u00ed, salen muchas variantes de \u00e9l para que se puede adaptar a cada estilo y tipo de cabello. Desde el long bob, hasta el bob desfilado o esta variante que ha sido bautizada como slob.&nbsp;<\/p>\n\n\n\n<p>Lo que hace que este corte sea diferente del cl\u00e1sico es que consigue una estructura pulida y uniforme en el cabello que consigue enmarcar el rostro con precisi\u00f3n. Por ello, es genial para resaltar las facciones. Pero como ocurre con los maquillajes o cortes de pelo, lo mejor es adaptarlo a nuestras facciones.<\/p>\n\n\n\n<h2 class=\"wp-block-heading\">5 ideas para llevar un slob seg\u00fan tu tipo de rostro<\/h2>\n\n\n\n<p>Si te gusta el corte de pelo slob pero dudas si es la mejor opci\u00f3n para ti por tu tipo de rostro y facciones, no te preocupes. En Primor, siempre buscamos la forma de adaptar las <strong>tendencias<\/strong> como esta para que se ajusten a tu <strong>belleza natural <\/strong>y la realcen. Estos son los 5 tipos de slob que puedes llevar:<\/p>\n\n\n\n<h3 class=\"wp-block-heading\">Rostro ovalado<\/h3>\n\n\n\n<p>Si tu rostro tiene esta forma, lo mejor que puedes hacer es llevar un slob cl\u00e1sico que tenga el corte a la barbilla. Lo mejor de este tipo de cara es que es muy vers\u00e1til, por lo que de todos modos, podr\u00edas llevar varias versiones de slob e, incluso de bob. El que est\u00e9 a la altura de la mand\u00edbula, har\u00e1 que tus p\u00f3mulos se resalten.<\/p>\n\n\n\n<p>Esto le dar\u00e1 a tu rostro un aire afilado y con mucha personalidad. El hecho de que los p\u00f3mulos est\u00e9n marcados, aporta armon\u00eda al rostro y hace que el resto de tus rasgos y tu belleza natural, se potencie.<\/p>\n\n\n\n<h3 class=\"wp-block-heading\">Rostro con forma de coraz\u00f3n<\/h3>\n\n\n\n<p>En el caso de que tengas esta forma en tus facciones, lo mejor es que elijas una versi\u00f3n del slob que sea invertida. Es decir, que el corte de pelo sea m\u00e1s corto en la nuca y ligeramente m\u00e1s largo hacia la parte delantera. De esta forma se equilibra la proporci\u00f3n de la frente con la del ment\u00f3n y se crea armon\u00eda en los rasgos.<\/p>\n\n\n\n<h3 class=\"wp-block-heading\">Rostro cuadrado<\/h3>\n\n\n\n<p>El hecho de tener unas facciones que responden a la estructura de un rostro cuadrado, puede que en ocasiones pida un corte de pelo que suavice las l\u00edneas que lo forman. De este modo, las l\u00edneas faciales angulosas se pueden suavizar con un juego de ondas ligeras.&nbsp;<\/p>\n\n\n\n<p>En el caso de elegir un slob, puedes incidir en este punto. Debes saber que no es necesario que el corte tenga capas aunque puede tenerlas, es suficiente con que sea ondulado.<\/p>\n\n\n\n<h3 class=\"wp-block-heading\">Rostro alargado<\/h3>\n\n\n\n<p>El rostro alargado hace que quieras elegir un corte de pelo que incluya un flequillo en muchos casos, para dotar a tu cara de un aspecto m\u00e1s redondeado. En el caso del slob, un flequillo recto o tipo cortina ser\u00e1 perfecto.<\/p>\n\n\n\n<h3 class=\"wp-block-heading\">Rostro redondo<\/h3>\n\n\n\n<p>Para terminar, si tienes el rostro redondo, el mejor slob que puedes escoger es aquel que tenga un toque recto. Ser\u00e1 genial si un buen estilista a\u00f1ade un desfilado muy sutil en las puntas.<\/p>\n\n\n<div class=\"kk-star-ratings kksr-auto kksr-align-center kksr-valign-bottom\"\n    data-payload='{&quot;align&quot;:&quot;center&quot;,&quot;id&quot;:&quot;130497&quot;,&quot;slug&quot;:&quot;default&quot;,&quot;valign&quot;:&quot;bottom&quot;,&quot;ignore&quot;:&quot;&quot;,&quot;reference&quot;:&quot;auto&quot;,&quot;class&quot;:&quot;&quot;,&quot;count&quot;:&quot;0&quot;,&quot;legendonly&quot;:&quot;&quot;,&quot;readonly&quot;:&quot;&quot;,&quot;score&quot;:&quot;0&quot;,&quot;starsonly&quot;:&quot;&quot;,&quot;best&quot;:&quot;5&quot;,&quot;gap&quot;:&quot;5&quot;,&quot;greet&quot;:&quot;Valora este art\u00edculo&quot;,&quot;legend&quot;:&quot;0\\\/5 - (0 votos)&quot;,&quot;size&quot;:&quot;24&quot;,&quot;title&quot;:&quot;Qu\u00e9 es el corte de pelo slob y 5 ideas para llevarlo seg\u00fan tu tipo de rostro&quot;,&quot;width&quot;:&quot;0&quot;,&quot;_legend&quot;:&quot;{score}\\\/{best} - ({count} {votes})&quot;,&quot;font_factor&quot;:&quot;1.25&quot;}'>\n            \n<div class=\"kksr-stars\">\n    \n<div class=\"kksr-stars-inactive\">\n            <div class=\"kksr-star\" data-star=\"1\" style=\"padding-right: 5px\">\n            \n\n<div class=\"kksr-icon\" style=\"width: 24px; height: 24px;\"><\/div>\n        <\/div>\n            <div class=\"kksr-star\" data-star=\"2\" style=\"padding-right: 5px\">\n            \n\n<div class=\"kksr-icon\" style=\"width: 24px; height: 24px;\"><\/div>\n        <\/div>\n            <div class=\"kksr-star\" data-star=\"3\" style=\"padding-right: 5px\">\n            \n\n<div class=\"kksr-icon\" style=\"width: 24px; height: 24px;\"><\/div>\n        <\/div>\n            <div class=\"kksr-star\" data-star=\"4\" style=\"padding-right: 5px\">\n            \n\n<div class=\"kksr-icon\" style=\"width: 24px; height: 24px;\"><\/div>\n        <\/div>\n            <div class=\"kksr-star\" data-star=\"5\" style=\"padding-right: 5px\">\n            \n\n<div class=\"kksr-icon\" style=\"width: 24px; height: 24px;\"><\/div>\n        <\/div>\n    <\/div>\n    \n<div class=\"kksr-stars-active\" style=\"width: 0px;\">\n            <div class=\"kksr-star\" style=\"padding-right: 5px\">\n            \n\n<div class=\"kksr-icon\" style=\"width: 24px; height: 24px;\"><\/div>\n        <\/div>\n            <div class=\"kksr-star\" style=\"padding-right: 5px\">\n            \n\n<div class=\"kksr-icon\" style=\"width: 24px; height: 24px;\"><\/div>\n        <\/div>\n            <div class=\"kksr-star\" style=\"padding-right: 5px\">\n            \n\n<div class=\"kksr-icon\" style=\"width: 24px; height: 24px;\"><\/div>\n        <\/div>\n            <div class=\"kksr-star\" style=\"padding-right: 5px\">\n            \n\n<div class=\"kksr-icon\" style=\"width: 24px; height: 24px;\"><\/div>\n        <\/div>\n            <div class=\"kksr-star\" style=\"padding-right: 5px\">\n            \n\n<div class=\"kksr-icon\" style=\"width: 24px; height: 24px;\"><\/div>\n        <\/div>\n    <\/div>\n<\/div>\n                \n\n<div class=\"kksr-legend\" style=\"font-size: 19.2px;\">\n            <span class=\"kksr-muted\">Valora este art\u00edculo<\/span>\n    <\/div>\n    <\/div>\n","protected":false},"excerpt":{"rendered":"<p>Hoy vamos a ver la tendencia de corte de pelo slob, para que comprendas por qu\u00e9 se est\u00e1 haciendo viral y cu\u00e1les son las claves para llevarlo lo mejor posible. Las redes sociales han pasado a ser escaparate de las modas como el slob. Cada temporada hay millones de influencers que sacan sus versiones del [&hellip;]<\/p>\n","protected":false},"author":30,"featured_media":130498,"comment_status":"closed","ping_status":"closed","sticky":false,"template":"","format":"standard","meta":{"jnews-multi-image_gallery":[],"jnews_single_post":{"format":"standard"},"jnews_primary_category":[],"jnews_social_meta":[],"jnews_override_counter":[],"footnotes":""},"categories":[35],"tags":[],"class_list":["post-130497","post","type-post","status-publish","format-standard","has-post-thumbnail","hentry","category-cabello"],"_links":{"self":[{"href":"https:\/\/www.primor.eu\/blog\/wp-json\/wp\/v2\/posts\/130497","targetHints":{"allow":["GET"]}}],"collection":[{"href":"https:\/\/www.primor.eu\/blog\/wp-json\/wp\/v2\/posts"}],"about":[{"href":"https:\/\/www.primor.eu\/blog\/wp-json\/wp\/v2\/types\/post"}],"author":[{"embeddable":true,"href":"https:\/\/www.primor.eu\/blog\/wp-json\/wp\/v2\/users\/30"}],"replies":[{"embeddable":true,"href":"https:\/\/www.primor.eu\/blog\/wp-json\/wp\/v2\/comments?post=130497"}],"version-history":[{"count":1,"href":"https:\/\/www.primor.eu\/blog\/wp-json\/wp\/v2\/posts\/130497\/revisions"}],"predecessor-version":[{"id":130499,"href":"https:\/\/www.primor.eu\/blog\/wp-json\/wp\/v2\/posts\/130497\/revisions\/130499"}],"wp:featuredmedia":[{"embeddable":true,"href":"https:\/\/www.primor.eu\/blog\/wp-json\/wp\/v2\/media\/130498"}],"wp:attachment":[{"href":"https:\/\/www.primor.eu\/blog\/wp-json\/wp\/v2\/media?parent=130497"}],"wp:term":[{"taxonomy":"category","embeddable":true,"href":"https:\/\/www.primor.eu\/blog\/wp-json\/wp\/v2\/categories?post=130497"},{"taxonomy":"post_tag","embeddable":true,"href":"https:\/\/www.primor.eu\/blog\/wp-json\/wp\/v2\/tags?post=130497"}],"curies":[{"name":"wp","href":"https:\/\/api.w.org\/{rel}","templated":true}]}}