{"id":130165,"date":"2025-08-03T12:00:00","date_gmt":"2025-08-03T12:00:00","guid":{"rendered":"https:\/\/www.primor.eu\/blog\/?p=130165"},"modified":"2025-08-01T11:31:07","modified_gmt":"2025-08-01T11:31:07","slug":"manicura-milky-french-unas","status":"publish","type":"post","link":"https:\/\/www.primor.eu\/blog\/manicura-milky-french-unas\/","title":{"rendered":"Manicura milky french: la tendencia m\u00e1s limpia para tus u\u00f1as"},"content":{"rendered":"\n<p>Si quieres una manicura limpia y natural, la<strong> milky french<\/strong> es lo tuyo. Hay muchos tipos de manicura, pero sin duda que es una de las m\u00e1s <strong>sencillas y bonitas <\/strong>y adem\u00e1s, es tendencia. Vamos a ver por qu\u00e9 la milky french es<strong> tendencia<\/strong> y cu\u00e1les son las diferencias con la<a href=\"https:\/\/www.primor.eu\/blog\/como-hacer-manicura-francesa\/?srsltid=AfmBOooj_a8xSHyo8iXI2C0nkFTYF5X7ubiwK75fVU1h21mjVRCo8_2p\" data-type=\"link\" data-id=\"https:\/\/www.primor.eu\/blog\/como-hacer-manicura-francesa\/?srsltid=AfmBOooj_a8xSHyo8iXI2C0nkFTYF5X7ubiwK75fVU1h21mjVRCo8_2p\"> manicura francesa<\/a> cl\u00e1sica, para que puedas saber si esta es la opci\u00f3n que m\u00e1s va contigo o por si la quieres probar para asegurarte de ello.<\/p>\n\n\n\n<h2 class=\"wp-block-heading\">Qu\u00e9 es la manicura milky french<\/h2>\n\n\n\n<p>Como su propio nombre indica, la <strong>milky french<\/strong> es un tipo de manicura francesa que incluye tonos <strong>lechosos y c\u00e1lidos<\/strong>, como un vaso de leche o un chai latte de esos que nos tomamos una tarde de oto\u00f1o.&nbsp;<\/p>\n\n\n\n<p>Tiene lo mejor de la manicura francesa cl\u00e1sica, combinado con un toque minimalista y moderno.<\/p>\n\n\n\n<h2 class=\"wp-block-heading\">Diferencia entre la milky french y la manicura francesa<\/h2>\n\n\n\n<p>Pero puede que te est\u00e9s preguntando cu\u00e1l es la verdadera<strong> diferencia<\/strong> entre <strong>ambas manicuras. <\/strong>Esta es una variaci\u00f3n de la cl\u00e1sica manicura francesa. La principal diferencia es que la base no es completamente transparente ni rosada, sino que se escoge para ella un tono blanco lechoso.<\/p>\n\n\n\n<p>El resultado son unas u\u00f1as elegantes, naturales y delicadas. Las puntas se difuminan suavemente o se mantienen definidas, seg\u00fan lo que prefiera cada persona.<\/p>\n\n\n\n<h2 class=\"wp-block-heading\">Las claves de la tendencia de las milky french<\/h2>\n\n\n\n<p>Si te est\u00e1s preguntando cu\u00e1les son las claves que han hecho que la milky french se convierta directamente en tendencia, son estas:<\/p>\n\n\n\n<ul class=\"wp-block-list\">\n<li><strong>Es vers\u00e1til<\/strong>, por lo que combina con cualquier look o outfit y tambi\u00e9n con una manicura que incluya u\u00f1as largas o cortas<\/li>\n\n\n\n<li><strong>Es suave<\/strong> y permite un contraste entre las u\u00f1as y la piel<\/li>\n\n\n\n<li><strong>Es limpia<\/strong> y natural, adem\u00e1s de conseguir un acabado sofisticado<\/li>\n\n\n\n<li><strong>Es minimalista<\/strong> y perfecta para aquellas que adoran la belleza natural y huyen de excentricidades\u00a0<\/li>\n<\/ul>\n\n\n\n<h2 class=\"wp-block-heading\">Los mejores esmaltes para tu milky french&nbsp;<\/h2>\n\n\n        <product-table class=\"pr-slider\">\r\n            <product-headers class=\"grid-table-rows\">\r\n                <div>Foto<\/div>\r\n                <div>Producto<\/div>\r\n                <div>Marca<\/div>\r\n                <div>Valoraciones<\/div>\r\n                <div>Precio<\/div>\r\n            <\/product-headers>\r\n\r\n            <product-list>\r\n                                    <a href=\"https:\/\/www.primor.eu\/es_es\/bourjois-healthy-mix-laca-de-unas-111135.html?#803=47353\" class=\"product-item grid-table-rows\" target=\"_blank\">\r\n                        <div>\r\n                            <img decoding=\"async\" class=\"product-img\" width=\"80px\" height=\"80px\" src=\"https:\/\/cdn2.primor.eu\/media\/catalog\/product\/cache\/8d3aba296f7a18b5251ee30fa5db42b2\/0\/M\/0MM16050_1_31a8.jpg\" alt=\"Healthy Mix Laca de U\u00f1as\">\r\n                        <\/div>\r\n\r\n                        <!-- Contenido de producto  -->\r\n                        <div>\r\n                            <div class=\"product-position\">\r\n                                #1 Top Ventas                            <\/div>\r\n\r\n                            <h2>\r\n                                Healthy Mix Laca de U\u00f1as                            <\/h2>\r\n                        <\/div>\r\n\r\n                        <!-- Imagen y\/o nombre de la marca -->\r\n                        <div>\r\n                                                            <img decoding=\"async\" width=\"70\" src=\"https:\/\/www.primor.eu\/media\/catalog\/category\/bourjois.png\" alt=\"Bourjois\">\r\n                                                    <\/div>\r\n\r\n                        <!-- Puntuaci\u00f3n del producto  -->\r\n                        <div class=\"rating\">\r\n                                                            <div class=\"rate\" style=\"--p:70;\"><\/div>\r\n                                <b>3.5\/5<\/b>\r\n                                <div class=\"rate-stars\">\r\n                                                                            <div\r\n                                            class=\"rate-star  \">\r\n                                        <\/div>\r\n                                                                            <div\r\n                                            class=\"rate-star  \">\r\n                                        <\/div>\r\n                                                                            <div\r\n                                            class=\"rate-star  \">\r\n                                        <\/div>\r\n                                                                            <div\r\n                                            class=\"rate-star  middle\">\r\n                                        <\/div>\r\n                                                                            <div\r\n                                            class=\"rate-star disable \">\r\n                                        <\/div>\r\n                                                                    <\/div>\r\n                                                    <\/div>\r\n\r\n                        <!-- Bot\u00f3n de producto  -->\r\n                        <div>\r\n                            <span class=\"price-claim\">\r\n                                VER PRECIO                            <\/span>\r\n                        <\/div>\r\n                    <\/a>\r\n                                    <a href=\"https:\/\/www.primor.eu\/es_es\/essie-esmaltes-de-unas-tonos-a-k-108753.html?#803=53928\" class=\"product-item grid-table-rows\" target=\"_blank\">\r\n                        <div>\r\n                            <img decoding=\"async\" class=\"product-img\" width=\"80px\" height=\"80px\" src=\"https:\/\/cdn2.primor.eu\/media\/catalog\/product\/cache\/8d3aba296f7a18b5251ee30fa5db42b2\/0\/M\/0MM04377_1_a45b.jpg\" alt=\"Esmaltes de U\u00f1as Tonos A-k\">\r\n                        <\/div>\r\n\r\n                        <!-- Contenido de producto  -->\r\n                        <div>\r\n                            <div class=\"product-position\">\r\n                                #2                            <\/div>\r\n\r\n                            <h2>\r\n                                Esmaltes de U\u00f1as Tonos A-k                            <\/h2>\r\n                        <\/div>\r\n\r\n                        <!-- Imagen y\/o nombre de la marca -->\r\n                        <div>\r\n                                                            <img decoding=\"async\" width=\"70\" src=\"https:\/\/www.primor.eu\/media\/catalog\/category\/essie.png\" alt=\"Essie\">\r\n                                                    <\/div>\r\n\r\n                        <!-- Puntuaci\u00f3n del producto  -->\r\n                        <div class=\"rating\">\r\n                                                            <div class=\"rate\" style=\"--p:94;\"><\/div>\r\n                                <b>4.7\/5<\/b>\r\n                                <div class=\"rate-stars\">\r\n                                                                            <div\r\n                                            class=\"rate-star  \">\r\n                                        <\/div>\r\n                                                                            <div\r\n                                            class=\"rate-star  \">\r\n                                        <\/div>\r\n                                                                            <div\r\n                                            class=\"rate-star  \">\r\n                                        <\/div>\r\n                                                                            <div\r\n                                            class=\"rate-star  \">\r\n                                        <\/div>\r\n                                                                            <div\r\n                                            class=\"rate-star  \">\r\n                                        <\/div>\r\n                                                                    <\/div>\r\n                                                    <\/div>\r\n\r\n                        <!-- Bot\u00f3n de producto  -->\r\n                        <div>\r\n                            <span class=\"price-claim\">\r\n                                VER PRECIO                            <\/span>\r\n                        <\/div>\r\n                    <\/a>\r\n                                    <a href=\"https:\/\/www.primor.eu\/es_es\/opi-nail-lacquer-coleccion-blancos-y-naturales-109553.html?#803=53708\" class=\"product-item grid-table-rows\" target=\"_blank\">\r\n                        <div>\r\n                            <img decoding=\"async\" class=\"product-img\" width=\"80px\" height=\"80px\" src=\"https:\/\/cdn2.primor.eu\/media\/catalog\/product\/cache\/8d3aba296f7a18b5251ee30fa5db42b2\/0\/M\/0MM04786_1_e71f.jpg\" alt=\"Nail Lacquer Colecci\u00f3n Blancos y Naturales\">\r\n                        <\/div>\r\n\r\n                        <!-- Contenido de producto  -->\r\n                        <div>\r\n                            <div class=\"product-position\">\r\n                                #3                            <\/div>\r\n\r\n                            <h2>\r\n                                Nail Lacquer Colecci\u00f3n Blancos y Naturales                            <\/h2>\r\n                        <\/div>\r\n\r\n                        <!-- Imagen y\/o nombre de la marca -->\r\n                        <div>\r\n                                                            <img decoding=\"async\" width=\"70\" src=\"https:\/\/www.primor.eu\/media\/catalog\/category\/opi.jpg\" alt=\"OPI\">\r\n                                                    <\/div>\r\n\r\n                        <!-- Puntuaci\u00f3n del producto  -->\r\n                        <div class=\"rating\">\r\n                                                            <div class=\"rate\" style=\"--p:82;\"><\/div>\r\n                                <b>4.1\/5<\/b>\r\n                                <div class=\"rate-stars\">\r\n                                                                            <div\r\n                                            class=\"rate-star  \">\r\n                                        <\/div>\r\n                                                                            <div\r\n                                            class=\"rate-star  \">\r\n                                        <\/div>\r\n                                                                            <div\r\n                                            class=\"rate-star  \">\r\n                                        <\/div>\r\n                                                                            <div\r\n                                            class=\"rate-star  \">\r\n                                        <\/div>\r\n                                                                            <div\r\n                                            class=\"rate-star  \">\r\n                                        <\/div>\r\n                                                                    <\/div>\r\n                                                    <\/div>\r\n\r\n                        <!-- Bot\u00f3n de producto  -->\r\n                        <div>\r\n                            <span class=\"price-claim\">\r\n                                VER PRECIO                            <\/span>\r\n                        <\/div>\r\n                    <\/a>\r\n                            <\/product-list>\r\n        <\/product-table>\r\n\r\n        \n\n\n\n<h3 class=\"wp-block-heading\">Healthy Mix Laca de U\u00f1as de Bourjois<\/h3>\n\n\n\n<p>Es la nueva laca de u\u00f1as con la f\u00f3rmula clean cuidado y color. Una combinaci\u00f3n vegana, transparente y respetuosa compuesta por un 70% de ingredientes de origen natural. Garantiza un secado r\u00e1pido y un acabado ultra-brillante de m\u00e1xima duraci\u00f3n. Su cepillo anti-desbordamiento est\u00e1 dise\u00f1ado para adaptase perfectamente a la forma de tu u\u00f1a. Garantiza una aplicaci\u00f3n ultra f\u00e1cil y r\u00e1pida desde la primera pasada. Adem\u00e1s, su embalaje es respetuoso con el medio ambiente. Su tapa ha sido fabricada con un 50% de pl\u00e1stico reciclado. \u00a1D\u00e9jate sorprender con sus 6 maravillosos tonos para una manicura m\u00e1s Clean! \u00a1Te encantar\u00e1!<\/p>\n\n\n    <a class='product' target='_blank' href='https:\/\/www.primor.eu\/es_es\/bourjois-healthy-mix-laca-de-unas-111135.html?#803=47353'>\r\n        <img loading='async' src='https:\/\/cdn2.primor.eu\/media\/catalog\/product\/cache\/8d3aba296f7a18b5251ee30fa5db42b2\/0\/M\/0MM16050_1_31a8.jpg' alt='COMPRAR AHORA'>\r\n            <div class=\"claim\">\r\n                COMPRAR AHORA            <\/div>\r\n        <\/a>\r\n    \n\n\n<h3 class=\"wp-block-heading\">Esmaltes de U\u00f1as Tonos A-k de Essie<\/h3>\n\n\n\n<p>Estos tonos provocativos no dejan nada a la imaginaci\u00f3n, ofreciendo colores brillantes que infunden alegr\u00eda y buen humor sin compromisos. La paleta extensa presenta cientos de tonos para satisfacer todos los gustos, desde los m\u00e1s atrevidos hasta los m\u00e1s cl\u00e1sicos.<\/p>\n\n\n\n<p>Con un acabado brillante e intenso, estos esmaltes no solo deslumbran, sino que tambi\u00e9n destacan por su durabilidad excepcional. La f\u00f3rmula impecable de los esmaltes asegura una cobertura uniforme y duradera, mientras que el pincel se adapta a cualquier tama\u00f1o de u\u00f1a para lograr una aplicaci\u00f3n sin manchas. Descubre la versatilidad y la calidad \u00fanica de los esmaltes de u\u00f1as ESSIE Tonos A-k, la elecci\u00f3n perfecta para expresar tu estilo con confianza.<\/p>\n\n\n    <a class='product' target='_blank' href='https:\/\/www.primor.eu\/es_es\/essie-esmaltes-de-unas-tonos-a-k-108753.html?#803=53928'>\r\n        <img loading='async' src='https:\/\/cdn2.primor.eu\/media\/catalog\/product\/cache\/8d3aba296f7a18b5251ee30fa5db42b2\/0\/M\/0MM04377_1_a45b.jpg' alt='COMPRAR AHORA'>\r\n            <div class=\"claim\">\r\n                COMPRAR AHORA            <\/div>\r\n        <\/a>\r\n    \n\n\n<h3 class=\"wp-block-heading\">Nail Lacquer Colecci\u00f3n Blancos y Naturales de Opi<\/h3>\n\n\n\n<p>Ofrecen una variedad de hermosos colores que est\u00e1n formulados para un acabado impecable y duradero. Si se usa solo, este esmalte de u\u00f1as puede dar hermosos resultados, pero si se usa junto con una capa base OPI y una capa superior OPI, puede brindar la manicura o pedicura perfecta en el hogar. Con una f\u00f3rmula de secado r\u00e1pido que cambia las reglas del juego para una aplicaci\u00f3n m\u00e1s suave y sin errores.<\/p>\n\n\n    <a class='product' target='_blank' href='https:\/\/www.primor.eu\/es_es\/opi-nail-lacquer-coleccion-blancos-y-naturales-109553.html?#803=53708'>\r\n        <img loading='async' src='https:\/\/cdn2.primor.eu\/media\/catalog\/product\/cache\/8d3aba296f7a18b5251ee30fa5db42b2\/0\/M\/0MM04786_1_e71f.jpg' alt='COMPRAR AHORA'>\r\n            <div class=\"claim\">\r\n                COMPRAR AHORA            <\/div>\r\n        <\/a>\r\n    \n\n<div class=\"kk-star-ratings kksr-auto kksr-align-center kksr-valign-bottom\"\n    data-payload='{&quot;align&quot;:&quot;center&quot;,&quot;id&quot;:&quot;130165&quot;,&quot;slug&quot;:&quot;default&quot;,&quot;valign&quot;:&quot;bottom&quot;,&quot;ignore&quot;:&quot;&quot;,&quot;reference&quot;:&quot;auto&quot;,&quot;class&quot;:&quot;&quot;,&quot;count&quot;:&quot;0&quot;,&quot;legendonly&quot;:&quot;&quot;,&quot;readonly&quot;:&quot;&quot;,&quot;score&quot;:&quot;0&quot;,&quot;starsonly&quot;:&quot;&quot;,&quot;best&quot;:&quot;5&quot;,&quot;gap&quot;:&quot;5&quot;,&quot;greet&quot;:&quot;Valora este art\u00edculo&quot;,&quot;legend&quot;:&quot;0\\\/5 - (0 votos)&quot;,&quot;size&quot;:&quot;24&quot;,&quot;title&quot;:&quot;Manicura milky french: la tendencia m\u00e1s limpia para tus u\u00f1as&quot;,&quot;width&quot;:&quot;0&quot;,&quot;_legend&quot;:&quot;{score}\\\/{best} - ({count} {votes})&quot;,&quot;font_factor&quot;:&quot;1.25&quot;}'>\n            \n<div class=\"kksr-stars\">\n    \n<div class=\"kksr-stars-inactive\">\n            <div class=\"kksr-star\" data-star=\"1\" style=\"padding-right: 5px\">\n            \n\n<div class=\"kksr-icon\" style=\"width: 24px; height: 24px;\"><\/div>\n        <\/div>\n            <div class=\"kksr-star\" data-star=\"2\" style=\"padding-right: 5px\">\n            \n\n<div class=\"kksr-icon\" style=\"width: 24px; height: 24px;\"><\/div>\n        <\/div>\n            <div class=\"kksr-star\" data-star=\"3\" style=\"padding-right: 5px\">\n            \n\n<div class=\"kksr-icon\" style=\"width: 24px; height: 24px;\"><\/div>\n        <\/div>\n            <div class=\"kksr-star\" data-star=\"4\" style=\"padding-right: 5px\">\n            \n\n<div class=\"kksr-icon\" style=\"width: 24px; height: 24px;\"><\/div>\n        <\/div>\n            <div class=\"kksr-star\" data-star=\"5\" style=\"padding-right: 5px\">\n            \n\n<div class=\"kksr-icon\" style=\"width: 24px; height: 24px;\"><\/div>\n        <\/div>\n    <\/div>\n    \n<div class=\"kksr-stars-active\" style=\"width: 0px;\">\n            <div class=\"kksr-star\" style=\"padding-right: 5px\">\n            \n\n<div class=\"kksr-icon\" style=\"width: 24px; height: 24px;\"><\/div>\n        <\/div>\n            <div class=\"kksr-star\" style=\"padding-right: 5px\">\n            \n\n<div class=\"kksr-icon\" style=\"width: 24px; height: 24px;\"><\/div>\n        <\/div>\n            <div class=\"kksr-star\" style=\"padding-right: 5px\">\n            \n\n<div class=\"kksr-icon\" style=\"width: 24px; height: 24px;\"><\/div>\n        <\/div>\n            <div class=\"kksr-star\" style=\"padding-right: 5px\">\n            \n\n<div class=\"kksr-icon\" style=\"width: 24px; height: 24px;\"><\/div>\n        <\/div>\n            <div class=\"kksr-star\" style=\"padding-right: 5px\">\n            \n\n<div class=\"kksr-icon\" style=\"width: 24px; height: 24px;\"><\/div>\n        <\/div>\n    <\/div>\n<\/div>\n                \n\n<div class=\"kksr-legend\" style=\"font-size: 19.2px;\">\n            <span class=\"kksr-muted\">Valora este art\u00edculo<\/span>\n    <\/div>\n    <\/div>\n","protected":false},"excerpt":{"rendered":"<p>Si quieres una manicura limpia y natural, la milky french es lo tuyo. Hay muchos tipos de manicura, pero sin duda que es una de las m\u00e1s sencillas y bonitas y adem\u00e1s, es tendencia. Vamos a ver por qu\u00e9 la milky french es tendencia y cu\u00e1les son las diferencias con la manicura francesa cl\u00e1sica, para [&hellip;]<\/p>\n","protected":false},"author":30,"featured_media":130168,"comment_status":"closed","ping_status":"closed","sticky":false,"template":"","format":"standard","meta":{"jnews-multi-image_gallery":[],"jnews_single_post":{"format":"standard"},"jnews_primary_category":[],"jnews_social_meta":[],"jnews_override_counter":[],"footnotes":""},"categories":[1831],"tags":[],"class_list":["post-130165","post","type-post","status-publish","format-standard","has-post-thumbnail","hentry","category-manicuras"],"_links":{"self":[{"href":"https:\/\/www.primor.eu\/blog\/wp-json\/wp\/v2\/posts\/130165","targetHints":{"allow":["GET"]}}],"collection":[{"href":"https:\/\/www.primor.eu\/blog\/wp-json\/wp\/v2\/posts"}],"about":[{"href":"https:\/\/www.primor.eu\/blog\/wp-json\/wp\/v2\/types\/post"}],"author":[{"embeddable":true,"href":"https:\/\/www.primor.eu\/blog\/wp-json\/wp\/v2\/users\/30"}],"replies":[{"embeddable":true,"href":"https:\/\/www.primor.eu\/blog\/wp-json\/wp\/v2\/comments?post=130165"}],"version-history":[{"count":2,"href":"https:\/\/www.primor.eu\/blog\/wp-json\/wp\/v2\/posts\/130165\/revisions"}],"predecessor-version":[{"id":130171,"href":"https:\/\/www.primor.eu\/blog\/wp-json\/wp\/v2\/posts\/130165\/revisions\/130171"}],"wp:featuredmedia":[{"embeddable":true,"href":"https:\/\/www.primor.eu\/blog\/wp-json\/wp\/v2\/media\/130168"}],"wp:attachment":[{"href":"https:\/\/www.primor.eu\/blog\/wp-json\/wp\/v2\/media?parent=130165"}],"wp:term":[{"taxonomy":"category","embeddable":true,"href":"https:\/\/www.primor.eu\/blog\/wp-json\/wp\/v2\/categories?post=130165"},{"taxonomy":"post_tag","embeddable":true,"href":"https:\/\/www.primor.eu\/blog\/wp-json\/wp\/v2\/tags?post=130165"}],"curies":[{"name":"wp","href":"https:\/\/api.w.org\/{rel}","templated":true}]}}