{"id":129866,"date":"2025-07-27T21:00:00","date_gmt":"2025-07-27T21:00:00","guid":{"rendered":"https:\/\/www.primor.eu\/blog\/?p=129866"},"modified":"2025-08-07T08:50:24","modified_gmt":"2025-08-07T08:50:24","slug":"como-tenir-pelo-natural","status":"publish","type":"post","link":"https:\/\/www.primor.eu\/blog\/como-tenir-pelo-natural\/","title":{"rendered":"C\u00f3mo te\u00f1irte el pelo de forma natural: desde henna hasta barros, pasando por verduras"},"content":{"rendered":"\n<p>El hecho de<strong><a href=\"https:\/\/www.primor.eu\/blog\/mejores-consejos-productos-tinte-casa\/?srsltid=ARcRdnojezuDRyKIU9fQNonP3l67JZwZyRPTuCxXE4t3dwf8eu1GAj8I\" data-type=\"link\" data-id=\"https:\/\/www.primor.eu\/blog\/mejores-consejos-productos-tinte-casa\/?srsltid=ARcRdnojezuDRyKIU9fQNonP3l67JZwZyRPTuCxXE4t3dwf8eu1GAj8I\"> te\u00f1ir el pelo<\/a><\/strong> de forma <strong>natural,<\/strong> cada vez est\u00e1 m\u00e1s de moda. Hay que tener en cuenta que algunos tintes tienen<strong> demasiados qu\u00edmicos<\/strong> y tienden a estropear el cabello. Esto hace que sea dif\u00edcil escoger la mejor manera de te\u00f1irse el pelo y, a la vez, cuidarlo. Pero hay cada vez m\u00e1s opciones que permiten te\u00f1irse el pelo de forma natural y sin tintes. Y tintes que cada vez tienen menos amoniacos y son amables con el cabello, que incluso lo nutren. Vamos a ver cu\u00e1les son las opciones para te\u00f1ir el pelo de forma natural.<\/p>\n\n\n\n<h2 class=\"wp-block-heading\">Te\u00f1ir el pelo de forma natural: algunos trucos<\/h2>\n\n\n\n<p>Vamos a ver cu\u00e1les son las maneras de te\u00f1ir el pelo de forma natural sin recurrir a tintes. Hay que tener en cuenta en algunos casos el tipo de cabello o los resultados que se buscan para elegir el que m\u00e1s convenga:<\/p>\n\n\n\n<ul class=\"wp-block-list\">\n<li><strong>Henna<\/strong>: se puede conseguir te\u00f1ir el pelo gracias a este polvo obtenido de la planta Lawsonia inermis. Lo que ocurre es que, al ser un tinte natural, los colores disponibles son solamente los rojizos, cobrizos y caobas.<\/li>\n\n\n\n<li><strong>Verduras<\/strong>: aunque suene extra\u00f1o, incluso hay quienes se ti\u00f1en el cabello aprovechando los colores de las verduras y otros alimentos como el t\u00e9 negro. La zanahoria y la remolacha pueden servir por su alto contenido en pigmentos.<\/li>\n\n\n\n<li><strong>Hierbas y barros<\/strong>: algunas mezclas de arcillas naturales y extractos de hierbas tambi\u00e9n son una manera natural de te\u00f1irse el cabello. Se pueden encontrar tonos que van desde rubios, hasta casta\u00f1os. Lo mejor es que, en lugar de estropear el cabello, lo nutren y lo cuidan.<\/li>\n<\/ul>\n\n\n\n<h2 class=\"wp-block-heading\">Los mejores tintes, m\u00e1s naturales de nuestra tienda<\/h2>\n\n\n        <product-table class=\"pr-slider\">\r\n            <product-headers class=\"grid-table-rows\">\r\n                <div>Foto<\/div>\r\n                <div>Producto<\/div>\r\n                <div>Marca<\/div>\r\n                <div>Valoraciones<\/div>\r\n                <div>Precio<\/div>\r\n            <\/product-headers>\r\n\r\n            <product-list>\r\n                                    <a href=\"https:\/\/www.primor.eu\/es_es\/garnier-olia-tinte-sin-amoniaco-113071.html?#755=39781\" class=\"product-item grid-table-rows\" target=\"_blank\">\r\n                        <div>\r\n                            <img decoding=\"async\" class=\"product-img\" width=\"80px\" height=\"80px\" src=\"https:\/\/cdn2.primor.eu\/media\/catalog\/product\/cache\/8d3aba296f7a18b5251ee30fa5db42b2\/2\/C\/2CT02249_1_68a2.jpg\" alt=\"Olia Tinte Sin Amoniaco\">\r\n                        <\/div>\r\n\r\n                        <!-- Contenido de producto  -->\r\n                        <div>\r\n                            <div class=\"product-position\">\r\n                                #1 Top Ventas                            <\/div>\r\n\r\n                            <h2>\r\n                                Olia Tinte Sin Amoniaco                            <\/h2>\r\n                        <\/div>\r\n\r\n                        <!-- Imagen y\/o nombre de la marca -->\r\n                        <div>\r\n                                                            <img decoding=\"async\" width=\"70\" src=\"https:\/\/www.primor.eu\/media\/catalog\/category\/Garnier.jpg\" alt=\"Garnier\">\r\n                                                    <\/div>\r\n\r\n                        <!-- Puntuaci\u00f3n del producto  -->\r\n                        <div class=\"rating\">\r\n                                                            <div class=\"rate\" style=\"--p:94;\"><\/div>\r\n                                <b>4.7\/5<\/b>\r\n                                <div class=\"rate-stars\">\r\n                                                                            <div\r\n                                            class=\"rate-star  \">\r\n                                        <\/div>\r\n                                                                            <div\r\n                                            class=\"rate-star  \">\r\n                                        <\/div>\r\n                                                                            <div\r\n                                            class=\"rate-star  \">\r\n                                        <\/div>\r\n                                                                            <div\r\n                                            class=\"rate-star  \">\r\n                                        <\/div>\r\n                                                                            <div\r\n                                            class=\"rate-star  \">\r\n                                        <\/div>\r\n                                                                    <\/div>\r\n                                                    <\/div>\r\n\r\n                        <!-- Bot\u00f3n de producto  -->\r\n                        <div>\r\n                            <span class=\"price-claim\">\r\n                                VER PRECIO                            <\/span>\r\n                        <\/div>\r\n                    <\/a>\r\n                                    <a href=\"https:\/\/www.primor.eu\/es_es\/palette-palette-naturals-coloracion-permanente-sin-amoniaco-113093.html?#755=39775\" class=\"product-item grid-table-rows\" target=\"_blank\">\r\n                        <div>\r\n                            <img decoding=\"async\" class=\"product-img\" width=\"80px\" height=\"80px\" src=\"https:\/\/cdn2.primor.eu\/media\/catalog\/product\/cache\/8d3aba296f7a18b5251ee30fa5db42b2\/2\/C\/2CT02181_1_ee7c.jpg\" alt=\"Palette Naturals Coloraci\u00f3n Permanente Sin Amoniaco\">\r\n                        <\/div>\r\n\r\n                        <!-- Contenido de producto  -->\r\n                        <div>\r\n                            <div class=\"product-position\">\r\n                                #2                            <\/div>\r\n\r\n                            <h2>\r\n                                Palette Naturals Coloraci\u00f3n Permanente Sin Amoniaco                            <\/h2>\r\n                        <\/div>\r\n\r\n                        <!-- Imagen y\/o nombre de la marca -->\r\n                        <div>\r\n                                                            <img decoding=\"async\" width=\"70\" src=\"https:\/\/www.primor.eu\/media\/catalog\/category\/Palette.jpg\" alt=\"Palette\">\r\n                                                    <\/div>\r\n\r\n                        <!-- Puntuaci\u00f3n del producto  -->\r\n                        <div class=\"rating\">\r\n                                                            <div class=\"rate\" style=\"--p:94;\"><\/div>\r\n                                <b>4.7\/5<\/b>\r\n                                <div class=\"rate-stars\">\r\n                                                                            <div\r\n                                            class=\"rate-star  \">\r\n                                        <\/div>\r\n                                                                            <div\r\n                                            class=\"rate-star  \">\r\n                                        <\/div>\r\n                                                                            <div\r\n                                            class=\"rate-star  \">\r\n                                        <\/div>\r\n                                                                            <div\r\n                                            class=\"rate-star  \">\r\n                                        <\/div>\r\n                                                                            <div\r\n                                            class=\"rate-star  \">\r\n                                        <\/div>\r\n                                                                    <\/div>\r\n                                                    <\/div>\r\n\r\n                        <!-- Bot\u00f3n de producto  -->\r\n                        <div>\r\n                            <span class=\"price-claim\">\r\n                                VER PRECIO                            <\/span>\r\n                        <\/div>\r\n                    <\/a>\r\n                                    <a href=\"https:\/\/www.primor.eu\/es_es\/l-oreal-paris-casting-natural-gloss-coloracion-sin-amoniaco-113099.html?#755=78380\" class=\"product-item grid-table-rows\" target=\"_blank\">\r\n                        <div>\r\n                            <img decoding=\"async\" class=\"product-img\" width=\"80px\" height=\"80px\" src=\"https:\/\/cdn2.primor.eu\/media\/catalog\/product\/cache\/8d3aba296f7a18b5251ee30fa5db42b2\/l\/_\/l_oreal_paris_casting_natural_gloss_coloracion_sin_amoniaco_ca50.jpg\" alt=\"Casting Natural Gloss Coloraci\u00f3n Sin Amoniaco\">\r\n                        <\/div>\r\n\r\n                        <!-- Contenido de producto  -->\r\n                        <div>\r\n                            <div class=\"product-position\">\r\n                                #3                            <\/div>\r\n\r\n                            <h2>\r\n                                Casting Natural Gloss Coloraci\u00f3n Sin Amoniaco                            <\/h2>\r\n                        <\/div>\r\n\r\n                        <!-- Imagen y\/o nombre de la marca -->\r\n                        <div>\r\n                                                            <img decoding=\"async\" width=\"70\" src=\"https:\/\/www.primor.eu\/media\/catalog\/category\/loreal-paris.png\" alt=\"L Or\u00e9al Par\u00eds\">\r\n                                                    <\/div>\r\n\r\n                        <!-- Puntuaci\u00f3n del producto  -->\r\n                        <div class=\"rating\">\r\n                                                            <div class=\"rate\" style=\"--p:96;\"><\/div>\r\n                                <b>4.8\/5<\/b>\r\n                                <div class=\"rate-stars\">\r\n                                                                            <div\r\n                                            class=\"rate-star  \">\r\n                                        <\/div>\r\n                                                                            <div\r\n                                            class=\"rate-star  \">\r\n                                        <\/div>\r\n                                                                            <div\r\n                                            class=\"rate-star  \">\r\n                                        <\/div>\r\n                                                                            <div\r\n                                            class=\"rate-star  \">\r\n                                        <\/div>\r\n                                                                            <div\r\n                                            class=\"rate-star  \">\r\n                                        <\/div>\r\n                                                                    <\/div>\r\n                                                    <\/div>\r\n\r\n                        <!-- Bot\u00f3n de producto  -->\r\n                        <div>\r\n                            <span class=\"price-claim\">\r\n                                VER PRECIO                            <\/span>\r\n                        <\/div>\r\n                    <\/a>\r\n                            <\/product-list>\r\n        <\/product-table>\r\n\r\n        \n\n\n\n<h3 class=\"wp-block-heading\">Olia Tinte Sin Amoniaco de Garnier<\/h3>\n\n\n\n<p>Es la primera elecci\u00f3n en coloraci\u00f3n permanente para uso dom\u00e9stico, formulado con aceites florales potenciadores del color que optimizan el proceso para obtener un acabado profesional.&nbsp;<\/p>\n\n\n\n<p>\u00bfQu\u00e9 hace al tinte de Garnier tan excepcional? La respuesta es sencilla: su rapidez y facilidad de aplicaci\u00f3n, garantizando un resultado capilar excelente. Adem\u00e1s, puedes elegir entre una amplia gama de tonalidades y lo mejor de todo, es libre de amoniaco, lo que significa que tu cabello no sufrir\u00e1 ni se resecar\u00e1. Olia Tinte cuida la fuerza de tu cabello mientras le proporciona un color brillante.<\/p>\n\n\n    <a class='product' target='_blank' href='https:\/\/www.primor.eu\/es_es\/garnier-olia-tinte-sin-amoniaco-113071.html?#755=39781'>\r\n        <img loading='async' src='https:\/\/cdn2.primor.eu\/media\/catalog\/product\/cache\/8d3aba296f7a18b5251ee30fa5db42b2\/2\/C\/2CT02249_1_68a2.jpg' alt='COMPRAR AHORA'>\r\n            <div class=\"claim\">\r\n                COMPRAR AHORA            <\/div>\r\n        <\/a>\r\n    \n\n\n<h3 class=\"wp-block-heading\">Palette Naturals Coloraci\u00f3n Permanente Sin Amoniaco de Palette<\/h3>\n\n\n\n<p>Para un color con aspecto incre\u00edblemente natural y un cabello profundamente cuidado. La crema colorante que contiene ingredientes con propiedades nutritivas y con una mezcla de pigmentos de color armonizada, respeta las alturas naturales del cabello.<\/p>\n\n\n\n<p>Para colores super brillantes y un cabello visiblemente saludable con ingredientes especializados para cada color: Cocoa y aceite de arg\u00e1n para cabellos casta\u00f1os\/negros intensos, Miel y aceite de arg\u00e1n para rubios luminosos, Ar\u00e1ndanos para cabellos rojizos duraderos.<\/p>\n\n\n    <a class='product' target='_blank' href='https:\/\/www.primor.eu\/es_es\/palette-palette-naturals-coloracion-permanente-sin-amoniaco-113093.html?#755=39775'>\r\n        <img loading='async' src='https:\/\/cdn2.primor.eu\/media\/catalog\/product\/cache\/8d3aba296f7a18b5251ee30fa5db42b2\/2\/C\/2CT02181_1_ee7c.jpg' alt='COMPRAR AHORA'>\r\n            <div class=\"claim\">\r\n                COMPRAR AHORA            <\/div>\r\n        <\/a>\r\n    \n\n\n<h3 class=\"wp-block-heading\">Casting Natural Gloss Coloraci\u00f3n Sin Amoniaco de L\u2019Or\u00e9al Par\u00eds<\/h3>\n\n\n\n<p>Una coloraci\u00f3n semi-permanente que ofrece un color intenso y brillo radiante. Formulado con un 90% de ingredientes naturales y enriquecido con miel, este tinte sin amoniaco proporciona una cobertura \u00f3ptima de las canas y suaviza el cabello desde la ra\u00edz. Obt\u00e9n un resultado natural, visiblemente m\u00e1s saludable y suave, con un brillo 3 veces m\u00e1s intenso. Dura hasta 28 lavados, manteniendo un cabello perfecto por m\u00e1s tiempo. Selecciona el tono que mejor se ajuste a tu color natural y disfruta de la experiencia sin amoniaco y sin silicona.<\/p>\n\n\n    <a class='product' target='_blank' href='https:\/\/www.primor.eu\/es_es\/l-oreal-paris-casting-natural-gloss-coloracion-sin-amoniaco-113099.html?#755=78380'>\r\n        <img loading='async' src='https:\/\/cdn2.primor.eu\/media\/catalog\/product\/cache\/8d3aba296f7a18b5251ee30fa5db42b2\/l\/_\/l_oreal_paris_casting_natural_gloss_coloracion_sin_amoniaco_ca50.jpg' alt='COMPRAR AHORA'>\r\n            <div class=\"claim\">\r\n                COMPRAR AHORA            <\/div>\r\n        <\/a>\r\n    \n\n\n<h3 class=\"wp-block-heading\">Colorsilk Tinte Sin Amoniaco de Revlon<\/h3>\n\n\n\n<p>Podr\u00e1s disfrutar de un color natural y uniforme, desde la ra\u00edz hasta las puntas, que se mantendr\u00e1 radiante entre coloraciones. Su f\u00f3rmula suave, libre de amon\u00edaco, est\u00e1 dise\u00f1ada para penetrar en cada hebra de cabello. Tras la coloraci\u00f3n, aplica el acondicionador con prote\u00ednas de seda incluido, para un extra de cuidado y brillo.<\/p>\n\n\n\n<p>Los tintes sin amon\u00edaco de Revlon Colorsilk dejar\u00e1n tu cabello sedoso y saludable, con un brillo radiante. Adem\u00e1s, ofrecen una cobertura total del cabello blanco.<\/p>\n\n\n    <a class='product' target='_blank' href='https:\/\/www.primor.eu\/es_es\/revlon-colorsilk-tinte-sin-amoniaco-113075.html?#755=39951'>\r\n        <img loading='async' src='https:\/\/cdn2.primor.eu\/media\/catalog\/product\/cache\/8d3aba296f7a18b5251ee30fa5db42b2\/2\/C\/2CT00725_1_95c4.jpg' alt='COMPRAR AHORA'>\r\n            <div class=\"claim\">\r\n                COMPRAR AHORA            <\/div>\r\n        <\/a>\r\n    \n\n<div class=\"kk-star-ratings kksr-auto kksr-align-center kksr-valign-bottom\"\n    data-payload='{&quot;align&quot;:&quot;center&quot;,&quot;id&quot;:&quot;129866&quot;,&quot;slug&quot;:&quot;default&quot;,&quot;valign&quot;:&quot;bottom&quot;,&quot;ignore&quot;:&quot;&quot;,&quot;reference&quot;:&quot;auto&quot;,&quot;class&quot;:&quot;&quot;,&quot;count&quot;:&quot;0&quot;,&quot;legendonly&quot;:&quot;&quot;,&quot;readonly&quot;:&quot;&quot;,&quot;score&quot;:&quot;0&quot;,&quot;starsonly&quot;:&quot;&quot;,&quot;best&quot;:&quot;5&quot;,&quot;gap&quot;:&quot;5&quot;,&quot;greet&quot;:&quot;Valora este art\u00edculo&quot;,&quot;legend&quot;:&quot;0\\\/5 - (0 votos)&quot;,&quot;size&quot;:&quot;24&quot;,&quot;title&quot;:&quot;C\u00f3mo te\u00f1irte el pelo de forma natural: desde henna hasta barros, pasando por verduras&quot;,&quot;width&quot;:&quot;0&quot;,&quot;_legend&quot;:&quot;{score}\\\/{best} - ({count} {votes})&quot;,&quot;font_factor&quot;:&quot;1.25&quot;}'>\n            \n<div class=\"kksr-stars\">\n    \n<div class=\"kksr-stars-inactive\">\n            <div class=\"kksr-star\" data-star=\"1\" style=\"padding-right: 5px\">\n            \n\n<div class=\"kksr-icon\" style=\"width: 24px; height: 24px;\"><\/div>\n        <\/div>\n            <div class=\"kksr-star\" data-star=\"2\" style=\"padding-right: 5px\">\n            \n\n<div class=\"kksr-icon\" style=\"width: 24px; height: 24px;\"><\/div>\n        <\/div>\n            <div class=\"kksr-star\" data-star=\"3\" style=\"padding-right: 5px\">\n            \n\n<div class=\"kksr-icon\" style=\"width: 24px; height: 24px;\"><\/div>\n        <\/div>\n            <div class=\"kksr-star\" data-star=\"4\" style=\"padding-right: 5px\">\n            \n\n<div class=\"kksr-icon\" style=\"width: 24px; height: 24px;\"><\/div>\n        <\/div>\n            <div class=\"kksr-star\" data-star=\"5\" style=\"padding-right: 5px\">\n            \n\n<div class=\"kksr-icon\" style=\"width: 24px; height: 24px;\"><\/div>\n        <\/div>\n    <\/div>\n    \n<div class=\"kksr-stars-active\" style=\"width: 0px;\">\n            <div class=\"kksr-star\" style=\"padding-right: 5px\">\n            \n\n<div class=\"kksr-icon\" style=\"width: 24px; height: 24px;\"><\/div>\n        <\/div>\n            <div class=\"kksr-star\" style=\"padding-right: 5px\">\n            \n\n<div class=\"kksr-icon\" style=\"width: 24px; height: 24px;\"><\/div>\n        <\/div>\n            <div class=\"kksr-star\" style=\"padding-right: 5px\">\n            \n\n<div class=\"kksr-icon\" style=\"width: 24px; height: 24px;\"><\/div>\n        <\/div>\n            <div class=\"kksr-star\" style=\"padding-right: 5px\">\n            \n\n<div class=\"kksr-icon\" style=\"width: 24px; height: 24px;\"><\/div>\n        <\/div>\n            <div class=\"kksr-star\" style=\"padding-right: 5px\">\n            \n\n<div class=\"kksr-icon\" style=\"width: 24px; height: 24px;\"><\/div>\n        <\/div>\n    <\/div>\n<\/div>\n                \n\n<div class=\"kksr-legend\" style=\"font-size: 19.2px;\">\n            <span class=\"kksr-muted\">Valora este art\u00edculo<\/span>\n    <\/div>\n    <\/div>\n","protected":false},"excerpt":{"rendered":"<p>El hecho de te\u00f1ir el pelo de forma natural, cada vez est\u00e1 m\u00e1s de moda. Hay que tener en cuenta que algunos tintes tienen demasiados qu\u00edmicos y tienden a estropear el cabello. Esto hace que sea dif\u00edcil escoger la mejor manera de te\u00f1irse el pelo y, a la vez, cuidarlo. Pero hay cada vez m\u00e1s [&hellip;]<\/p>\n","protected":false},"author":30,"featured_media":129871,"comment_status":"closed","ping_status":"closed","sticky":false,"template":"","format":"standard","meta":{"jnews-multi-image_gallery":[],"jnews_single_post":{"format":"standard"},"jnews_primary_category":[],"jnews_social_meta":[],"jnews_override_counter":[],"footnotes":""},"categories":[35],"tags":[],"class_list":["post-129866","post","type-post","status-publish","format-standard","has-post-thumbnail","hentry","category-cabello"],"_links":{"self":[{"href":"https:\/\/www.primor.eu\/blog\/wp-json\/wp\/v2\/posts\/129866","targetHints":{"allow":["GET"]}}],"collection":[{"href":"https:\/\/www.primor.eu\/blog\/wp-json\/wp\/v2\/posts"}],"about":[{"href":"https:\/\/www.primor.eu\/blog\/wp-json\/wp\/v2\/types\/post"}],"author":[{"embeddable":true,"href":"https:\/\/www.primor.eu\/blog\/wp-json\/wp\/v2\/users\/30"}],"replies":[{"embeddable":true,"href":"https:\/\/www.primor.eu\/blog\/wp-json\/wp\/v2\/comments?post=129866"}],"version-history":[{"count":2,"href":"https:\/\/www.primor.eu\/blog\/wp-json\/wp\/v2\/posts\/129866\/revisions"}],"predecessor-version":[{"id":129874,"href":"https:\/\/www.primor.eu\/blog\/wp-json\/wp\/v2\/posts\/129866\/revisions\/129874"}],"wp:featuredmedia":[{"embeddable":true,"href":"https:\/\/www.primor.eu\/blog\/wp-json\/wp\/v2\/media\/129871"}],"wp:attachment":[{"href":"https:\/\/www.primor.eu\/blog\/wp-json\/wp\/v2\/media?parent=129866"}],"wp:term":[{"taxonomy":"category","embeddable":true,"href":"https:\/\/www.primor.eu\/blog\/wp-json\/wp\/v2\/categories?post=129866"},{"taxonomy":"post_tag","embeddable":true,"href":"https:\/\/www.primor.eu\/blog\/wp-json\/wp\/v2\/tags?post=129866"}],"curies":[{"name":"wp","href":"https:\/\/api.w.org\/{rel}","templated":true}]}}