{"id":129862,"date":"2025-07-27T18:00:00","date_gmt":"2025-07-27T18:00:00","guid":{"rendered":"https:\/\/www.primor.eu\/blog\/?p=129862"},"modified":"2025-08-07T08:53:31","modified_gmt":"2025-08-07T08:53:31","slug":"degradado-pelo-rizado-hombres","status":"publish","type":"post","link":"https:\/\/www.primor.eu\/blog\/degradado-pelo-rizado-hombres\/","title":{"rendered":"Especial hombres con pelo rizado: estos son los degradados que m\u00e1s os favorecen"},"content":{"rendered":"\n<p>El <strong>pelo rizado <\/strong>y <strong><a href=\"https:\/\/www.primor.eu\/blog\/pelo-degradado-alto-hombres\/?srsltid=AfmBOoo5CWN_nK2ysOMFt65ASsdXZq42haWs_yZVVeag5m8ig8UkxJ1q\" data-type=\"link\" data-id=\"https:\/\/www.primor.eu\/blog\/pelo-degradado-alto-hombres\/?srsltid=AfmBOoo5CWN_nK2ysOMFt65ASsdXZq42haWs_yZVVeag5m8ig8UkxJ1q\">degradado para hombre<\/a><\/strong> es una tendencia que habla de identidad y de confort al mismo tiempo. Un degradado habla de una personalidad fuerte, vibrante y casi guerrera. Pero tambi\u00e9n <strong>casual y desenfadada.<\/strong> Lo que est\u00e1 claro es que un pelo rizado y degradado para hombre no deja a nadie indiferente.\u00a0<\/p>\n\n\n\n<p>Vamos a ver algunas propuestas que son <strong>tendencia <\/strong>de pelo rizado y degradado para hombre, para que puedas escoger la que m\u00e1s va con tu estilo.&nbsp;<\/p>\n\n\n\n<h2 class=\"wp-block-heading\">Pelo rizado y degradado para hombre: 5 opciones<\/h2>\n\n\n\n<p>Aunque hay muchas m\u00e1s, te damos estas<strong> pelo rizado <\/strong>y degradado para hombre porque son tendencia y, a la vez, vers\u00e1tiles y adoradas por <strong>hombres y mujeres<\/strong>. No obstante, tal y como proclamamos en Primor, \u00a1creatividad al poder! Estas propuestas las puedes escoger tal cual, o hacer modificaciones seg\u00fan tus gustos y preferencias.&nbsp;<\/p>\n\n\n\n<p>La clave est\u00e1 siempre en que te permitas expresar tu propia identidad y realce tu belleza natural, ya sea a trav\u00e9s de estas<strong> propuestas<\/strong> de pelo rizado y degradado para hombre o de otros cortes de pelo.<\/p>\n\n\n\n<h3 class=\"wp-block-heading\">Taper fade rizado<\/h3>\n\n\n\n<p>Este corte de pelo es una de las opciones de pelo rizado y degradado para hombre que m\u00e1s hemos estado viendo en las redes sociales, revistas y en las calles o pasarelas.&nbsp;<\/p>\n\n\n\n<p>El degradado muy sutil en las patillas y en la nuca, manteniendo el resto del cabello casi igual, hace que sea un look desenfadado pero no demasiado desafiante. Es un corte que vemos en chicos j\u00f3venes y que combina perfecto con looks urbanos.<\/p>\n\n\n\n<h3 class=\"wp-block-heading\">Rizo afro con degradado medio<\/h3>\n\n\n\n<p>Esta opci\u00f3n es a\u00fan algo m\u00e1s atrevida que la anterior. Se trata de un corte de pelo rizado y degradado para hombre que es genial para quienes tienen el pelo afro o muy rizado. Al hacer que el volumen lateral se regule, es una de las opciones m\u00e1s c\u00f3modas que pueden escoger los hombres que tienen demasiado cabello y se ven sufriendo incomodidades como el calor extremo.&nbsp;<\/p>\n\n\n\n<p>Pero tambi\u00e9n puede ser una cuesti\u00f3n de est\u00e9tica que elijas este corte, porque no te guste tener tanto volumen.&nbsp;<\/p>\n\n\n\n<h3 class=\"wp-block-heading\">Burst fade&nbsp;<\/h3>\n\n\n\n<p>Por su parte, este estilo es algo similar al que acabamos de ver. No obstante, podemos ver modificaciones. Se trata de un corte degradado que sigue la forma de la oreja y que suele incluir dise\u00f1os geom\u00e9tricos o l\u00edneas.&nbsp;<\/p>\n\n\n\n<p>Una opci\u00f3n que es sin duda para guerreros o para aquellos amantes de la est\u00e9tica ancestral. Y es que, en estos tiempos en los que el mundo es cada vez m\u00e1s individualista y l\u00edquido, sentirse perteneciente a unos ideales y una tribu urbana, es toda una declaraci\u00f3n de intenciones.&nbsp;<\/p>\n\n\n\n<h3 class=\"wp-block-heading\">Degradado alto<\/h3>\n\n\n\n<p>Si lo que quieres es un degradado alto, con la parte de arriba que luzca todos tus rizos, puedes elegir un degradado alto. Su ventajas son m\u00faltiples. Es fresquito y c\u00f3modo, vers\u00e1til y f\u00e1cil de mantener.<\/p>\n\n\n\n<p>Este corte de pelo es perfecto para rostros alargados o cuadrados. Sobre todo si tienes los rizos muy definidos, es una forma de restarle volumen al cabello pero sin dejar de lucir un look racial y alternativo.&nbsp;<\/p>\n\n\n\n<h3 class=\"wp-block-heading\">Low fade&nbsp;<\/h3>\n\n\n\n<p>Otro de los degradados para hombres que pueden incluir el factor pelo rizado, es el low fade con volumen arriba. En este caso, el degradado comienza muy bajo, casi desde las patillas y la nuca, de forma que mantiene m\u00e1s volumen en los laterales.<\/p>\n\n\n\n<p>A diferencia del resto de opciones, esta aporta elegancia y una opci\u00f3n genial para rizos m\u00e1s sueltos o cabello tipo afro. Es un estilo desenfadado, pero algo m\u00e1s discreto que el resto. Sin duda una opci\u00f3n perfecta si tienes personalidad pero no quieres arriesgar, o si tienes un trabajo en el que tienes que guardar cierta imagen.&nbsp;<\/p>\n\n\n<div class=\"kk-star-ratings kksr-auto kksr-align-center kksr-valign-bottom\"\n    data-payload='{&quot;align&quot;:&quot;center&quot;,&quot;id&quot;:&quot;129862&quot;,&quot;slug&quot;:&quot;default&quot;,&quot;valign&quot;:&quot;bottom&quot;,&quot;ignore&quot;:&quot;&quot;,&quot;reference&quot;:&quot;auto&quot;,&quot;class&quot;:&quot;&quot;,&quot;count&quot;:&quot;0&quot;,&quot;legendonly&quot;:&quot;&quot;,&quot;readonly&quot;:&quot;&quot;,&quot;score&quot;:&quot;0&quot;,&quot;starsonly&quot;:&quot;&quot;,&quot;best&quot;:&quot;5&quot;,&quot;gap&quot;:&quot;5&quot;,&quot;greet&quot;:&quot;Valora este art\u00edculo&quot;,&quot;legend&quot;:&quot;0\\\/5 - (0 votos)&quot;,&quot;size&quot;:&quot;24&quot;,&quot;title&quot;:&quot;Especial hombres con pelo rizado: estos son los degradados que m\u00e1s os favorecen&quot;,&quot;width&quot;:&quot;0&quot;,&quot;_legend&quot;:&quot;{score}\\\/{best} - ({count} {votes})&quot;,&quot;font_factor&quot;:&quot;1.25&quot;}'>\n            \n<div class=\"kksr-stars\">\n    \n<div class=\"kksr-stars-inactive\">\n            <div class=\"kksr-star\" data-star=\"1\" style=\"padding-right: 5px\">\n            \n\n<div class=\"kksr-icon\" style=\"width: 24px; height: 24px;\"><\/div>\n        <\/div>\n            <div class=\"kksr-star\" data-star=\"2\" style=\"padding-right: 5px\">\n            \n\n<div class=\"kksr-icon\" style=\"width: 24px; height: 24px;\"><\/div>\n        <\/div>\n            <div class=\"kksr-star\" data-star=\"3\" style=\"padding-right: 5px\">\n            \n\n<div class=\"kksr-icon\" style=\"width: 24px; height: 24px;\"><\/div>\n        <\/div>\n            <div class=\"kksr-star\" data-star=\"4\" style=\"padding-right: 5px\">\n            \n\n<div class=\"kksr-icon\" style=\"width: 24px; height: 24px;\"><\/div>\n        <\/div>\n            <div class=\"kksr-star\" data-star=\"5\" style=\"padding-right: 5px\">\n            \n\n<div class=\"kksr-icon\" style=\"width: 24px; height: 24px;\"><\/div>\n        <\/div>\n    <\/div>\n    \n<div class=\"kksr-stars-active\" style=\"width: 0px;\">\n            <div class=\"kksr-star\" style=\"padding-right: 5px\">\n            \n\n<div class=\"kksr-icon\" style=\"width: 24px; height: 24px;\"><\/div>\n        <\/div>\n            <div class=\"kksr-star\" style=\"padding-right: 5px\">\n            \n\n<div class=\"kksr-icon\" style=\"width: 24px; height: 24px;\"><\/div>\n        <\/div>\n            <div class=\"kksr-star\" style=\"padding-right: 5px\">\n            \n\n<div class=\"kksr-icon\" style=\"width: 24px; height: 24px;\"><\/div>\n        <\/div>\n            <div class=\"kksr-star\" style=\"padding-right: 5px\">\n            \n\n<div class=\"kksr-icon\" style=\"width: 24px; height: 24px;\"><\/div>\n        <\/div>\n            <div class=\"kksr-star\" style=\"padding-right: 5px\">\n            \n\n<div class=\"kksr-icon\" style=\"width: 24px; height: 24px;\"><\/div>\n        <\/div>\n    <\/div>\n<\/div>\n                \n\n<div class=\"kksr-legend\" style=\"font-size: 19.2px;\">\n            <span class=\"kksr-muted\">Valora este art\u00edculo<\/span>\n    <\/div>\n    <\/div>\n","protected":false},"excerpt":{"rendered":"<p>El pelo rizado y degradado para hombre es una tendencia que habla de identidad y de confort al mismo tiempo. Un degradado habla de una personalidad fuerte, vibrante y casi guerrera. Pero tambi\u00e9n casual y desenfadada. Lo que est\u00e1 claro es que un pelo rizado y degradado para hombre no deja a nadie indiferente.\u00a0 Vamos [&hellip;]<\/p>\n","protected":false},"author":30,"featured_media":129863,"comment_status":"closed","ping_status":"closed","sticky":false,"template":"","format":"standard","meta":{"jnews-multi-image_gallery":[],"jnews_single_post":{"format":"standard"},"jnews_primary_category":[],"jnews_social_meta":[],"jnews_override_counter":[],"footnotes":""},"categories":[6311],"tags":[],"class_list":["post-129862","post","type-post","status-publish","format-standard","has-post-thumbnail","hentry","category-hombres"],"_links":{"self":[{"href":"https:\/\/www.primor.eu\/blog\/wp-json\/wp\/v2\/posts\/129862","targetHints":{"allow":["GET"]}}],"collection":[{"href":"https:\/\/www.primor.eu\/blog\/wp-json\/wp\/v2\/posts"}],"about":[{"href":"https:\/\/www.primor.eu\/blog\/wp-json\/wp\/v2\/types\/post"}],"author":[{"embeddable":true,"href":"https:\/\/www.primor.eu\/blog\/wp-json\/wp\/v2\/users\/30"}],"replies":[{"embeddable":true,"href":"https:\/\/www.primor.eu\/blog\/wp-json\/wp\/v2\/comments?post=129862"}],"version-history":[{"count":2,"href":"https:\/\/www.primor.eu\/blog\/wp-json\/wp\/v2\/posts\/129862\/revisions"}],"predecessor-version":[{"id":129865,"href":"https:\/\/www.primor.eu\/blog\/wp-json\/wp\/v2\/posts\/129862\/revisions\/129865"}],"wp:featuredmedia":[{"embeddable":true,"href":"https:\/\/www.primor.eu\/blog\/wp-json\/wp\/v2\/media\/129863"}],"wp:attachment":[{"href":"https:\/\/www.primor.eu\/blog\/wp-json\/wp\/v2\/media?parent=129862"}],"wp:term":[{"taxonomy":"category","embeddable":true,"href":"https:\/\/www.primor.eu\/blog\/wp-json\/wp\/v2\/categories?post=129862"},{"taxonomy":"post_tag","embeddable":true,"href":"https:\/\/www.primor.eu\/blog\/wp-json\/wp\/v2\/tags?post=129862"}],"curies":[{"name":"wp","href":"https:\/\/api.w.org\/{rel}","templated":true}]}}