{"id":129781,"date":"2025-08-07T17:02:37","date_gmt":"2025-08-07T17:02:37","guid":{"rendered":"https:\/\/www.primor.eu\/blog\/?p=129781"},"modified":"2025-07-24T17:03:15","modified_gmt":"2025-07-24T17:03:15","slug":"combinar-maquillaje-look-naranja","status":"publish","type":"post","link":"https:\/\/www.primor.eu\/blog\/combinar-maquillaje-look-naranja\/","title":{"rendered":"\u00bfLlevas un look naranja? As\u00ed es c\u00f3mo puedes combinarlo con tu maquillaje"},"content":{"rendered":"\n<p>El <strong>color naranja <\/strong>no es f\u00e1cil. Llama la atenci\u00f3n, transmite energ\u00eda y exige equilibrio. Pero si lo llevas bien, puede ser un acierto total. Y como ocurre con cualquier color potente, el maquillaje tiene un papel clave en el resultado final. No se trata de usar m\u00e1s o menos productos, sino de saber qu\u00e9 tonos y acabados encajan para que todo tenga coherencia.<\/p>\n\n\n\n<p>Si est\u00e1s pensando en vestirte de naranja \u2014o ya lo has hecho\u2014 y no sabes qu\u00e9 maquillaje elegir, en este art\u00edculo de Primor te dejo una gu\u00eda pr\u00e1ctica y sencilla para combinarlo sin fallar.<\/p>\n\n\n\n<h2 class=\"wp-block-heading\">C\u00f3mo conseguir un maquillaje que combine si vas a vestirte de naranja<\/h2>\n\n\n\n<h3 class=\"wp-block-heading\">1\/ Base: piel natural, pero trabajada<\/h3>\n\n\n\n<p>Cuando llevas un color tan llamativo como el naranja, lo mejor es optar por una base de maquillaje natural. La piel debe verse cuidada y luminosa, sin sobrecargar.<\/p>\n\n\n\n<ul class=\"wp-block-list\">\n<li>Elige una base de cobertura ligera a media, que unifique sin enmascarar.<\/li>\n\n\n\n<li>A\u00f1ade un toque de corrector donde lo necesites, pero sin crear efecto m\u00e1scara.<\/li>\n\n\n\n<li>Sella con polvos finos solo en la zona T para evitar brillos.<\/li>\n<\/ul>\n\n\n\n<p>La <strong>clave<\/strong> est\u00e1 en que la piel no compita con el color del outfit, sino que lo acompa\u00f1e.<\/p>\n\n\n\n<h3 class=\"wp-block-heading\">2\/ Colorete: tonos melocot\u00f3n o terracota<\/h3>\n\n\n\n<p>Evita los coloretes muy rosas o fr\u00edos, ya que pueden chocar con el naranja de la ropa. Mejor apuesta por:<\/p>\n\n\n\n<ul class=\"wp-block-list\">\n<li><strong>Melocot\u00f3n suave <\/strong>si quieres un acabado fresco.<\/li>\n\n\n\n<li><strong>Terracota o tostado<\/strong> si prefieres un look m\u00e1s sofisticado o de noche.<\/li>\n\n\n\n<li><strong>Coral claro<\/strong> si llevas naranja m\u00e1s vivo o saturado.<\/li>\n<\/ul>\n\n\n\n<p>Aplica en las mejillas y difumina bien hacia las sienes para integrar el color con el resto del maquillaje.<\/p>\n\n\n\n<h3 class=\"wp-block-heading\">3\/ Ojos: neutros, c\u00e1lidos o con un punto dorado<\/h3>\n\n\n\n<p>Tienes varias opciones que funcionan con ropa naranja. Todo depende de la intensidad que quieras:<\/p>\n\n\n\n<ul class=\"wp-block-list\">\n<li><strong>Sombras beige, bronce o tierra<\/strong>: perfectas para un look diario equilibrado.<\/li>\n\n\n\n<li><strong>Toques dorados o cobrizos<\/strong>: a\u00f1aden luz y refuerzan los tonos c\u00e1lidos.<\/li>\n\n\n\n<li><strong>Tonos marrones oscuros o burgundy<\/strong>: ideales para marcar la cuenca o usar como eyeliner suave.<\/li>\n\n\n\n<li><strong>Eyeliner negro o marr\u00f3n:<\/strong> discreto pero definido<\/li>\n<\/ul>\n\n\n\n<p>Evita los tonos muy fr\u00edos (como grises o azules claros) si no quieres que el contraste sea excesivo.<\/p>\n\n\n\n<h3 class=\"wp-block-heading\">4\/ Labios: desde nude c\u00e1lido hasta rojo ladrillo<\/h3>\n\n\n\n<p>Aqu\u00ed tambi\u00e9n tienes opciones, seg\u00fan el nivel de protagonismo que quieras dar a los labios:<\/p>\n\n\n\n<ul class=\"wp-block-list\">\n<li><strong>Nude c\u00e1lido o beige: <\/strong>si prefieres dejar todo el foco en la ropa.<\/li>\n\n\n\n<li><strong>Melocot\u00f3n o coral<\/strong>: combina bien sin saturar.<\/li>\n\n\n\n<li><strong>Terracota, toffee o rojo ladrillo:<\/strong> para looks m\u00e1s intensos o de noche.<\/li>\n<\/ul>\n\n\n\n<p>Lo <strong>importante<\/strong> es mantener la armon\u00eda crom\u00e1tica. Si usas naranja ne\u00f3n o muy saturado, mejor mantener los labios en segundo plano.<\/p>\n\n\n\n<h3 class=\"wp-block-heading\">5\/ Iluminador: s\u00ed, pero con medida<\/h3>\n\n\n\n<p>Un toque de iluminador aporta frescura al rostro. Elige tonos dorados suaves o champagne, y apl\u00edcalo en puntos estrat\u00e9gicos: p\u00f3mulo alto, lagrimal, punta de la nariz y arco de cupido.<\/p>\n\n\n\n<p>Evita los <strong>iluminadores con subtonos fr\u00edos o nacarados,<\/strong> ya que pueden chocar con la calidez del conjunto.<\/p>\n\n\n\n<h3 class=\"wp-block-heading\">6\/ Cejas y pesta\u00f1as: bien definidas<\/h3>\n\n\n\n<p>Un look con color fuerte necesita estructura. Aseg\u00farate de que las cejas est\u00e9n bien peinadas y definidas (con l\u00e1piz o gel). En las pesta\u00f1as, aplica m\u00e1scara negra o marr\u00f3n para abrir la mirada sin recargar.<\/p>\n\n\n<div class=\"kk-star-ratings kksr-auto kksr-align-center kksr-valign-bottom\"\n    data-payload='{&quot;align&quot;:&quot;center&quot;,&quot;id&quot;:&quot;129781&quot;,&quot;slug&quot;:&quot;default&quot;,&quot;valign&quot;:&quot;bottom&quot;,&quot;ignore&quot;:&quot;&quot;,&quot;reference&quot;:&quot;auto&quot;,&quot;class&quot;:&quot;&quot;,&quot;count&quot;:&quot;0&quot;,&quot;legendonly&quot;:&quot;&quot;,&quot;readonly&quot;:&quot;&quot;,&quot;score&quot;:&quot;0&quot;,&quot;starsonly&quot;:&quot;&quot;,&quot;best&quot;:&quot;5&quot;,&quot;gap&quot;:&quot;5&quot;,&quot;greet&quot;:&quot;Valora este art\u00edculo&quot;,&quot;legend&quot;:&quot;0\\\/5 - (0 votos)&quot;,&quot;size&quot;:&quot;24&quot;,&quot;title&quot;:&quot;\u00bfLlevas un look naranja? As\u00ed es c\u00f3mo puedes combinarlo con tu maquillaje&quot;,&quot;width&quot;:&quot;0&quot;,&quot;_legend&quot;:&quot;{score}\\\/{best} - ({count} {votes})&quot;,&quot;font_factor&quot;:&quot;1.25&quot;}'>\n            \n<div class=\"kksr-stars\">\n    \n<div class=\"kksr-stars-inactive\">\n            <div class=\"kksr-star\" data-star=\"1\" style=\"padding-right: 5px\">\n            \n\n<div class=\"kksr-icon\" style=\"width: 24px; height: 24px;\"><\/div>\n        <\/div>\n            <div class=\"kksr-star\" data-star=\"2\" style=\"padding-right: 5px\">\n            \n\n<div class=\"kksr-icon\" style=\"width: 24px; height: 24px;\"><\/div>\n        <\/div>\n            <div class=\"kksr-star\" data-star=\"3\" style=\"padding-right: 5px\">\n            \n\n<div class=\"kksr-icon\" style=\"width: 24px; height: 24px;\"><\/div>\n        <\/div>\n            <div class=\"kksr-star\" data-star=\"4\" style=\"padding-right: 5px\">\n            \n\n<div class=\"kksr-icon\" style=\"width: 24px; height: 24px;\"><\/div>\n        <\/div>\n            <div class=\"kksr-star\" data-star=\"5\" style=\"padding-right: 5px\">\n            \n\n<div class=\"kksr-icon\" style=\"width: 24px; height: 24px;\"><\/div>\n        <\/div>\n    <\/div>\n    \n<div class=\"kksr-stars-active\" style=\"width: 0px;\">\n            <div class=\"kksr-star\" style=\"padding-right: 5px\">\n            \n\n<div class=\"kksr-icon\" style=\"width: 24px; height: 24px;\"><\/div>\n        <\/div>\n            <div class=\"kksr-star\" style=\"padding-right: 5px\">\n            \n\n<div class=\"kksr-icon\" style=\"width: 24px; height: 24px;\"><\/div>\n        <\/div>\n            <div class=\"kksr-star\" style=\"padding-right: 5px\">\n            \n\n<div class=\"kksr-icon\" style=\"width: 24px; height: 24px;\"><\/div>\n        <\/div>\n            <div class=\"kksr-star\" style=\"padding-right: 5px\">\n            \n\n<div class=\"kksr-icon\" style=\"width: 24px; height: 24px;\"><\/div>\n        <\/div>\n            <div class=\"kksr-star\" style=\"padding-right: 5px\">\n            \n\n<div class=\"kksr-icon\" style=\"width: 24px; height: 24px;\"><\/div>\n        <\/div>\n    <\/div>\n<\/div>\n                \n\n<div class=\"kksr-legend\" style=\"font-size: 19.2px;\">\n            <span class=\"kksr-muted\">Valora este art\u00edculo<\/span>\n    <\/div>\n    <\/div>\n","protected":false},"excerpt":{"rendered":"<p>El color naranja no es f\u00e1cil. Llama la atenci\u00f3n, transmite energ\u00eda y exige equilibrio. Pero si lo llevas bien, puede ser un acierto total. Y como ocurre con cualquier color potente, el maquillaje tiene un papel clave en el resultado final. No se trata de usar m\u00e1s o menos productos, sino de saber qu\u00e9 tonos [&hellip;]<\/p>\n","protected":false},"author":14,"featured_media":129748,"comment_status":"closed","ping_status":"closed","sticky":false,"template":"","format":"standard","meta":{"jnews-multi-image_gallery":[],"jnews_single_post":{"format":"standard"},"jnews_primary_category":[],"jnews_social_meta":[],"jnews_override_counter":[],"footnotes":""},"categories":[6303],"tags":[],"class_list":["post-129781","post","type-post","status-publish","format-standard","has-post-thumbnail","hentry","category-trucos-de-belleza"],"_links":{"self":[{"href":"https:\/\/www.primor.eu\/blog\/wp-json\/wp\/v2\/posts\/129781","targetHints":{"allow":["GET"]}}],"collection":[{"href":"https:\/\/www.primor.eu\/blog\/wp-json\/wp\/v2\/posts"}],"about":[{"href":"https:\/\/www.primor.eu\/blog\/wp-json\/wp\/v2\/types\/post"}],"author":[{"embeddable":true,"href":"https:\/\/www.primor.eu\/blog\/wp-json\/wp\/v2\/users\/14"}],"replies":[{"embeddable":true,"href":"https:\/\/www.primor.eu\/blog\/wp-json\/wp\/v2\/comments?post=129781"}],"version-history":[{"count":2,"href":"https:\/\/www.primor.eu\/blog\/wp-json\/wp\/v2\/posts\/129781\/revisions"}],"predecessor-version":[{"id":129786,"href":"https:\/\/www.primor.eu\/blog\/wp-json\/wp\/v2\/posts\/129781\/revisions\/129786"}],"wp:featuredmedia":[{"embeddable":true,"href":"https:\/\/www.primor.eu\/blog\/wp-json\/wp\/v2\/media\/129748"}],"wp:attachment":[{"href":"https:\/\/www.primor.eu\/blog\/wp-json\/wp\/v2\/media?parent=129781"}],"wp:term":[{"taxonomy":"category","embeddable":true,"href":"https:\/\/www.primor.eu\/blog\/wp-json\/wp\/v2\/categories?post=129781"},{"taxonomy":"post_tag","embeddable":true,"href":"https:\/\/www.primor.eu\/blog\/wp-json\/wp\/v2\/tags?post=129781"}],"curies":[{"name":"wp","href":"https:\/\/api.w.org\/{rel}","templated":true}]}}