{"id":128992,"date":"2025-07-28T06:11:54","date_gmt":"2025-07-28T06:11:54","guid":{"rendered":"https:\/\/www.primor.eu\/blog\/?p=128992"},"modified":"2025-07-03T06:17:03","modified_gmt":"2025-07-03T06:17:03","slug":"plancha-de-pelo-planchar-ropa","status":"publish","type":"post","link":"https:\/\/www.primor.eu\/blog\/plancha-de-pelo-planchar-ropa\/","title":{"rendered":"\u00bfRopa arrugada y sin plancha? C\u00f3mo la plancha de pelo te puede salvar en estos casos"},"content":{"rendered":"\n<p>Todos hemos pasado por esto: tienes <strong>prisa<\/strong>, sacas la camisa del armario o la blusa del fondo de la maleta, y est\u00e1 completamente arrugada. No tienes tiempo ni plancha a mano. Pero tienes una <a href=\"https:\/\/www.primor.eu\/es_es\/planchas-de-pelo-profesionales?srsltid=AfmBOoqK2epbHcYhszTaAR5xB0fa8bWbsF3oCQ74CjcgVsIo2OQq8GEj\"><strong>plancha de pelo<\/strong><\/a>. Y eso, en situaciones as\u00ed, puede <strong>marcar la diferencia<\/strong>.<\/p>\n\n\n\n<p>Usar la plancha del cabello para desarrugar ropa no es un truco nuevo, pero s\u00ed uno que merece explicaci\u00f3n. \u00bf<strong>Funciona realmente<\/strong>? \u00bfQu\u00e9 prendas se pueden planchar as\u00ed? \u00bfHay <strong>riesgos<\/strong>? Te lo explico todo, paso a paso.<\/p>\n\n\n\n<h2 class=\"wp-block-heading\">\u00bfSe puede planchar ropa con la plancha del pelo?<\/h2>\n\n\n\n<p>S\u00ed. Las planchas de pelo alcanzan temperaturas similares a las planchas convencionales (algunas incluso m\u00e1s), y su superficie lisa permite alisar tejidos de forma r\u00e1pida. No es un m\u00e9todo para planchar una prenda entera, pero <strong>s\u00ed sirve para retoques de emergencia<\/strong> en zonas peque\u00f1as: cuellos, pu\u00f1os, bajos o arrugas localizadas.<\/p>\n\n\n\n<h2 class=\"wp-block-heading\">\u00bfQu\u00e9 tipo de prendas se pueden planchar as\u00ed?<\/h2>\n\n\n\n<p>Lo m\u00e1s importante es <strong>el tejido<\/strong>. No todos los materiales responden igual al calor, y algunos pueden quemarse o deformarse. Estos son los tejidos m\u00e1s seguros:<\/p>\n\n\n\n<ul class=\"wp-block-list\">\n<li><strong>Algod\u00f3n<\/strong><\/li>\n\n\n\n<li><strong>Lino<\/strong><\/li>\n\n\n\n<li><strong>Poli\u00e9ster (con precauci\u00f3n)<\/strong><\/li>\n\n\n\n<li><strong>Viscosa o ray\u00f3n<\/strong><\/li>\n<\/ul>\n\n\n\n<p>Evita planchar con la plancha de pelo prendas de seda, cuero, materiales pl\u00e1sticos o telas muy sint\u00e9ticas sin protecci\u00f3n. Siempre haz una prueba en una zona poco visible antes de empezar.<\/p>\n\n\n\n<h2 class=\"wp-block-heading\">C\u00f3mo planchar ropa con la plancha del pelo: paso a paso<\/h2>\n\n\n\n<ol class=\"wp-block-list\">\n<li><strong>Aseg\u00farate de que la plancha est\u00e9 limpia. <\/strong>Restos de productos capilares pueden transferirse al tejido. L\u00edmpiala con un pa\u00f1o seco y aseg\u00farate de que no hay residuos.<\/li>\n\n\n\n<li><strong>Selecciona la temperatura adecuada.\u00a0<\/strong>\n<ol class=\"wp-block-list\">\n<li>Para algod\u00f3n o lino: temperatura alta.<\/li>\n\n\n\n<li>Para sint\u00e9ticos: temperatura baja o media.<\/li>\n\n\n\n<li>Si tu plancha tiene ajuste digital, mejor. As\u00ed controlas el calor con precisi\u00f3n.<\/li>\n<\/ol>\n<\/li>\n\n\n\n<li><strong>Coloca la prenda sobre una superficie firme. <\/strong>Lo ideal es una mesa o encimera resistente al calor. Evita planchar en el aire o con la prenda colgada.<\/li>\n<\/ol>\n\n\n\n<ol start=\"4\" class=\"wp-block-list\">\n<li><strong>Pasa la plancha con movimientos suaves. <\/strong>Apl\u00edcala directamente sobre la arruga, sin dejarla mucho tiempo en el mismo punto. Ve alisando con suavidad, como har\u00edas con el cabello.\u00a0<\/li>\n\n\n\n<li><strong>Plancha solo zonas peque\u00f1as. <\/strong>La plancha de pelo no es pr\u00e1ctica para superficies grandes, pero s\u00ed funciona bien para cuellos, pu\u00f1os, dobladillos, bolsillos o arrugas puntuales.<\/li>\n\n\n\n<li><strong>No uses vapor. <\/strong>Las planchas de pelo no est\u00e1n dise\u00f1adas para usar con agua. No a\u00f1adas l\u00edquidos ni intentes humidificar la tela con la plancha encendida.<\/li>\n<\/ol>\n\n\n\n<h2 class=\"wp-block-heading\">Cu\u00e1ndo usar este truco<\/h2>\n\n\n\n<ul class=\"wp-block-list\">\n<li>Cuando est\u00e1s de viaje y no tienes plancha.<\/li>\n\n\n\n<li>Antes de una reuni\u00f3n o evento importante, si necesitas un retoque r\u00e1pido.<\/li>\n\n\n\n<li>Si solo quieres mejorar el aspecto de una zona concreta sin planchar toda la prenda.<\/li>\n\n\n\n<li>En ropa que ha estado doblada y ha cogido marcas visibles.<\/li>\n<\/ul>\n\n\n\n<h2 class=\"wp-block-heading\">A tener en cuenta<\/h2>\n\n\n\n<ul class=\"wp-block-list\">\n<li>No uses la plancha si el tejido est\u00e1 h\u00famedo.<\/li>\n\n\n\n<li>No apliques calor durante m\u00e1s de 2-3 segundos por punto.<\/li>\n\n\n\n<li>Evita usarla en prendas delicadas o con decoraciones.<\/li>\n\n\n\n<li>Nunca uses la plancha con vapor ni pongas agua en su interior. No est\u00e1 dise\u00f1ada para eso.<\/li>\n<\/ul>\n\n\n\n<h2 class=\"wp-block-heading\">\u00bfFunciona igual que una plancha normal?<\/h2>\n\n\n\n<p>No. <strong>Es una soluci\u00f3n puntual, no un sustituto.<\/strong> Sirve para salidas r\u00e1pidas, para viajes, o para cuando no tienes acceso a una plancha convencional. Si usas plancha de vapor regularmente y necesitas planchar camisas completas o tejidos m\u00e1s gruesos, esta no es la herramienta adecuada.<\/p>\n\n\n<div class=\"kk-star-ratings kksr-auto kksr-align-center kksr-valign-bottom\"\n    data-payload='{&quot;align&quot;:&quot;center&quot;,&quot;id&quot;:&quot;128992&quot;,&quot;slug&quot;:&quot;default&quot;,&quot;valign&quot;:&quot;bottom&quot;,&quot;ignore&quot;:&quot;&quot;,&quot;reference&quot;:&quot;auto&quot;,&quot;class&quot;:&quot;&quot;,&quot;count&quot;:&quot;0&quot;,&quot;legendonly&quot;:&quot;&quot;,&quot;readonly&quot;:&quot;&quot;,&quot;score&quot;:&quot;0&quot;,&quot;starsonly&quot;:&quot;&quot;,&quot;best&quot;:&quot;5&quot;,&quot;gap&quot;:&quot;5&quot;,&quot;greet&quot;:&quot;Valora este art\u00edculo&quot;,&quot;legend&quot;:&quot;0\\\/5 - (0 votos)&quot;,&quot;size&quot;:&quot;24&quot;,&quot;title&quot;:&quot;\u00bfRopa arrugada y sin plancha? C\u00f3mo la plancha de pelo te puede salvar en estos casos&quot;,&quot;width&quot;:&quot;0&quot;,&quot;_legend&quot;:&quot;{score}\\\/{best} - ({count} {votes})&quot;,&quot;font_factor&quot;:&quot;1.25&quot;}'>\n            \n<div class=\"kksr-stars\">\n    \n<div class=\"kksr-stars-inactive\">\n            <div class=\"kksr-star\" data-star=\"1\" style=\"padding-right: 5px\">\n            \n\n<div class=\"kksr-icon\" style=\"width: 24px; height: 24px;\"><\/div>\n        <\/div>\n            <div class=\"kksr-star\" data-star=\"2\" style=\"padding-right: 5px\">\n            \n\n<div class=\"kksr-icon\" style=\"width: 24px; height: 24px;\"><\/div>\n        <\/div>\n            <div class=\"kksr-star\" data-star=\"3\" style=\"padding-right: 5px\">\n            \n\n<div class=\"kksr-icon\" style=\"width: 24px; height: 24px;\"><\/div>\n        <\/div>\n            <div class=\"kksr-star\" data-star=\"4\" style=\"padding-right: 5px\">\n            \n\n<div class=\"kksr-icon\" style=\"width: 24px; height: 24px;\"><\/div>\n        <\/div>\n            <div class=\"kksr-star\" data-star=\"5\" style=\"padding-right: 5px\">\n            \n\n<div class=\"kksr-icon\" style=\"width: 24px; height: 24px;\"><\/div>\n        <\/div>\n    <\/div>\n    \n<div class=\"kksr-stars-active\" style=\"width: 0px;\">\n            <div class=\"kksr-star\" style=\"padding-right: 5px\">\n            \n\n<div class=\"kksr-icon\" style=\"width: 24px; height: 24px;\"><\/div>\n        <\/div>\n            <div class=\"kksr-star\" style=\"padding-right: 5px\">\n            \n\n<div class=\"kksr-icon\" style=\"width: 24px; height: 24px;\"><\/div>\n        <\/div>\n            <div class=\"kksr-star\" style=\"padding-right: 5px\">\n            \n\n<div class=\"kksr-icon\" style=\"width: 24px; height: 24px;\"><\/div>\n        <\/div>\n            <div class=\"kksr-star\" style=\"padding-right: 5px\">\n            \n\n<div class=\"kksr-icon\" style=\"width: 24px; height: 24px;\"><\/div>\n        <\/div>\n            <div class=\"kksr-star\" style=\"padding-right: 5px\">\n            \n\n<div class=\"kksr-icon\" style=\"width: 24px; height: 24px;\"><\/div>\n        <\/div>\n    <\/div>\n<\/div>\n                \n\n<div class=\"kksr-legend\" style=\"font-size: 19.2px;\">\n            <span class=\"kksr-muted\">Valora este art\u00edculo<\/span>\n    <\/div>\n    <\/div>\n","protected":false},"excerpt":{"rendered":"<p>Todos hemos pasado por esto: tienes prisa, sacas la camisa del armario o la blusa del fondo de la maleta, y est\u00e1 completamente arrugada. No tienes tiempo ni plancha a mano. Pero tienes una plancha de pelo. Y eso, en situaciones as\u00ed, puede marcar la diferencia. Usar la plancha del cabello para desarrugar ropa no [&hellip;]<\/p>\n","protected":false},"author":14,"featured_media":129016,"comment_status":"closed","ping_status":"closed","sticky":false,"template":"","format":"standard","meta":{"jnews-multi-image_gallery":[],"jnews_single_post":{"format":"standard"},"jnews_primary_category":[],"jnews_social_meta":[],"jnews_override_counter":[],"footnotes":""},"categories":[6303],"tags":[],"class_list":["post-128992","post","type-post","status-publish","format-standard","has-post-thumbnail","hentry","category-trucos-de-belleza"],"_links":{"self":[{"href":"https:\/\/www.primor.eu\/blog\/wp-json\/wp\/v2\/posts\/128992","targetHints":{"allow":["GET"]}}],"collection":[{"href":"https:\/\/www.primor.eu\/blog\/wp-json\/wp\/v2\/posts"}],"about":[{"href":"https:\/\/www.primor.eu\/blog\/wp-json\/wp\/v2\/types\/post"}],"author":[{"embeddable":true,"href":"https:\/\/www.primor.eu\/blog\/wp-json\/wp\/v2\/users\/14"}],"replies":[{"embeddable":true,"href":"https:\/\/www.primor.eu\/blog\/wp-json\/wp\/v2\/comments?post=128992"}],"version-history":[{"count":1,"href":"https:\/\/www.primor.eu\/blog\/wp-json\/wp\/v2\/posts\/128992\/revisions"}],"predecessor-version":[{"id":129022,"href":"https:\/\/www.primor.eu\/blog\/wp-json\/wp\/v2\/posts\/128992\/revisions\/129022"}],"wp:featuredmedia":[{"embeddable":true,"href":"https:\/\/www.primor.eu\/blog\/wp-json\/wp\/v2\/media\/129016"}],"wp:attachment":[{"href":"https:\/\/www.primor.eu\/blog\/wp-json\/wp\/v2\/media?parent=128992"}],"wp:term":[{"taxonomy":"category","embeddable":true,"href":"https:\/\/www.primor.eu\/blog\/wp-json\/wp\/v2\/categories?post=128992"},{"taxonomy":"post_tag","embeddable":true,"href":"https:\/\/www.primor.eu\/blog\/wp-json\/wp\/v2\/tags?post=128992"}],"curies":[{"name":"wp","href":"https:\/\/api.w.org\/{rel}","templated":true}]}}