{"id":128984,"date":"2025-07-25T05:57:25","date_gmt":"2025-07-25T05:57:25","guid":{"rendered":"https:\/\/www.primor.eu\/blog\/?p=128984"},"modified":"2025-07-03T06:01:01","modified_gmt":"2025-07-03T06:01:01","slug":"comedones","status":"publish","type":"post","link":"https:\/\/www.primor.eu\/blog\/comedones\/","title":{"rendered":"Qu\u00e9 son los comedones y c\u00f3mo podemos deshacernos de ellos"},"content":{"rendered":"\n<p>Los <strong>comedones<\/strong> son uno de los problemas cut\u00e1neos m\u00e1s frecuentes. Aunque no siempre se asocian con acn\u00e9 severo, s\u00ed son un signo de desequilibrio en la piel. Aparecen en el rostro, <strong>sobre todo en la zona T,<\/strong> y tienen soluci\u00f3n si se tratan de forma constante y con los productos adecuados.<\/p>\n\n\n\n<p>Si te preguntas qu\u00e9 son exactamente los comedones, por qu\u00e9 salen y c\u00f3mo eliminarlos sin da\u00f1ar tu piel, sigue leyendo. Aqu\u00ed tienes una<strong> gu\u00eda directa, \u00fatil y sin complicaciones.<\/strong><\/p>\n\n\n\n<h2 class=\"wp-block-heading\">\u00bfQu\u00e9 son los comedones?<\/h2>\n\n\n\n<p>Los comedones son <strong>poros obstruidos<\/strong>. Se producen cuando una mezcla de sebo, c\u00e9lulas muertas y suciedad queda atrapada en la superficie de la piel. Esta obstrucci\u00f3n puede cerrarse o mantenerse abierta, y seg\u00fan eso, se clasifican en dos tipos:<\/p>\n\n\n\n<ul class=\"wp-block-list\">\n<li><strong>Comedones abiertos (puntos negros):<\/strong> el poro est\u00e1 abierto y el contenido se oxida al contacto con el aire, por eso toma un color oscuro.<\/li>\n\n\n\n<li><strong>Comedones cerrados (puntos blancos):<\/strong> el poro permanece cerrado por una capa fina de piel. No se oxida, por lo que mantiene un aspecto m\u00e1s blanquecino.<\/li>\n<\/ul>\n\n\n\n<p>Ambos son una forma leve de acn\u00e9 y pueden evolucionar si no se tratan bien.<\/p>\n\n\n\n<h2 class=\"wp-block-heading\">\u00bfPor qu\u00e9 aparecen?<\/h2>\n\n\n\n<p>Los comedones no aparecen por un solo motivo. Su origen suele ser multifactorial:<\/p>\n\n\n\n<ul class=\"wp-block-list\">\n<li><strong>Exceso de sebo:<\/strong> t\u00edpico de pieles mixtas o grasas.<\/li>\n\n\n\n<li><strong>Acumulaci\u00f3n de c\u00e9lulas muertas:<\/strong> si no exfolias la piel, el poro se bloquea.<\/li>\n\n\n\n<li><strong>Uso de productos comedog\u00e9nicos:<\/strong> maquillajes o cremas que tapan el poro.<\/li>\n\n\n\n<li><strong>Cambios hormonales:<\/strong> durante la adolescencia, el ciclo menstrual o periodos de estr\u00e9s.<\/li>\n\n\n\n<li><strong>Higiene incorrecta:<\/strong> no retirar bien el maquillaje o tocarse la cara con las manos sucias.<\/li>\n<\/ul>\n\n\n\n<h2 class=\"wp-block-heading\">\u00bfC\u00f3mo podemos deshacernos de ellos?<\/h2>\n\n\n\n<h3 class=\"wp-block-heading\">1\/ Limpieza diaria adecuada<\/h3>\n\n\n\n<p>Utiliza un limpiador facial suave, con activos seborreguladores pero no agresivos. Evita jabones que resequen en exceso, porque pueden provocar efecto rebote. Limpia el rostro por la ma\u00f1ana y por la noche.<\/p>\n\n\n\n<h3 class=\"wp-block-heading\">2\/ Exfoliaci\u00f3n qu\u00edmica regular<\/h3>\n\n\n\n<p>Los exfoliantes con <strong>\u00e1cido salic\u00edlico (BHA)<\/strong> son los m\u00e1s eficaces para desobstruir poros. Penetran dentro del poro, disuelven el sebo acumulado y previenen nuevos comedones. Usa 2-3 veces por semana, seg\u00fan tolerancia.&nbsp;<\/p>\n\n\n\n<ul class=\"wp-block-list\">\n<li><strong>Otros \u00e1cidos \u00fatiles:<\/strong> <a href=\"https:\/\/www.primor.eu\/blog\/acido-glicolico\/?srsltid=AfmBOooo6HzmWCBX8v3hvtSYUIGFOiqZEZzc8gQ9LPLbQ7ii-cFK4Wd3\">\u00e1cido glic\u00f3lico<\/a> o \u00e1cido l\u00e1ctico (AHA), que eliminan c\u00e9lulas muertas en la superficie.<\/li>\n<\/ul>\n\n\n\n<h3 class=\"wp-block-heading\">3\/ No manipularlos<\/h3>\n\n\n\n<p>Evita apretarlos. Puede parecer que los eliminas, pero puedes da\u00f1ar la piel, causar inflamaci\u00f3n o dejar marcas. Si necesitas extracci\u00f3n, acude a una limpieza facial profesional.<\/p>\n\n\n\n<h3 class=\"wp-block-heading\">4\/ Hidrataci\u00f3n no comedog\u00e9nica<\/h3>\n\n\n\n<p>Incluso la piel grasa necesita hidrataci\u00f3n. Elige cremas ligeras, oil-free y con ingredientes que no tapen los poros. El \u00e1cido hialur\u00f3nico o la niacinamida son opciones seguras.<\/p>\n\n\n\n<h3 class=\"wp-block-heading\">5\/ Mascarillas purificantes<\/h3>\n\n\n\n<p>Las mascarillas con arcilla, carb\u00f3n activo o azufre ayudan a absorber el exceso de sebo y limpiar los poros. \u00dasalas 1 o 2 veces por semana en zonas espec\u00edficas.<\/p>\n\n\n\n<h3 class=\"wp-block-heading\">6\/ Protecci\u00f3n solar<\/h3>\n\n\n\n<p>La exposici\u00f3n al sol sin protecci\u00f3n puede espesar la piel y favorecer la obstrucci\u00f3n de poros. Usa un protector solar ligero, no comedog\u00e9nico, todos los d\u00edas.<\/p>\n\n\n\n<h2 class=\"wp-block-heading\">\u00bfCu\u00e1nto tiempo se tarda en ver resultados?<\/h2>\n\n\n\n<p>La constancia es clave. La piel necesita al menos <strong>4 a 6 semanas<\/strong> para renovar su capa superficial. Si mantienes una rutina adecuada y evitas errores comunes, notar\u00e1s mejora progresiva en textura, brillo y reducci\u00f3n de comedones.<\/p>\n\n\n\n<h2 class=\"wp-block-heading\">\u00bfCu\u00e1ndo consultar a un dermat\u00f3logo?<\/h2>\n\n\n\n<ul class=\"wp-block-list\">\n<li>Si los comedones se acompa\u00f1an de inflamaci\u00f3n o granos qu\u00edsticos.<\/li>\n\n\n\n<li>Si has probado varios productos sin resultado.<\/li>\n\n\n\n<li>Si tienes dudas sobre qu\u00e9 tipo de piel tienes o c\u00f3mo tratarla correctamente.<\/li>\n<\/ul>\n\n\n\n<p>El dermat\u00f3logo puede pautar tratamientos m\u00e1s espec\u00edficos como retinoides, peelings o limpiezas profundas.<\/p>\n\n\n<div class=\"kk-star-ratings kksr-auto kksr-align-center kksr-valign-bottom\"\n    data-payload='{&quot;align&quot;:&quot;center&quot;,&quot;id&quot;:&quot;128984&quot;,&quot;slug&quot;:&quot;default&quot;,&quot;valign&quot;:&quot;bottom&quot;,&quot;ignore&quot;:&quot;&quot;,&quot;reference&quot;:&quot;auto&quot;,&quot;class&quot;:&quot;&quot;,&quot;count&quot;:&quot;2&quot;,&quot;legendonly&quot;:&quot;&quot;,&quot;readonly&quot;:&quot;&quot;,&quot;score&quot;:&quot;5&quot;,&quot;starsonly&quot;:&quot;&quot;,&quot;best&quot;:&quot;5&quot;,&quot;gap&quot;:&quot;5&quot;,&quot;greet&quot;:&quot;Valora este art\u00edculo&quot;,&quot;legend&quot;:&quot;5\\\/5 - (2 votos)&quot;,&quot;size&quot;:&quot;24&quot;,&quot;title&quot;:&quot;Qu\u00e9 son los comedones y c\u00f3mo podemos deshacernos de ellos&quot;,&quot;width&quot;:&quot;142.5&quot;,&quot;_legend&quot;:&quot;{score}\\\/{best} - ({count} {votes})&quot;,&quot;font_factor&quot;:&quot;1.25&quot;}'>\n            \n<div class=\"kksr-stars\">\n    \n<div class=\"kksr-stars-inactive\">\n            <div class=\"kksr-star\" data-star=\"1\" style=\"padding-right: 5px\">\n            \n\n<div class=\"kksr-icon\" style=\"width: 24px; height: 24px;\"><\/div>\n        <\/div>\n            <div class=\"kksr-star\" data-star=\"2\" style=\"padding-right: 5px\">\n            \n\n<div class=\"kksr-icon\" style=\"width: 24px; height: 24px;\"><\/div>\n        <\/div>\n            <div class=\"kksr-star\" data-star=\"3\" style=\"padding-right: 5px\">\n            \n\n<div class=\"kksr-icon\" style=\"width: 24px; height: 24px;\"><\/div>\n        <\/div>\n            <div class=\"kksr-star\" data-star=\"4\" style=\"padding-right: 5px\">\n            \n\n<div class=\"kksr-icon\" style=\"width: 24px; height: 24px;\"><\/div>\n        <\/div>\n            <div class=\"kksr-star\" data-star=\"5\" style=\"padding-right: 5px\">\n            \n\n<div class=\"kksr-icon\" style=\"width: 24px; height: 24px;\"><\/div>\n        <\/div>\n    <\/div>\n    \n<div class=\"kksr-stars-active\" style=\"width: 142.5px;\">\n            <div class=\"kksr-star\" style=\"padding-right: 5px\">\n            \n\n<div class=\"kksr-icon\" style=\"width: 24px; height: 24px;\"><\/div>\n        <\/div>\n            <div class=\"kksr-star\" style=\"padding-right: 5px\">\n            \n\n<div class=\"kksr-icon\" style=\"width: 24px; height: 24px;\"><\/div>\n        <\/div>\n            <div class=\"kksr-star\" style=\"padding-right: 5px\">\n            \n\n<div class=\"kksr-icon\" style=\"width: 24px; height: 24px;\"><\/div>\n        <\/div>\n            <div class=\"kksr-star\" style=\"padding-right: 5px\">\n            \n\n<div class=\"kksr-icon\" style=\"width: 24px; height: 24px;\"><\/div>\n        <\/div>\n            <div class=\"kksr-star\" style=\"padding-right: 5px\">\n            \n\n<div class=\"kksr-icon\" style=\"width: 24px; height: 24px;\"><\/div>\n        <\/div>\n    <\/div>\n<\/div>\n                \n\n<div class=\"kksr-legend\" style=\"font-size: 19.2px;\">\n            5\/5 - (2 votos)    <\/div>\n    <\/div>\n","protected":false},"excerpt":{"rendered":"<p>Los comedones son uno de los problemas cut\u00e1neos m\u00e1s frecuentes. Aunque no siempre se asocian con acn\u00e9 severo, s\u00ed son un signo de desequilibrio en la piel. Aparecen en el rostro, sobre todo en la zona T, y tienen soluci\u00f3n si se tratan de forma constante y con los productos adecuados. Si te preguntas qu\u00e9 [&hellip;]<\/p>\n","protected":false},"author":14,"featured_media":128960,"comment_status":"closed","ping_status":"closed","sticky":false,"template":"","format":"standard","meta":{"jnews-multi-image_gallery":[],"jnews_single_post":{"format":"standard"},"jnews_primary_category":[],"jnews_social_meta":[],"jnews_override_counter":[],"footnotes":""},"categories":[29],"tags":[],"class_list":["post-128984","post","type-post","status-publish","format-standard","has-post-thumbnail","hentry","category-cosmetica"],"_links":{"self":[{"href":"https:\/\/www.primor.eu\/blog\/wp-json\/wp\/v2\/posts\/128984","targetHints":{"allow":["GET"]}}],"collection":[{"href":"https:\/\/www.primor.eu\/blog\/wp-json\/wp\/v2\/posts"}],"about":[{"href":"https:\/\/www.primor.eu\/blog\/wp-json\/wp\/v2\/types\/post"}],"author":[{"embeddable":true,"href":"https:\/\/www.primor.eu\/blog\/wp-json\/wp\/v2\/users\/14"}],"replies":[{"embeddable":true,"href":"https:\/\/www.primor.eu\/blog\/wp-json\/wp\/v2\/comments?post=128984"}],"version-history":[{"count":1,"href":"https:\/\/www.primor.eu\/blog\/wp-json\/wp\/v2\/posts\/128984\/revisions"}],"predecessor-version":[{"id":128986,"href":"https:\/\/www.primor.eu\/blog\/wp-json\/wp\/v2\/posts\/128984\/revisions\/128986"}],"wp:featuredmedia":[{"embeddable":true,"href":"https:\/\/www.primor.eu\/blog\/wp-json\/wp\/v2\/media\/128960"}],"wp:attachment":[{"href":"https:\/\/www.primor.eu\/blog\/wp-json\/wp\/v2\/media?parent=128984"}],"wp:term":[{"taxonomy":"category","embeddable":true,"href":"https:\/\/www.primor.eu\/blog\/wp-json\/wp\/v2\/categories?post=128984"},{"taxonomy":"post_tag","embeddable":true,"href":"https:\/\/www.primor.eu\/blog\/wp-json\/wp\/v2\/tags?post=128984"}],"curies":[{"name":"wp","href":"https:\/\/api.w.org\/{rel}","templated":true}]}}