{"id":128919,"date":"2025-07-15T05:30:22","date_gmt":"2025-07-15T05:30:22","guid":{"rendered":"https:\/\/www.primor.eu\/blog\/?p=128919"},"modified":"2025-07-03T05:38:46","modified_gmt":"2025-07-03T05:38:46","slug":"flor-edelweiss","status":"publish","type":"post","link":"https:\/\/www.primor.eu\/blog\/flor-edelweiss\/","title":{"rendered":"Flor de Edelweiss: qu\u00e9 es, propiedades y beneficios"},"content":{"rendered":"\n<p>La<strong> flor de Edelweiss<\/strong>, tambi\u00e9n conocida como <strong>Leontopodium alpinum<\/strong>, es una planta originaria de zonas monta\u00f1osas de Europa, especialmente en los Alpes. Aunque durante a\u00f1os fue valorada por su <strong>simbolismo y rareza,<\/strong> en la actualidad su extracto ha cobrado importancia por sus propiedades beneficiosas, especialmente en cosm\u00e9tica natural y cuidado de la piel.<\/p>\n\n\n\n<p>Este art\u00edculo de Primor te explicamos qu\u00e9 es exactamente esta flor, cu\u00e1les son sus componentes activos y por qu\u00e9 se ha convertido en un ingrediente valorado en productos de belleza y bienestar.<\/p>\n\n\n\n<h2 class=\"wp-block-heading\">\u00bfQu\u00e9 es la flor de Edelweiss?<\/h2>\n\n\n\n<p>La flor de Edelweiss pertenece a la familia de las aster\u00e1ceas. Crece de forma natural en altitudes superiores a los 1.500 metros, donde sobrevive a condiciones extremas de fr\u00edo, viento y alta radiaci\u00f3n UV. Esta resistencia ha llamado la atenci\u00f3n de cient\u00edficos y formuladores cosm\u00e9ticos, que han empezado a estudiar sus mecanismos de defensa y c\u00f3mo pueden beneficiar a la piel humana.<\/p>\n\n\n\n<p>El uso de Edelweiss en cosm\u00e9tica es relativamente reciente, aunque en medicina tradicional alpina ya se utilizaba como remedio para aliviar molestias digestivas y respiratorias.<\/p>\n\n\n\n<h2 class=\"wp-block-heading\">Composici\u00f3n y principios activos<\/h2>\n\n\n\n<p>El extracto de Edelweiss contiene una alta concentraci\u00f3n de antioxidantes y compuestos protectores:<\/p>\n\n\n\n<ul class=\"wp-block-list\">\n<li><strong>Leontop\u00f3dico A y B<\/strong>: polifenoles con gran capacidad antioxidante<\/li>\n\n\n\n<li><strong>\u00c1cido clorog\u00e9nico<\/strong>: antioxidante y antiinflamatorio<\/li>\n\n\n\n<li><strong>Flavonoides<\/strong>: refuerzan la defensa natural frente a radicales libres<\/li>\n\n\n\n<li><strong>Taninos<\/strong>: efecto astringente y antis\u00e9ptico<\/li>\n\n\n\n<li><strong>\u00c1cidos fen\u00f3licos<\/strong>: protegen la piel del estr\u00e9s oxidativo<\/li>\n<\/ul>\n\n\n\n<p>Estos compuestos act\u00faan de forma sin\u00e9rgica para proteger y reparar la piel frente a agresiones externas como la contaminaci\u00f3n, el sol o los cambios de temperatura.<\/p>\n\n\n\n<h2 class=\"wp-block-heading\">Beneficios de la flor de Edelweiss en cosm\u00e9tica<\/h2>\n\n\n\n<h3 class=\"wp-block-heading\">1\/ Antioxidante natural<\/h3>\n\n\n\n<p>Su contenido en leontop\u00f3dicos y flavonoides lo convierte en un potente antioxidante. Protege las c\u00e9lulas cut\u00e1neas del da\u00f1o causado por los radicales libres, lo que ayuda a prevenir el envejecimiento prematuro de la piel.<\/p>\n\n\n\n<h3 class=\"wp-block-heading\">2\/ Calmante y antiinflamatorio<\/h3>\n\n\n\n<p>Gracias a sus \u00e1cidos fen\u00f3licos y taninos, el extracto de Edelweiss tiene efectos calmantes. Es \u00fatil en pieles sensibles o reactivas, reduciendo rojeces y sensaci\u00f3n de incomodidad.<\/p>\n\n\n\n<h3 class=\"wp-block-heading\">3\/ Protecci\u00f3n frente a los rayos UV<\/h3>\n\n\n\n<p>Aunque no sustituye a un protector solar, sus compuestos ayudan a reforzar la barrera cut\u00e1nea y minimizar el da\u00f1o celular tras la exposici\u00f3n solar. Por eso, muchos productos con Edelweiss se usan en verano o climas extremos.<\/p>\n\n\n\n<h3 class=\"wp-block-heading\">4\/ Mejora la elasticidad y firmeza<\/h3>\n\n\n\n<p>El uso continuo en s\u00e9rums o cremas puede mejorar la textura de la piel y contribuir a mantener su tono uniforme y firme.<\/p>\n\n\n\n<h3 class=\"wp-block-heading\">5\/ Apto para todo tipo de piel<\/h3>\n\n\n\n<p>Por su perfil suave y no irritante, es ideal para pieles sensibles, secas, maduras e incluso para quienes no toleran bien otros antioxidantes como la vitamina C.<\/p>\n\n\n\n<h2 class=\"wp-block-heading\">\u00bfEn qu\u00e9 tipo de productos se encuentra?<\/h2>\n\n\n\n<p>El extracto de Edelweiss se puede encontrar en:<\/p>\n\n\n\n<ul class=\"wp-block-list\">\n<li>S\u00e9rums antioxidantes<\/li>\n\n\n\n<li>Cremas hidratantes calmantes<\/li>\n\n\n\n<li>Protectores solares con acci\u00f3n reparadora<\/li>\n\n\n\n<li>Tratamientos antiedad<\/li>\n\n\n\n<li>Cremas para despu\u00e9s del sol<\/li>\n\n\n\n<li>Cosm\u00e9tica natural y ecol\u00f3gica<\/li>\n<\/ul>\n\n\n\n<p>Cada vez m\u00e1s marcas lo incluyen como ingrediente clave, sobre todo aquellas con enfoque en la sostenibilidad y el uso de activos bot\u00e1nicos.<\/p>\n\n\n\n<h2 class=\"wp-block-heading\">\u00bfTiene contraindicaciones?<\/h2>\n\n\n\n<p>En general, no. El Edelweiss es bien tolerado y no suele generar reacciones adversas. Como siempre, conviene revisar la f\u00f3rmula completa del producto si tienes piel especialmente reactiva o alergias conocidas.<\/p>\n\n\n<div class=\"kk-star-ratings kksr-auto kksr-align-center kksr-valign-bottom\"\n    data-payload='{&quot;align&quot;:&quot;center&quot;,&quot;id&quot;:&quot;128919&quot;,&quot;slug&quot;:&quot;default&quot;,&quot;valign&quot;:&quot;bottom&quot;,&quot;ignore&quot;:&quot;&quot;,&quot;reference&quot;:&quot;auto&quot;,&quot;class&quot;:&quot;&quot;,&quot;count&quot;:&quot;0&quot;,&quot;legendonly&quot;:&quot;&quot;,&quot;readonly&quot;:&quot;&quot;,&quot;score&quot;:&quot;0&quot;,&quot;starsonly&quot;:&quot;&quot;,&quot;best&quot;:&quot;5&quot;,&quot;gap&quot;:&quot;5&quot;,&quot;greet&quot;:&quot;Valora este art\u00edculo&quot;,&quot;legend&quot;:&quot;0\\\/5 - (0 votos)&quot;,&quot;size&quot;:&quot;24&quot;,&quot;title&quot;:&quot;Flor de Edelweiss: qu\u00e9 es, propiedades y beneficios&quot;,&quot;width&quot;:&quot;0&quot;,&quot;_legend&quot;:&quot;{score}\\\/{best} - ({count} {votes})&quot;,&quot;font_factor&quot;:&quot;1.25&quot;}'>\n            \n<div class=\"kksr-stars\">\n    \n<div class=\"kksr-stars-inactive\">\n            <div class=\"kksr-star\" data-star=\"1\" style=\"padding-right: 5px\">\n            \n\n<div class=\"kksr-icon\" style=\"width: 24px; height: 24px;\"><\/div>\n        <\/div>\n            <div class=\"kksr-star\" data-star=\"2\" style=\"padding-right: 5px\">\n            \n\n<div class=\"kksr-icon\" style=\"width: 24px; height: 24px;\"><\/div>\n        <\/div>\n            <div class=\"kksr-star\" data-star=\"3\" style=\"padding-right: 5px\">\n            \n\n<div class=\"kksr-icon\" style=\"width: 24px; height: 24px;\"><\/div>\n        <\/div>\n            <div class=\"kksr-star\" data-star=\"4\" style=\"padding-right: 5px\">\n            \n\n<div class=\"kksr-icon\" style=\"width: 24px; height: 24px;\"><\/div>\n        <\/div>\n            <div class=\"kksr-star\" data-star=\"5\" style=\"padding-right: 5px\">\n            \n\n<div class=\"kksr-icon\" style=\"width: 24px; height: 24px;\"><\/div>\n        <\/div>\n    <\/div>\n    \n<div class=\"kksr-stars-active\" style=\"width: 0px;\">\n            <div class=\"kksr-star\" style=\"padding-right: 5px\">\n            \n\n<div class=\"kksr-icon\" style=\"width: 24px; height: 24px;\"><\/div>\n        <\/div>\n            <div class=\"kksr-star\" style=\"padding-right: 5px\">\n            \n\n<div class=\"kksr-icon\" style=\"width: 24px; height: 24px;\"><\/div>\n        <\/div>\n            <div class=\"kksr-star\" style=\"padding-right: 5px\">\n            \n\n<div class=\"kksr-icon\" style=\"width: 24px; height: 24px;\"><\/div>\n        <\/div>\n            <div class=\"kksr-star\" style=\"padding-right: 5px\">\n            \n\n<div class=\"kksr-icon\" style=\"width: 24px; height: 24px;\"><\/div>\n        <\/div>\n            <div class=\"kksr-star\" style=\"padding-right: 5px\">\n            \n\n<div class=\"kksr-icon\" style=\"width: 24px; height: 24px;\"><\/div>\n        <\/div>\n    <\/div>\n<\/div>\n                \n\n<div class=\"kksr-legend\" style=\"font-size: 19.2px;\">\n            <span class=\"kksr-muted\">Valora este art\u00edculo<\/span>\n    <\/div>\n    <\/div>\n","protected":false},"excerpt":{"rendered":"<p>La flor de Edelweiss, tambi\u00e9n conocida como Leontopodium alpinum, es una planta originaria de zonas monta\u00f1osas de Europa, especialmente en los Alpes. Aunque durante a\u00f1os fue valorada por su simbolismo y rareza, en la actualidad su extracto ha cobrado importancia por sus propiedades beneficiosas, especialmente en cosm\u00e9tica natural y cuidado de la piel. Este art\u00edculo [&hellip;]<\/p>\n","protected":false},"author":14,"featured_media":128934,"comment_status":"closed","ping_status":"closed","sticky":false,"template":"","format":"standard","meta":{"jnews-multi-image_gallery":[],"jnews_single_post":{"format":"standard"},"jnews_primary_category":[],"jnews_social_meta":[],"jnews_override_counter":[],"footnotes":""},"categories":[6318],"tags":[],"class_list":["post-128919","post","type-post","status-publish","format-standard","has-post-thumbnail","hentry","category-nutricion"],"_links":{"self":[{"href":"https:\/\/www.primor.eu\/blog\/wp-json\/wp\/v2\/posts\/128919","targetHints":{"allow":["GET"]}}],"collection":[{"href":"https:\/\/www.primor.eu\/blog\/wp-json\/wp\/v2\/posts"}],"about":[{"href":"https:\/\/www.primor.eu\/blog\/wp-json\/wp\/v2\/types\/post"}],"author":[{"embeddable":true,"href":"https:\/\/www.primor.eu\/blog\/wp-json\/wp\/v2\/users\/14"}],"replies":[{"embeddable":true,"href":"https:\/\/www.primor.eu\/blog\/wp-json\/wp\/v2\/comments?post=128919"}],"version-history":[{"count":1,"href":"https:\/\/www.primor.eu\/blog\/wp-json\/wp\/v2\/posts\/128919\/revisions"}],"predecessor-version":[{"id":128941,"href":"https:\/\/www.primor.eu\/blog\/wp-json\/wp\/v2\/posts\/128919\/revisions\/128941"}],"wp:featuredmedia":[{"embeddable":true,"href":"https:\/\/www.primor.eu\/blog\/wp-json\/wp\/v2\/media\/128934"}],"wp:attachment":[{"href":"https:\/\/www.primor.eu\/blog\/wp-json\/wp\/v2\/media?parent=128919"}],"wp:term":[{"taxonomy":"category","embeddable":true,"href":"https:\/\/www.primor.eu\/blog\/wp-json\/wp\/v2\/categories?post=128919"},{"taxonomy":"post_tag","embeddable":true,"href":"https:\/\/www.primor.eu\/blog\/wp-json\/wp\/v2\/tags?post=128919"}],"curies":[{"name":"wp","href":"https:\/\/api.w.org\/{rel}","templated":true}]}}