{"id":128245,"date":"2025-07-06T15:00:00","date_gmt":"2025-07-06T15:00:00","guid":{"rendered":"https:\/\/www.primor.eu\/blog\/?p=128245"},"modified":"2025-06-28T12:32:54","modified_gmt":"2025-06-28T12:32:54","slug":"mejores-maquillajes-ojos-almendrados","status":"publish","type":"post","link":"https:\/\/www.primor.eu\/blog\/mejores-maquillajes-ojos-almendrados\/","title":{"rendered":"Los 5 mejores tips de maquillaje para los ojos almendrados"},"content":{"rendered":"\n<p>Los <a href=\"https:\/\/www.primor.eu\/blog\/tipo-de-ojo-mejor-forma-maquillarlo\/?srsltid=AfmBOoryuqlArGNMPEfSnUViG6zBeD__7KoXFt7Rhq2FepgOzFGf9xLc\" data-type=\"link\" data-id=\"https:\/\/www.primor.eu\/blog\/tipo-de-ojo-mejor-forma-maquillarlo\/?srsltid=AfmBOoryuqlArGNMPEfSnUViG6zBeD__7KoXFt7Rhq2FepgOzFGf9xLc\"><strong>ojos almendrados<\/strong> <\/a>son bonitos y expresivos. Pero, como pasa con todos los rasgos, lo son a\u00fan m\u00e1s cuando se potencian. El hecho de tener los ojos almendrados aporta al rostro un toque ex\u00f3tico que no todo el mundo tiene. Una belleza especial que con unos peque\u00f1os <strong>toques de maquillaje<\/strong>, puede llegar a ser deslumbrante.\u00a0<\/p>\n\n\n\n<p>Por eso te vamos a recomendar algunos trucos de maquillaje para que potencies la belleza natural de tus ojos almendrados, adem\u00e1s de algunos productos que nuestra tienda que son geniales para llevarlos a cabo.&nbsp;<\/p>\n\n\n\n<h2 class=\"wp-block-heading\">Ojos almendrados: 5 tips de maquillaje<\/h2>\n\n\n\n<p>Como hemos dicho, lo primero que vamos a hacer es darte unos tips para que puedas resaltar tus ojos almendrados con maquillaje. Apunta estos trucos que potenciar\u00e1n tu mirada:<\/p>\n\n\n\n<ol class=\"wp-block-list\">\n<li><strong>Lagrimal iluminado<\/strong>: para ello solo necesitas un poco de sombra clara. Tambi\u00e9n puedes hacerlo en la parte externa del ojo y a la misma altura. Los mejores tonos son los beige, champ\u00e1n o dorados.<\/li>\n\n\n\n<li><strong>Cateyes<\/strong>: el hecho de que a\u00f1adas un rabillo a lo gatuno en tu eyeliner, har\u00e1 que tus ojos almendrados luzcan bellos y resaltados. De esta forma, adem\u00e1s de marcar m\u00e1s la forma natural de los ojos almendrados, har\u00e1s que se acent\u00fae la simetr\u00eda del ojo, lo que o hace a\u00fan m\u00e1s bello.<\/li>\n\n\n\n<li><strong>Sombras degradadas<\/strong>: con tonos m\u00e1s oscuros en la esquina del ojo y m\u00e1s claros en la zona del lagrimal, de forma que se acent\u00faen los ojos almendrados. Los tonos negros combinados con grises, los marrones combinados con beiges o los morados combinados con otros m\u00e1s claros, son ideales.<\/li>\n\n\n\n<li><strong>M\u00e1scara de pesta\u00f1as<\/strong>: es genial para darle expresividad a cualquier tipo de ojo. Con los ojos almendrados, se ver\u00e1n m\u00e1s grandes adem\u00e1s de m\u00e1s expresivos.<\/li>\n\n\n\n<li><strong>P\u00e1rpados<\/strong>: aplicando una sombra un poco m\u00e1s oscura justo en la cuenca del p\u00e1rpado y difuminando el color, acentuar\u00e1s tambi\u00e9n tus ojos almendrados.\u00a0<\/li>\n<\/ol>\n\n\n\n<h2 class=\"wp-block-heading\">Los mejores productos para conseguir estos tips<\/h2>\n\n\n        <product-table class=\"pr-slider\">\r\n            <product-headers class=\"grid-table-rows\">\r\n                <div>Foto<\/div>\r\n                <div>Producto<\/div>\r\n                <div>Marca<\/div>\r\n                <div>Valoraciones<\/div>\r\n                <div>Precio<\/div>\r\n            <\/product-headers>\r\n\r\n            <product-list>\r\n                                    <a href=\"https:\/\/www.primor.eu\/es_es\/urban-decay-naked-3-palette-paleta-de-sombras-de-ojos-41813.html\" class=\"product-item grid-table-rows\" target=\"_blank\">\r\n                        <div>\r\n                            <img decoding=\"async\" class=\"product-img\" width=\"80px\" height=\"80px\" src=\"https:\/\/cdn2.primor.eu\/media\/catalog\/product\/cache\/8d3aba296f7a18b5251ee30fa5db42b2\/0\/M\/0MO22543_1_0cd4.jpg\" alt=\"Naked 3 Palette Paleta de sombras de ojos\">\r\n                        <\/div>\r\n\r\n                        <!-- Contenido de producto  -->\r\n                        <div>\r\n                            <div class=\"product-position\">\r\n                                #1 Top Ventas                            <\/div>\r\n\r\n                            <h2>\r\n                                Naked 3 Palette Paleta de sombras de ojos                            <\/h2>\r\n                        <\/div>\r\n\r\n                        <!-- Imagen y\/o nombre de la marca -->\r\n                        <div>\r\n                                                            <img decoding=\"async\" width=\"70\" src=\"https:\/\/www.primor.eu\/media\/catalog\/category\/Urban_Decay.png\" alt=\"\">\r\n                                                    <\/div>\r\n\r\n                        <!-- Puntuaci\u00f3n del producto  -->\r\n                        <div class=\"rating\">\r\n                                                            <div class=\"rate\" style=\"--p:94;\"><\/div>\r\n                                <b>4.7\/5<\/b>\r\n                                <div class=\"rate-stars\">\r\n                                                                            <div\r\n                                            class=\"rate-star  \">\r\n                                        <\/div>\r\n                                                                            <div\r\n                                            class=\"rate-star  \">\r\n                                        <\/div>\r\n                                                                            <div\r\n                                            class=\"rate-star  \">\r\n                                        <\/div>\r\n                                                                            <div\r\n                                            class=\"rate-star  \">\r\n                                        <\/div>\r\n                                                                            <div\r\n                                            class=\"rate-star  \">\r\n                                        <\/div>\r\n                                                                    <\/div>\r\n                                                    <\/div>\r\n\r\n                        <!-- Bot\u00f3n de producto  -->\r\n                        <div>\r\n                            <span class=\"price-claim\">\r\n                                VER PRECIO                            <\/span>\r\n                        <\/div>\r\n                    <\/a>\r\n                                    <a href=\"https:\/\/www.primor.eu\/es_es\/3ina-the-24h-pen-eyeliner-delineador-de-ojos-24h-45223.html\" class=\"product-item grid-table-rows\" target=\"_blank\">\r\n                        <div>\r\n                            <img decoding=\"async\" class=\"product-img\" width=\"80px\" height=\"80px\" src=\"https:\/\/cdn2.primor.eu\/media\/catalog\/product\/cache\/8d3aba296f7a18b5251ee30fa5db42b2\/8\/4\/8435446411967_1_c11c.jpg\" alt=\"The 24H Pen Eyeliner Delineador de Ojos 24H\">\r\n                        <\/div>\r\n\r\n                        <!-- Contenido de producto  -->\r\n                        <div>\r\n                            <div class=\"product-position\">\r\n                                #2                            <\/div>\r\n\r\n                            <h2>\r\n                                The 24H Pen Eyeliner Delineador de Ojos 24H                            <\/h2>\r\n                        <\/div>\r\n\r\n                        <!-- Imagen y\/o nombre de la marca -->\r\n                        <div>\r\n                                                            <img decoding=\"async\" width=\"70\" src=\"https:\/\/www.primor.eu\/media\/catalog\/category\/3ina.jpg\" alt=\"\">\r\n                                                    <\/div>\r\n\r\n                        <!-- Puntuaci\u00f3n del producto  -->\r\n                        <div class=\"rating\">\r\n                                                            <div class=\"rate\" style=\"--p:92;\"><\/div>\r\n                                <b>4.6\/5<\/b>\r\n                                <div class=\"rate-stars\">\r\n                                                                            <div\r\n                                            class=\"rate-star  \">\r\n                                        <\/div>\r\n                                                                            <div\r\n                                            class=\"rate-star  \">\r\n                                        <\/div>\r\n                                                                            <div\r\n                                            class=\"rate-star  \">\r\n                                        <\/div>\r\n                                                                            <div\r\n                                            class=\"rate-star  \">\r\n                                        <\/div>\r\n                                                                            <div\r\n                                            class=\"rate-star  \">\r\n                                        <\/div>\r\n                                                                    <\/div>\r\n                                                    <\/div>\r\n\r\n                        <!-- Bot\u00f3n de producto  -->\r\n                        <div>\r\n                            <span class=\"price-claim\">\r\n                                VER PRECIO                            <\/span>\r\n                        <\/div>\r\n                    <\/a>\r\n                                    <a href=\"https:\/\/www.primor.eu\/es_es\/mac-mascara-de-pestanas-in-extreme-dimension-3d-66839.html\" class=\"product-item grid-table-rows\" target=\"_blank\">\r\n                        <div>\r\n                            <img decoding=\"async\" class=\"product-img\" width=\"80px\" height=\"80px\" src=\"https:\/\/cdn2.primor.eu\/media\/catalog\/product\/cache\/8d3aba296f7a18b5251ee30fa5db42b2\/0\/M\/0MO23485_1_d806.jpg\" alt=\"M\u00e1scara de Pesta\u00f1as In Extreme Dimension 3D\">\r\n                        <\/div>\r\n\r\n                        <!-- Contenido de producto  -->\r\n                        <div>\r\n                            <div class=\"product-position\">\r\n                                #3                            <\/div>\r\n\r\n                            <h2>\r\n                                M\u00e1scara de Pesta\u00f1as In Extreme Dimension 3D                            <\/h2>\r\n                        <\/div>\r\n\r\n                        <!-- Imagen y\/o nombre de la marca -->\r\n                        <div>\r\n                                                            <img decoding=\"async\" width=\"70\" src=\"https:\/\/www.primor.eu\/media\/catalog\/category\/MAC.png\" alt=\"\">\r\n                                                    <\/div>\r\n\r\n                        <!-- Puntuaci\u00f3n del producto  -->\r\n                        <div class=\"rating\">\r\n                                                            <div class=\"rate\" style=\"--p:94;\"><\/div>\r\n                                <b>4.7\/5<\/b>\r\n                                <div class=\"rate-stars\">\r\n                                                                            <div\r\n                                            class=\"rate-star  \">\r\n                                        <\/div>\r\n                                                                            <div\r\n                                            class=\"rate-star  \">\r\n                                        <\/div>\r\n                                                                            <div\r\n                                            class=\"rate-star  \">\r\n                                        <\/div>\r\n                                                                            <div\r\n                                            class=\"rate-star  \">\r\n                                        <\/div>\r\n                                                                            <div\r\n                                            class=\"rate-star  \">\r\n                                        <\/div>\r\n                                                                    <\/div>\r\n                                                    <\/div>\r\n\r\n                        <!-- Bot\u00f3n de producto  -->\r\n                        <div>\r\n                            <span class=\"price-claim\">\r\n                                VER PRECIO                            <\/span>\r\n                        <\/div>\r\n                    <\/a>\r\n                            <\/product-list>\r\n        <\/product-table>\r\n\r\n        \n\n\n\n<h3 class=\"wp-block-heading\">Naked 3 Palette Paleta de sombras de ojos de Urban Decay<\/h3>\n\n\n\n<p>Est\u00e1 inspirada en los ic\u00f3nicos atardeceres de California, ofreciendo una variedad de 12 tonos que van desde un rosa claro brillante hasta un profundo negro mate con micropurpurina rosada. Podr\u00e1s experimentar con diferentes looks gracias a sus acabados, que incluyen mates ultra-suaves, met\u00e1licos relucientes y tonos perlados. La f\u00f3rmula de esta paleta de sombras es extra cremosa, lo que facilita la aplicaci\u00f3n y el difuminado, evitando la ca\u00edda del pigmento. Adem\u00e1s, su alta pigmentaci\u00f3n asegura que obtendr\u00e1s el color deseado con menos producto.<\/p>\n\n\n    <a class='product' target='_blank' href='https:\/\/www.primor.eu\/es_es\/urban-decay-naked-3-palette-paleta-de-sombras-de-ojos-41813.html'>\r\n        <img loading='async' src='https:\/\/cdn2.primor.eu\/media\/catalog\/product\/cache\/8d3aba296f7a18b5251ee30fa5db42b2\/0\/M\/0MO22543_1_0cd4.jpg' alt='COMPRAR AHORA'>\r\n            <div class=\"claim\">\r\n                COMPRAR AHORA            <\/div>\r\n        <\/a>\r\n    \n\n\n<h3 class=\"wp-block-heading\">The 24H Pen Eyeliner Delineador de Ojos 24H de 3ina<\/h3>\n\n\n\n<p>Este eyeliner est\u00e1 dise\u00f1ado con una punta fina y precisa, ideal para crear trazos definidos en cada aplicaci\u00f3n. La f\u00f3rmula vegana ofrece un acabado mate intenso y es waterproof, asegurando una duraci\u00f3n de 24 horas sin transferir el color, incluso cuando se aplica sobre sombras en crema. Con su aplicador de fieltro extra suave, este eyeliner se desliza f\u00e1cilmente por los p\u00e1rpados, garantizando resultados profesionales.<\/p>\n\n\n    <a class='product' target='_blank' href='https:\/\/www.primor.eu\/es_es\/3ina-the-24h-pen-eyeliner-delineador-de-ojos-24h-45223.html'>\r\n        <img loading='async' src='https:\/\/cdn2.primor.eu\/media\/catalog\/product\/cache\/8d3aba296f7a18b5251ee30fa5db42b2\/8\/4\/8435446411967_1_c11c.jpg' alt='COMPRAR AHORA'>\r\n            <div class=\"claim\">\r\n                COMPRAR AHORA            <\/div>\r\n        <\/a>\r\n    \n\n\n<h3 class=\"wp-block-heading\">M\u00e1scara de Pesta\u00f1as In Extreme Dimension 3D de Mac<\/h3>\n\n\n\n<p>Una m\u00e1scara negra intensa con un gran aplicador moldeado expresamente para crear un volumen y rizo extremos. La ligera f\u00f3rmula negra intensa de Mac aporta un denso volumen, alarga y riza, a la vez que acondiciona las pesta\u00f1as dot\u00e1ndolas de mayor suavidad y flexibilidad.<\/p>\n\n\n\n<p>Su gran aplicador est\u00e1 dise\u00f1ado para contener la cantidad precisa de producto en sus tres cavidades, lo que le permite depositar el m\u00e1ximo de producto en cada pasada a la vez que impide que las pesta\u00f1as se apelmacen entre ellas. La punta del aplicador permite la m\u00e1xima precisi\u00f3n a la hora de maquillar las pesta\u00f1as inferiores o las de los extremos del ojo. El resultado final: tridimensionalidad extrema que no mancha, no se descama ni se apelmaza.<\/p>\n\n\n    <a class='product' target='_blank' href='https:\/\/www.primor.eu\/es_es\/mac-mascara-de-pestanas-in-extreme-dimension-3d-66839.html'>\r\n        <img loading='async' src='https:\/\/cdn2.primor.eu\/media\/catalog\/product\/cache\/8d3aba296f7a18b5251ee30fa5db42b2\/0\/M\/0MO23485_1_d806.jpg' alt='COMPRAR AHORA'>\r\n            <div class=\"claim\">\r\n                COMPRAR AHORA            <\/div>\r\n        <\/a>\r\n    \n\n<div class=\"kk-star-ratings kksr-auto kksr-align-center kksr-valign-bottom\"\n    data-payload='{&quot;align&quot;:&quot;center&quot;,&quot;id&quot;:&quot;128245&quot;,&quot;slug&quot;:&quot;default&quot;,&quot;valign&quot;:&quot;bottom&quot;,&quot;ignore&quot;:&quot;&quot;,&quot;reference&quot;:&quot;auto&quot;,&quot;class&quot;:&quot;&quot;,&quot;count&quot;:&quot;0&quot;,&quot;legendonly&quot;:&quot;&quot;,&quot;readonly&quot;:&quot;&quot;,&quot;score&quot;:&quot;0&quot;,&quot;starsonly&quot;:&quot;&quot;,&quot;best&quot;:&quot;5&quot;,&quot;gap&quot;:&quot;5&quot;,&quot;greet&quot;:&quot;Valora este art\u00edculo&quot;,&quot;legend&quot;:&quot;0\\\/5 - (0 votos)&quot;,&quot;size&quot;:&quot;24&quot;,&quot;title&quot;:&quot;Los 5 mejores tips de maquillaje para los ojos almendrados&quot;,&quot;width&quot;:&quot;0&quot;,&quot;_legend&quot;:&quot;{score}\\\/{best} - ({count} {votes})&quot;,&quot;font_factor&quot;:&quot;1.25&quot;}'>\n            \n<div class=\"kksr-stars\">\n    \n<div class=\"kksr-stars-inactive\">\n            <div class=\"kksr-star\" data-star=\"1\" style=\"padding-right: 5px\">\n            \n\n<div class=\"kksr-icon\" style=\"width: 24px; height: 24px;\"><\/div>\n        <\/div>\n            <div class=\"kksr-star\" data-star=\"2\" style=\"padding-right: 5px\">\n            \n\n<div class=\"kksr-icon\" style=\"width: 24px; height: 24px;\"><\/div>\n        <\/div>\n            <div class=\"kksr-star\" data-star=\"3\" style=\"padding-right: 5px\">\n            \n\n<div class=\"kksr-icon\" style=\"width: 24px; height: 24px;\"><\/div>\n        <\/div>\n            <div class=\"kksr-star\" data-star=\"4\" style=\"padding-right: 5px\">\n            \n\n<div class=\"kksr-icon\" style=\"width: 24px; height: 24px;\"><\/div>\n        <\/div>\n            <div class=\"kksr-star\" data-star=\"5\" style=\"padding-right: 5px\">\n            \n\n<div class=\"kksr-icon\" style=\"width: 24px; height: 24px;\"><\/div>\n        <\/div>\n    <\/div>\n    \n<div class=\"kksr-stars-active\" style=\"width: 0px;\">\n            <div class=\"kksr-star\" style=\"padding-right: 5px\">\n            \n\n<div class=\"kksr-icon\" style=\"width: 24px; height: 24px;\"><\/div>\n        <\/div>\n            <div class=\"kksr-star\" style=\"padding-right: 5px\">\n            \n\n<div class=\"kksr-icon\" style=\"width: 24px; height: 24px;\"><\/div>\n        <\/div>\n            <div class=\"kksr-star\" style=\"padding-right: 5px\">\n            \n\n<div class=\"kksr-icon\" style=\"width: 24px; height: 24px;\"><\/div>\n        <\/div>\n            <div class=\"kksr-star\" style=\"padding-right: 5px\">\n            \n\n<div class=\"kksr-icon\" style=\"width: 24px; height: 24px;\"><\/div>\n        <\/div>\n            <div class=\"kksr-star\" style=\"padding-right: 5px\">\n            \n\n<div class=\"kksr-icon\" style=\"width: 24px; height: 24px;\"><\/div>\n        <\/div>\n    <\/div>\n<\/div>\n                \n\n<div class=\"kksr-legend\" style=\"font-size: 19.2px;\">\n            <span class=\"kksr-muted\">Valora este art\u00edculo<\/span>\n    <\/div>\n    <\/div>\n","protected":false},"excerpt":{"rendered":"<p>Los ojos almendrados son bonitos y expresivos. Pero, como pasa con todos los rasgos, lo son a\u00fan m\u00e1s cuando se potencian. El hecho de tener los ojos almendrados aporta al rostro un toque ex\u00f3tico que no todo el mundo tiene. Una belleza especial que con unos peque\u00f1os toques de maquillaje, puede llegar a ser deslumbrante.\u00a0 [&hellip;]<\/p>\n","protected":false},"author":30,"featured_media":128248,"comment_status":"closed","ping_status":"closed","sticky":false,"template":"","format":"standard","meta":{"jnews-multi-image_gallery":[],"jnews_single_post":{"format":"standard"},"jnews_primary_category":[],"jnews_social_meta":[],"jnews_override_counter":[],"footnotes":""},"categories":[41],"tags":[],"class_list":["post-128245","post","type-post","status-publish","format-standard","has-post-thumbnail","hentry","category-maquillaje"],"_links":{"self":[{"href":"https:\/\/www.primor.eu\/blog\/wp-json\/wp\/v2\/posts\/128245","targetHints":{"allow":["GET"]}}],"collection":[{"href":"https:\/\/www.primor.eu\/blog\/wp-json\/wp\/v2\/posts"}],"about":[{"href":"https:\/\/www.primor.eu\/blog\/wp-json\/wp\/v2\/types\/post"}],"author":[{"embeddable":true,"href":"https:\/\/www.primor.eu\/blog\/wp-json\/wp\/v2\/users\/30"}],"replies":[{"embeddable":true,"href":"https:\/\/www.primor.eu\/blog\/wp-json\/wp\/v2\/comments?post=128245"}],"version-history":[{"count":2,"href":"https:\/\/www.primor.eu\/blog\/wp-json\/wp\/v2\/posts\/128245\/revisions"}],"predecessor-version":[{"id":128251,"href":"https:\/\/www.primor.eu\/blog\/wp-json\/wp\/v2\/posts\/128245\/revisions\/128251"}],"wp:featuredmedia":[{"embeddable":true,"href":"https:\/\/www.primor.eu\/blog\/wp-json\/wp\/v2\/media\/128248"}],"wp:attachment":[{"href":"https:\/\/www.primor.eu\/blog\/wp-json\/wp\/v2\/media?parent=128245"}],"wp:term":[{"taxonomy":"category","embeddable":true,"href":"https:\/\/www.primor.eu\/blog\/wp-json\/wp\/v2\/categories?post=128245"},{"taxonomy":"post_tag","embeddable":true,"href":"https:\/\/www.primor.eu\/blog\/wp-json\/wp\/v2\/tags?post=128245"}],"curies":[{"name":"wp","href":"https:\/\/api.w.org\/{rel}","templated":true}]}}