{"id":127876,"date":"2025-06-29T21:00:00","date_gmt":"2025-06-29T21:00:00","guid":{"rendered":"https:\/\/www.primor.eu\/blog\/?p=127876"},"modified":"2026-04-16T07:34:29","modified_gmt":"2026-04-16T07:34:29","slug":"mejores-mascarillas-faciales-hidrogel","status":"publish","type":"post","link":"https:\/\/www.primor.eu\/blog\/mejores-mascarillas-faciales-hidrogel\/","title":{"rendered":"Las 8 mejores mascarillas faciales de hidrogel"},"content":{"rendered":"\n<p>Una <a href=\"https:\/\/www.primor.eu\/blog\/mejores-masacarillas-faciales\/?srsltid=AfmBOoph8yICtXZSN4SdYAqktD72UCSpFMs0vT0MoV76r2dj5nqcbkdf\" data-type=\"link\" data-id=\"https:\/\/www.primor.eu\/blog\/mejores-masacarillas-faciales\/?srsltid=AfmBOoph8yICtXZSN4SdYAqktD72UCSpFMs0vT0MoV76r2dj5nqcbkdf\"><strong>mascarilla facial<\/strong> <\/a>de <strong>hidrogel<\/strong> sirve para hidratar tu piel en profundidad. Est\u00e1n impregnadas de<strong> activos<\/strong> que son altamente nutritivos para tu cutis. Es una forma de concentrar estos productos en una sola mascarilla y en una f\u00f3rmula muy completa.<\/p>\n\n\n\n<p>El hidrogel es una de las mejores alternativas para <strong>hidratar, calmar,<\/strong> mejorar la<strong> inflamaci\u00f3n<\/strong> y equilibrar tu piel.<\/p>\n\n\n\n<h2 class=\"wp-block-heading\">Mascarillas y parches de hidrogel de nuestra tienda<\/h2>\n\n\n        <product-table class=\"pr-slider\">\r\n            <product-headers class=\"grid-table-rows\">\r\n                <div>Foto<\/div>\r\n                <div>Producto<\/div>\r\n                <div>Marca<\/div>\r\n                <div>Valoraciones<\/div>\r\n                <div>Precio<\/div>\r\n            <\/product-headers>\r\n\r\n            <product-list>\r\n                                    <a href=\"https:\/\/www.primor.eu\/es_es\/idc-institute-gold-mascarilla-facial-con-colageno-15575.html\" class=\"product-item grid-table-rows\" target=\"_blank\">\r\n                        <div>\r\n                            <img decoding=\"async\" class=\"product-img\" width=\"80px\" height=\"80px\" src=\"https:\/\/cdn2.primor.eu\/media\/catalog\/product\/cache\/8d3aba296f7a18b5251ee30fa5db42b2\/0\/T\/0TF16542_1_5d62.jpg\" alt=\"Gold Mascarilla Facial con Col\u00e1geno\">\r\n                        <\/div>\r\n\r\n                        <!-- Contenido de producto  -->\r\n                        <div>\r\n                            <div class=\"product-position\">\r\n                                #1 Top Ventas                            <\/div>\r\n\r\n                            <h2>\r\n                                Gold Mascarilla Facial con Col\u00e1geno                            <\/h2>\r\n                        <\/div>\r\n\r\n                        <!-- Imagen y\/o nombre de la marca -->\r\n                        <div>\r\n                                                            <img decoding=\"async\" width=\"70\" src=\"https:\/\/www.primor.eu\/media\/catalog\/category\/793.jpg\" alt=\"\">\r\n                                                    <\/div>\r\n\r\n                        <!-- Puntuaci\u00f3n del producto  -->\r\n                        <div class=\"rating\">\r\n                                                            <div class=\"rate\" style=\"--p:96;\"><\/div>\r\n                                <b>4.8\/5<\/b>\r\n                                <div class=\"rate-stars\">\r\n                                                                            <div\r\n                                            class=\"rate-star  \">\r\n                                        <\/div>\r\n                                                                            <div\r\n                                            class=\"rate-star  \">\r\n                                        <\/div>\r\n                                                                            <div\r\n                                            class=\"rate-star  \">\r\n                                        <\/div>\r\n                                                                            <div\r\n                                            class=\"rate-star  \">\r\n                                        <\/div>\r\n                                                                            <div\r\n                                            class=\"rate-star  \">\r\n                                        <\/div>\r\n                                                                    <\/div>\r\n                                                    <\/div>\r\n\r\n                        <!-- Bot\u00f3n de producto  -->\r\n                        <div>\r\n                            <span class=\"price-claim\">\r\n                                VER PRECIO                            <\/span>\r\n                        <\/div>\r\n                    <\/a>\r\n                                    <a href=\"https:\/\/www.primor.eu\/es_es\/the-fruit-company-mascarilla-facial-hidrogel-reafirmante-coco-123212.html\" class=\"product-item grid-table-rows\" target=\"_blank\">\r\n                        <div>\r\n                            <img decoding=\"async\" class=\"product-img\" width=\"80px\" height=\"80px\" src=\"https:\/\/cdn2.primor.eu\/media\/catalog\/product\/cache\/8d3aba296f7a18b5251ee30fa5db42b2\/8\/4\/8436559719780_2bda.jpg\" alt=\"Mascarilla Facial Hidrogel Reafirmante Coco\">\r\n                        <\/div>\r\n\r\n                        <!-- Contenido de producto  -->\r\n                        <div>\r\n                            <div class=\"product-position\">\r\n                                #2                            <\/div>\r\n\r\n                            <h2>\r\n                                Mascarilla Facial Hidrogel Reafirmante Coco                            <\/h2>\r\n                        <\/div>\r\n\r\n                        <!-- Imagen y\/o nombre de la marca -->\r\n                        <div>\r\n                                                            <img decoding=\"async\" width=\"70\" src=\"https:\/\/www.primor.eu\/media\/catalog\/category\/the-fruit-company.jpg\" alt=\"\">\r\n                                                    <\/div>\r\n\r\n                        <!-- Puntuaci\u00f3n del producto  -->\r\n                        <div class=\"rating\">\r\n                                                            <div class=\"rate\" style=\"--p:100;\"><\/div>\r\n                                <b>5\/5<\/b>\r\n                                <div class=\"rate-stars\">\r\n                                                                            <div\r\n                                            class=\"rate-star  \">\r\n                                        <\/div>\r\n                                                                            <div\r\n                                            class=\"rate-star  \">\r\n                                        <\/div>\r\n                                                                            <div\r\n                                            class=\"rate-star  \">\r\n                                        <\/div>\r\n                                                                            <div\r\n                                            class=\"rate-star  \">\r\n                                        <\/div>\r\n                                                                            <div\r\n                                            class=\"rate-star  \">\r\n                                        <\/div>\r\n                                                                    <\/div>\r\n                                                    <\/div>\r\n\r\n                        <!-- Bot\u00f3n de producto  -->\r\n                        <div>\r\n                            <span class=\"price-claim\">\r\n                                VER PRECIO                            <\/span>\r\n                        <\/div>\r\n                    <\/a>\r\n                                    <a href=\"https:\/\/www.primor.eu\/es_es\/beauty-drops-mascarilla-de-ojos-orange-vitamina-c-76066.html\" class=\"product-item grid-table-rows\" target=\"_blank\">\r\n                        <div>\r\n                            <img decoding=\"async\" class=\"product-img\" width=\"80px\" height=\"80px\" src=\"https:\/\/cdn2.primor.eu\/media\/catalog\/product\/cache\/8d3aba296f7a18b5251ee30fa5db42b2\/m\/a\/mascarilla_de_ojos_orange_vitamin_d548.jpg\" alt=\"Mascarilla de Ojos Orange Vitamina C\">\r\n                        <\/div>\r\n\r\n                        <!-- Contenido de producto  -->\r\n                        <div>\r\n                            <div class=\"product-position\">\r\n                                #3                            <\/div>\r\n\r\n                            <h2>\r\n                                Mascarilla de Ojos Orange Vitamina C                            <\/h2>\r\n                        <\/div>\r\n\r\n                        <!-- Imagen y\/o nombre de la marca -->\r\n                        <div>\r\n                                                            <img decoding=\"async\" width=\"70\" src=\"https:\/\/www.primor.eu\/media\/catalog\/category\/beauty_Drops.png\" alt=\"\">\r\n                                                    <\/div>\r\n\r\n                        <!-- Puntuaci\u00f3n del producto  -->\r\n                        <div class=\"rating\">\r\n                                                            <div class=\"rate\" style=\"--p:100;\"><\/div>\r\n                                <b>5\/5<\/b>\r\n                                <div class=\"rate-stars\">\r\n                                                                            <div\r\n                                            class=\"rate-star  \">\r\n                                        <\/div>\r\n                                                                            <div\r\n                                            class=\"rate-star  \">\r\n                                        <\/div>\r\n                                                                            <div\r\n                                            class=\"rate-star  \">\r\n                                        <\/div>\r\n                                                                            <div\r\n                                            class=\"rate-star  \">\r\n                                        <\/div>\r\n                                                                            <div\r\n                                            class=\"rate-star  \">\r\n                                        <\/div>\r\n                                                                    <\/div>\r\n                                                    <\/div>\r\n\r\n                        <!-- Bot\u00f3n de producto  -->\r\n                        <div>\r\n                            <span class=\"price-claim\">\r\n                                VER PRECIO                            <\/span>\r\n                        <\/div>\r\n                    <\/a>\r\n                                    <a href=\"https:\/\/www.primor.eu\/es_es\/glam-of-sweden-mascarilla-de-colageno-contorno-de-ojos-gold-60528.html\" class=\"product-item grid-table-rows\" target=\"_blank\">\r\n                        <div>\r\n                            <img decoding=\"async\" class=\"product-img\" width=\"80px\" height=\"80px\" src=\"https:\/\/cdn2.primor.eu\/media\/catalog\/product\/cache\/8d3aba296f7a18b5251ee30fa5db42b2\/0\/T\/0TF22583_1_e85f.jpg\" alt=\"Mascarilla de Col\u00e1geno Contorno de Ojos Gold\">\r\n                        <\/div>\r\n\r\n                        <!-- Contenido de producto  -->\r\n                        <div>\r\n                            <div class=\"product-position\">\r\n                                #4                            <\/div>\r\n\r\n                            <h2>\r\n                                Mascarilla de Col\u00e1geno Contorno de Ojos Gold                            <\/h2>\r\n                        <\/div>\r\n\r\n                        <!-- Imagen y\/o nombre de la marca -->\r\n                        <div>\r\n                                                            <img decoding=\"async\" width=\"70\" src=\"https:\/\/www.primor.eu\/media\/catalog\/category\/glam_of_sweden.jpg\" alt=\"\">\r\n                                                    <\/div>\r\n\r\n                        <!-- Puntuaci\u00f3n del producto  -->\r\n                        <div class=\"rating\">\r\n                                                            <div class=\"rate\" style=\"--p:94;\"><\/div>\r\n                                <b>4.7\/5<\/b>\r\n                                <div class=\"rate-stars\">\r\n                                                                            <div\r\n                                            class=\"rate-star  \">\r\n                                        <\/div>\r\n                                                                            <div\r\n                                            class=\"rate-star  \">\r\n                                        <\/div>\r\n                                                                            <div\r\n                                            class=\"rate-star  \">\r\n                                        <\/div>\r\n                                                                            <div\r\n                                            class=\"rate-star  \">\r\n                                        <\/div>\r\n                                                                            <div\r\n                                            class=\"rate-star  \">\r\n                                        <\/div>\r\n                                                                    <\/div>\r\n                                                    <\/div>\r\n\r\n                        <!-- Bot\u00f3n de producto  -->\r\n                        <div>\r\n                            <span class=\"price-claim\">\r\n                                VER PRECIO                            <\/span>\r\n                        <\/div>\r\n                    <\/a>\r\n                                    <a href=\"https:\/\/www.primor.eu\/es_es\/erne-mascarilla-labial-de-hidrogel-97877.html\" class=\"product-item grid-table-rows\" target=\"_blank\">\r\n                        <div>\r\n                            <img decoding=\"async\" class=\"product-img\" width=\"80px\" height=\"80px\" src=\"https:\/\/cdn2.primor.eu\/media\/catalog\/product\/cache\/8d3aba296f7a18b5251ee30fa5db42b2\/5\/9\/5906874002520_ERNE_HYDROZELOWA_MASKA_NA_USTA_1SZT_1_63c1.png\" alt=\"Mascarilla Labial de Hidrogel\">\r\n                        <\/div>\r\n\r\n                        <!-- Contenido de producto  -->\r\n                        <div>\r\n                            <div class=\"product-position\">\r\n                                #5                            <\/div>\r\n\r\n                            <h2>\r\n                                Mascarilla Labial de Hidrogel                            <\/h2>\r\n                        <\/div>\r\n\r\n                        <!-- Imagen y\/o nombre de la marca -->\r\n                        <div>\r\n                                                            <p class=\"brand-name\"><b><\/b><\/p>\r\n                                                    <\/div>\r\n\r\n                        <!-- Puntuaci\u00f3n del producto  -->\r\n                        <div class=\"rating\">\r\n                                                            <div class=\"rate\" style=\"--p:100;\"><\/div>\r\n                                <b>5\/5<\/b>\r\n                                <div class=\"rate-stars\">\r\n                                                                            <div\r\n                                            class=\"rate-star  \">\r\n                                        <\/div>\r\n                                                                            <div\r\n                                            class=\"rate-star  \">\r\n                                        <\/div>\r\n                                                                            <div\r\n                                            class=\"rate-star  \">\r\n                                        <\/div>\r\n                                                                            <div\r\n                                            class=\"rate-star  \">\r\n                                        <\/div>\r\n                                                                            <div\r\n                                            class=\"rate-star  \">\r\n                                        <\/div>\r\n                                                                    <\/div>\r\n                                                    <\/div>\r\n\r\n                        <!-- Bot\u00f3n de producto  -->\r\n                        <div>\r\n                            <span class=\"price-claim\">\r\n                                VER PRECIO                            <\/span>\r\n                        <\/div>\r\n                    <\/a>\r\n                            <\/product-list>\r\n        <\/product-table>\r\n\r\n        \n\n\n\n<h3 class=\"wp-block-heading\">Gold Mascarilla Facial con Col\u00e1geno de IDC Institute<\/h3>\n\n\n\n<p>Es una mascarilla para tu cutis que nutre e hidrata proporcionando un rostro suave, bello, cuidado y con un efecto anti-edad que te encantar\u00e1. Es una m\u00e1scara facial de hidrogel con \u00e1cido hialur\u00f3nico, vitamina C y col\u00e1geno para obtener un cutis terso, flexible, joven y con un aspecto radiante.<\/p>\n\n\n\n<p>Nota: No usar en pieles irritadas y en caso de irritaci\u00f3n suspender su uso y aclarar con abundante agua.<\/p>\n\n\n    <a class='product' target='_blank' href='https:\/\/www.primor.eu\/es_es\/idc-institute-gold-mascarilla-facial-con-colageno-15575.html'>\r\n        <img loading='async' src='https:\/\/cdn2.primor.eu\/media\/catalog\/product\/cache\/8d3aba296f7a18b5251ee30fa5db42b2\/0\/T\/0TF16542_1_5d62.jpg' alt='COMPRAR AHORA'>\r\n            <div class=\"claim\">\r\n                COMPRAR AHORA            <\/div>\r\n        <\/a>\r\n    \n\n\n<h3 class=\"wp-block-heading\">Mascarilla Facial Hidrogel Reafirmante Coco de The Fruit Company<\/h3>\n\n\n\n<p>Dise\u00f1ada para tonificar y revitalizar la piel de manera efectiva. Combina col\u00e1geno hidrolizado, centella asi\u00e1tica, \u00e1cido hialur\u00f3nico y extracto de aceite de coco para ofrecer una piel m\u00e1s firme y nutrida.<\/p>\n\n\n\n<p>El formato hidrogel de la mascarilla facial reafirmante facilita la absorci\u00f3n de los activos, maximizando los beneficios reafirmantes y revitalizantes. Con cada aplicaci\u00f3n, ayuda a mejorar la elasticidad y textura de la piel, dej\u00e1ndola suave y revitalizada.<\/p>\n\n\n    <a class='product' target='_blank' href='https:\/\/www.primor.eu\/es_es\/the-fruit-company-mascarilla-facial-hidrogel-reafirmante-coco-123212.html'>\r\n        <img loading='async' src='https:\/\/cdn2.primor.eu\/media\/catalog\/product\/cache\/8d3aba296f7a18b5251ee30fa5db42b2\/8\/4\/8436559719780_2bda.jpg' alt='COMPRAR AHORA'>\r\n            <div class=\"claim\">\r\n                COMPRAR AHORA            <\/div>\r\n        <\/a>\r\n    \n\n\n<h3 class=\"wp-block-heading\">Mascarilla de Ojos Orange Vitamina C de Beauty Drops<\/h3>\n\n\n\n<p>Son parches de hidrogel revitalizantes dise\u00f1ados para el cuidado intensivo de los ojos. Este tratamiento rejuvenecedor est\u00e1 formulado con extractos naturales de plantas y vitamina C, que ayudan a revitalizar la piel del contorno de los ojos y aportar luminosidad a la mirada.<\/p>\n\n\n\n<p>Los parches de cristal de col\u00e1geno y vitamina C, prehumedecidos con fitocol\u00e1geno derivado de la tecnolog\u00eda de biofermentaci\u00f3n, contribuyen a la reposici\u00f3n de col\u00e1geno, la hidrataci\u00f3n y la reducci\u00f3n de arrugas.<\/p>\n\n\n\n<p>Incorpora esta mascarilla a tu rutina de cuidado facial para revitalizar y refrescar la delicada piel alrededor de los ojos, dejando una mirada radiante y rejuvenecida.<\/p>\n\n\n    <a class='product' target='_blank' href='https:\/\/www.primor.eu\/es_es\/beauty-drops-mascarilla-de-ojos-orange-vitamina-c-76066.html'>\r\n        <img loading='async' src='https:\/\/cdn2.primor.eu\/media\/catalog\/product\/cache\/8d3aba296f7a18b5251ee30fa5db42b2\/m\/a\/mascarilla_de_ojos_orange_vitamin_d548.jpg' alt='COMPRAR AHORA'>\r\n            <div class=\"claim\">\r\n                COMPRAR AHORA            <\/div>\r\n        <\/a>\r\n    \n\n\n<h3 class=\"wp-block-heading\">Mascarilla de Col\u00e1geno Contorno de Ojos Gold de Glam of Sweden<\/h3>\n\n\n\n<p>Parches de hidrogel que reduce l\u00edneas finas y reafirma la piel del contorno de ojos.<\/p>\n\n\n\n<p>Aplique y deje actuar durante unos 10 minutos.<\/p>\n\n\n\n<p>Si tiende a tener los ojos hinchados, mantenga la Mascarilla de Col\u00e1geno Contorno de Ojos en la nevera durante 30 minutos antes de aplicarla para lograr un efecto refrescante.<\/p>\n\n\n    <a class='product' target='_blank' href='https:\/\/www.primor.eu\/es_es\/glam-of-sweden-mascarilla-de-colageno-contorno-de-ojos-gold-60528.html'>\r\n        <img loading='async' src='https:\/\/cdn2.primor.eu\/media\/catalog\/product\/cache\/8d3aba296f7a18b5251ee30fa5db42b2\/0\/T\/0TF22583_1_e85f.jpg' alt='COMPRAR AHORA'>\r\n            <div class=\"claim\">\r\n                COMPRAR AHORA            <\/div>\r\n        <\/a>\r\n    \n\n\n<h3 class=\"wp-block-heading\">Mascarilla Labial de Hidrogel de \u00c9rn\u00e8<\/h3>\n\n\n\n<p>Una mascarilla labial de hidrogel es la soluci\u00f3n para unos labios firmes, perfectamente hidratados y regenerados. El extracto de Centella Asi\u00e1tica favorece la s\u00edntesis de col\u00e1geno en la piel, por lo que tiene un efecto antiarrugas. El extracto de romero reafirma los labios y mejora la microcirculaci\u00f3n.<\/p>\n\n\n    <a class='product' target='_blank' href='https:\/\/www.primor.eu\/es_es\/erne-mascarilla-labial-de-hidrogel-97877.html'>\r\n        <img loading='async' src='https:\/\/cdn2.primor.eu\/media\/catalog\/product\/cache\/8d3aba296f7a18b5251ee30fa5db42b2\/5\/9\/5906874002520_ERNE_HYDROZELOWA_MASKA_NA_USTA_1SZT_1_63c1.png' alt='COMPRAR AHORA'>\r\n            <div class=\"claim\">\r\n                COMPRAR AHORA            <\/div>\r\n        <\/a>\r\n    \n\n\n<h3 class=\"wp-block-heading\">Hello Kitty Mascarilla Voluminizadora de Labios de Hidrogel de Take Care<\/h3>\n\n\n\n<p>La&nbsp;<strong>Mascarilla de Hidrogel Voluminizadora TAKE CARE Hello Kitty&nbsp;<\/strong>est\u00e1 dise\u00f1ada para hidratar intensamente, suavizar y dar un efecto repulpante visible en minutos.<\/p>\n\n\n\n<ul class=\"wp-block-list\">\n<li><strong>Con \u00e1cido hialur\u00f3nico<\/strong>, que hidrata profundamente y mejora la elasticidad de los labios.<\/li>\n\n\n\n<li><strong>Efecto voluminizador y alisante<\/strong>, para unos labios m\u00e1s suaves, lisos y definidos.<\/li>\n\n\n\n<li><strong>Nutre y calma<\/strong>, ideal para labios secos o deshidratados.<\/li>\n\n\n\n<li><strong>Vegano &amp; Dermatol\u00f3gicamente testado.<\/strong><\/li>\n<\/ul>\n\n\n\n<p>Perfecta como parte de tu rutina de belleza o antes de aplicar tu labial favorito.&nbsp;<\/p>\n\n\n    <a class='product' target='_blank' href='https:\/\/www.primor.eu\/es_es\/take-care-hello-kitty-mascarilla-voluminizadora-de-labios-de-hidrogel-130198.html'>\r\n        <img loading='async' src='https:\/\/cdn2.primor.eu\/media\/catalog\/product\/cache\/8d3aba296f7a18b5251ee30fa5db42b2\/4\/0\/40509395_c76d.jpg' alt='COMPRAR AHORA'>\r\n            <div class=\"claim\">\r\n                COMPRAR AHORA            <\/div>\r\n        <\/a>\r\n    \n\n\n<h3 class=\"wp-block-heading\">Collagen Nude Mascarilla Facial Hidrogel de Mediheal<\/h3>\n\n\n\n<p>Mascarilla facial hidrogel transparente con efecto nutritivo y refrescante dise\u00f1ada para mejorar la elasticidad, aportar firmeza y dejar la piel visiblemente m\u00e1s hidratada y confortable desde la primera aplicaci\u00f3n. Su innovadora l\u00e1mina de hidrogel con relieve se adhiere intensamente al rostro, sellando la humedad para potenciar la absorci\u00f3n de los activos y evitar la evaporaci\u00f3n del s\u00e9rum. <\/p>\n\n\n\n<p>Formulada con un tr\u00edo de col\u00e1genos \u2014col\u00e1geno de bajo peso molecular (500Da), col\u00e1geno derivado de salm\u00f3n (Atelo Collagen) y col\u00e1geno vegetal\u2014, proporciona un cuidado completo que ayuda a suavizar la textura y devolver un aspecto m\u00e1s tersa y saludable a la piel. Adem\u00e1s, incorpora el Aqua Cooling Complex, que ayuda a reducir la temperatura de la piel y calmarla frente a irritaciones y agresores externos, ofreciendo una sensaci\u00f3n de frescor inmediata.<\/p>\n\n\n    <a class='product' target='_blank' href='https:\/\/www.primor.eu\/es_es\/mediheal-collagen-nude-mascarilla-facial-hidrogel-142741.html'>\r\n        <img loading='async' src='https:\/\/cdn2.primor.eu\/media\/catalog\/product\/cache\/8d3aba296f7a18b5251ee30fa5db42b2\/_\/0\/_0003_8809615058442_9c6a.jpg' alt='COMPRAR AHORA'>\r\n            <div class=\"claim\">\r\n                COMPRAR AHORA            <\/div>\r\n        <\/a>\r\n    \n\n\n<h3 class=\"wp-block-heading\">Hidrogel Glam Lip Mask Mascarilla Labial Rosa de Rose &amp; Rose<\/h3>\n\n\n\n<p>Ha sido formulada para aportar hidrataci\u00f3n y cuidado a los labios. Contiene extracto de rosas, un ingrediente que ayuda a mantener los labios suaves y protegidos.<\/p>\n\n\n\n<p>Gracias a su formato en hidrogel, la mascarilla labial se adapta con facilidad a la forma de los labios, permitiendo una aplicaci\u00f3n c\u00f3moda. Usar con frecuencia Hidrogel Glam Lip Mask Mascarilla Labial Rosa favorece una hidrataci\u00f3n prolongada.<\/p>\n\n\n    <a class='product' target='_blank' href='https:\/\/www.primor.eu\/es_es\/rose-rose-mascarilla-labial-rosa-128682.html'>\r\n        <img loading='async' src='https:\/\/cdn2.primor.eu\/media\/catalog\/product\/cache\/8d3aba296f7a18b5251ee30fa5db42b2\/l\/a\/labial_rosa_37b0.png' alt='COMPRAR AHORA'>\r\n            <div class=\"claim\">\r\n                COMPRAR AHORA            <\/div>\r\n        <\/a>\r\n    \n\n<div class=\"kk-star-ratings kksr-auto kksr-align-center kksr-valign-bottom\"\n    data-payload='{&quot;align&quot;:&quot;center&quot;,&quot;id&quot;:&quot;127876&quot;,&quot;slug&quot;:&quot;default&quot;,&quot;valign&quot;:&quot;bottom&quot;,&quot;ignore&quot;:&quot;&quot;,&quot;reference&quot;:&quot;auto&quot;,&quot;class&quot;:&quot;&quot;,&quot;count&quot;:&quot;0&quot;,&quot;legendonly&quot;:&quot;&quot;,&quot;readonly&quot;:&quot;&quot;,&quot;score&quot;:&quot;0&quot;,&quot;starsonly&quot;:&quot;&quot;,&quot;best&quot;:&quot;5&quot;,&quot;gap&quot;:&quot;5&quot;,&quot;greet&quot;:&quot;Valora este art\u00edculo&quot;,&quot;legend&quot;:&quot;0\\\/5 - (0 votos)&quot;,&quot;size&quot;:&quot;24&quot;,&quot;title&quot;:&quot;Las 8 mejores mascarillas faciales de hidrogel&quot;,&quot;width&quot;:&quot;0&quot;,&quot;_legend&quot;:&quot;{score}\\\/{best} - ({count} {votes})&quot;,&quot;font_factor&quot;:&quot;1.25&quot;}'>\n            \n<div class=\"kksr-stars\">\n    \n<div class=\"kksr-stars-inactive\">\n            <div class=\"kksr-star\" data-star=\"1\" style=\"padding-right: 5px\">\n            \n\n<div class=\"kksr-icon\" style=\"width: 24px; height: 24px;\"><\/div>\n        <\/div>\n            <div class=\"kksr-star\" data-star=\"2\" style=\"padding-right: 5px\">\n            \n\n<div class=\"kksr-icon\" style=\"width: 24px; height: 24px;\"><\/div>\n        <\/div>\n            <div class=\"kksr-star\" data-star=\"3\" style=\"padding-right: 5px\">\n            \n\n<div class=\"kksr-icon\" style=\"width: 24px; height: 24px;\"><\/div>\n        <\/div>\n            <div class=\"kksr-star\" data-star=\"4\" style=\"padding-right: 5px\">\n            \n\n<div class=\"kksr-icon\" style=\"width: 24px; height: 24px;\"><\/div>\n        <\/div>\n            <div class=\"kksr-star\" data-star=\"5\" style=\"padding-right: 5px\">\n            \n\n<div class=\"kksr-icon\" style=\"width: 24px; height: 24px;\"><\/div>\n        <\/div>\n    <\/div>\n    \n<div class=\"kksr-stars-active\" style=\"width: 0px;\">\n            <div class=\"kksr-star\" style=\"padding-right: 5px\">\n            \n\n<div class=\"kksr-icon\" style=\"width: 24px; height: 24px;\"><\/div>\n        <\/div>\n            <div class=\"kksr-star\" style=\"padding-right: 5px\">\n            \n\n<div class=\"kksr-icon\" style=\"width: 24px; height: 24px;\"><\/div>\n        <\/div>\n            <div class=\"kksr-star\" style=\"padding-right: 5px\">\n            \n\n<div class=\"kksr-icon\" style=\"width: 24px; height: 24px;\"><\/div>\n        <\/div>\n            <div class=\"kksr-star\" style=\"padding-right: 5px\">\n            \n\n<div class=\"kksr-icon\" style=\"width: 24px; height: 24px;\"><\/div>\n        <\/div>\n            <div class=\"kksr-star\" style=\"padding-right: 5px\">\n            \n\n<div class=\"kksr-icon\" style=\"width: 24px; height: 24px;\"><\/div>\n        <\/div>\n    <\/div>\n<\/div>\n                \n\n<div class=\"kksr-legend\" style=\"font-size: 19.2px;\">\n            <span class=\"kksr-muted\">Valora este art\u00edculo<\/span>\n    <\/div>\n    <\/div>\n","protected":false},"excerpt":{"rendered":"<p>Una mascarilla facial de hidrogel sirve para hidratar tu piel en profundidad. Est\u00e1n impregnadas de activos que son altamente nutritivos para tu cutis. Es una forma de concentrar estos productos en una sola mascarilla y en una f\u00f3rmula muy completa. El hidrogel es una de las mejores alternativas para hidratar, calmar, mejorar la inflamaci\u00f3n y [&hellip;]<\/p>\n","protected":false},"author":30,"featured_media":127884,"comment_status":"closed","ping_status":"closed","sticky":false,"template":"","format":"standard","meta":{"jnews-multi-image_gallery":[],"jnews_single_post":{"format":"standard"},"jnews_primary_category":[],"jnews_social_meta":[],"jnews_override_counter":[],"footnotes":""},"categories":[29],"tags":[],"class_list":["post-127876","post","type-post","status-publish","format-standard","has-post-thumbnail","hentry","category-cosmetica"],"_links":{"self":[{"href":"https:\/\/www.primor.eu\/blog\/wp-json\/wp\/v2\/posts\/127876","targetHints":{"allow":["GET"]}}],"collection":[{"href":"https:\/\/www.primor.eu\/blog\/wp-json\/wp\/v2\/posts"}],"about":[{"href":"https:\/\/www.primor.eu\/blog\/wp-json\/wp\/v2\/types\/post"}],"author":[{"embeddable":true,"href":"https:\/\/www.primor.eu\/blog\/wp-json\/wp\/v2\/users\/30"}],"replies":[{"embeddable":true,"href":"https:\/\/www.primor.eu\/blog\/wp-json\/wp\/v2\/comments?post=127876"}],"version-history":[{"count":3,"href":"https:\/\/www.primor.eu\/blog\/wp-json\/wp\/v2\/posts\/127876\/revisions"}],"predecessor-version":[{"id":141356,"href":"https:\/\/www.primor.eu\/blog\/wp-json\/wp\/v2\/posts\/127876\/revisions\/141356"}],"wp:featuredmedia":[{"embeddable":true,"href":"https:\/\/www.primor.eu\/blog\/wp-json\/wp\/v2\/media\/127884"}],"wp:attachment":[{"href":"https:\/\/www.primor.eu\/blog\/wp-json\/wp\/v2\/media?parent=127876"}],"wp:term":[{"taxonomy":"category","embeddable":true,"href":"https:\/\/www.primor.eu\/blog\/wp-json\/wp\/v2\/categories?post=127876"},{"taxonomy":"post_tag","embeddable":true,"href":"https:\/\/www.primor.eu\/blog\/wp-json\/wp\/v2\/tags?post=127876"}],"curies":[{"name":"wp","href":"https:\/\/api.w.org\/{rel}","templated":true}]}}