{"id":127680,"date":"2025-06-23T10:15:04","date_gmt":"2025-06-23T10:15:04","guid":{"rendered":"https:\/\/www.primor.eu\/blog\/?p=127680"},"modified":"2025-06-19T10:23:08","modified_gmt":"2025-06-19T10:23:08","slug":"zonas-azules-longevidad","status":"publish","type":"post","link":"https:\/\/www.primor.eu\/blog\/zonas-azules-longevidad\/","title":{"rendered":"Zonas azules: qu\u00e9 son y por qu\u00e9 debemos fijarnos en ellas para aumentar nuestra longevidad"},"content":{"rendered":"\n<p>Puede que hayas o\u00eddo hablar de ellas o puede que no. El t\u00e9rmino <strong>zonas azules <\/strong>se refiere a regiones geogr\u00e1ficas en las que las personas viven m\u00e1s tiempo y con mejor salud. Son lugares donde una proporci\u00f3n significativa de la poblaci\u00f3n supera los 90 e incluso los 100 a\u00f1os, con buena calidad de vida, autonom\u00eda funcional y tasas bajas de enfermedades cr\u00f3nicas.<\/p>\n\n\n\n<p>Estudiar estas zonas permite entender <strong>qu\u00e9 factores concretos influyen en la longevidad.<\/strong> Aunque la <strong>gen\u00e9tica<\/strong> tiene un papel, el <strong>estilo de vida<\/strong>, la <strong>alimentaci\u00f3n<\/strong>, el <strong>entorno<\/strong> y los <strong>h\u00e1bitos diarios<\/strong> son determinantes. Incorporar pr\u00e1cticas inspiradas en las zonas azules puede mejorar la esperanza y calidad de vida de cualquier persona, sin necesidad de cambiar de pa\u00eds.<\/p>\n\n\n\n<h2 class=\"wp-block-heading\">\u00bfD\u00f3nde est\u00e1n las zonas azules?<\/h2>\n\n\n\n<p>Hasta la fecha, se han identificado cinco zonas azules en el mundo:<\/p>\n\n\n\n<ul class=\"wp-block-list\">\n<li><strong>Okinawa (Jap\u00f3n)<\/strong><\/li>\n\n\n\n<li><strong>Cerde\u00f1a (Italia)<\/strong><\/li>\n\n\n\n<li><strong>Ikaria (Grecia)<\/strong><\/li>\n\n\n\n<li><strong>Nicoya (Costa Rica)<\/strong><\/li>\n\n\n\n<li><strong>Loma Linda (California, EE. UU.)<\/strong><\/li>\n<\/ul>\n\n\n\n<p>A pesar de sus diferencias culturales y geogr\u00e1ficas, comparten varias caracter\u00edsticas comunes relacionadas con el estilo de vida que explican su alto \u00edndice de longevidad.<\/p>\n\n\n\n<h2 class=\"wp-block-heading\">Caracter\u00edsticas comunes de las zonas azules<\/h2>\n\n\n\n<h3 class=\"wp-block-heading\">1\/ Alimentaci\u00f3n basada en vegetales<\/h3>\n\n\n\n<p>Las dietas de estas regiones se centran en productos frescos, locales y de temporada. Predominan frutas, verduras, legumbres, cereales integrales y grasas saludables como el aceite de oliva. El consumo de carne roja es bajo, y las raciones tienden a ser moderadas.<\/p>\n\n\n\n<h3 class=\"wp-block-heading\">2\/ Actividad f\u00edsica constante, no estructurada<\/h3>\n\n\n\n<p>Las personas no suelen hacer ejercicio de forma programada, pero se mantienen activas durante el d\u00eda. Caminar, subir cuestas, trabajar en el huerto o hacer tareas dom\u00e9sticas forman parte de su rutina diaria.<\/p>\n\n\n\n<h3 class=\"wp-block-heading\">3\/ Fuertes v\u00ednculos sociales y familiares<\/h3>\n\n\n\n<p>El sentido de comunidad y las relaciones personales estables tienen un efecto positivo en la salud mental y emocional. El apoyo mutuo y la interacci\u00f3n frecuente son constantes en estas poblaciones.<\/p>\n\n\n\n<h3 class=\"wp-block-heading\">4\/ No hay (casi) estr\u00e9s<\/h3>\n\n\n\n<p>Cada zona tiene su propia forma de desconectar o reducir la tensi\u00f3n: desde la oraci\u00f3n hasta la siesta o los rituales diarios. La gesti\u00f3n del estr\u00e9s forma parte de su cultura.<\/p>\n\n\n\n<h3 class=\"wp-block-heading\">5\/ Prop\u00f3sito de vida claro<\/h3>\n\n\n\n<p>En Okinawa se llama ikigai y en Nicoya, plan de vida. Tener una raz\u00f3n para levantarse cada d\u00eda, especialmente en edades avanzadas, se asocia con una mejor salud f\u00edsica y mental.<\/p>\n\n\n\n<h3 class=\"wp-block-heading\">6\/ Consumo moderado de alcohol<\/h3>\n\n\n\n<p>En general, se permite el consumo de vino u otras bebidas alcoh\u00f3licas, pero siempre en peque\u00f1as cantidades y con frecuencia moderada, normalmente acompa\u00f1ado de comida y en un entorno social.<\/p>\n\n\n\n<h2 class=\"wp-block-heading\">\u00bfPor qu\u00e9 deber\u00edamos fijarnos en estas zonas?<\/h2>\n\n\n\n<p>Los datos respaldan que quienes adoptan h\u00e1bitos similares a los de las zonas azules tienen una <strong>mayor probabilidad de vivir m\u00e1s a\u00f1os con buena salud.<\/strong> Estos patrones no requieren inversiones econ\u00f3micas altas ni rutinas complejas. Se basan en decisiones simples, repetidas de forma constante. Aplicar principios de las zonas azules en la vida cotidiana puede traducirse en:<\/p>\n\n\n\n<ul class=\"wp-block-list\">\n<li>Se reduce el riesgo cardiovascular y metab\u00f3lico.<\/li>\n\n\n\n<li>Hay menor incidencia de enfermedades neurodegenerativas.<\/li>\n\n\n\n<li>Hay un mejor estado an\u00edmico y mayor bienestar general.<\/li>\n\n\n\n<li>El envejecimiento es m\u00e1s lento a nivel celular.<\/li>\n<\/ul>\n\n\n\n<h2 class=\"wp-block-heading\">\u00bfQu\u00e9 podemos adaptar f\u00e1cilmente?<\/h2>\n\n\n\n<ul class=\"wp-block-list\">\n<li>Identificar y reforzar un prop\u00f3sito personal o profesional.<\/li>\n\n\n\n<li>Priorizar una dieta con m\u00e1s verduras, frutas y legumbres.<\/li>\n\n\n\n<li>Caminar al menos 30 minutos al d\u00eda.<\/li>\n\n\n\n<li>Mantener contacto frecuente con amigos o familiares.<\/li>\n\n\n\n<li>Incorporar una rutina de descanso breve durante el d\u00eda.<\/li>\n<\/ul>\n\n\n<div class=\"kk-star-ratings kksr-auto kksr-align-center kksr-valign-bottom\"\n    data-payload='{&quot;align&quot;:&quot;center&quot;,&quot;id&quot;:&quot;127680&quot;,&quot;slug&quot;:&quot;default&quot;,&quot;valign&quot;:&quot;bottom&quot;,&quot;ignore&quot;:&quot;&quot;,&quot;reference&quot;:&quot;auto&quot;,&quot;class&quot;:&quot;&quot;,&quot;count&quot;:&quot;0&quot;,&quot;legendonly&quot;:&quot;&quot;,&quot;readonly&quot;:&quot;&quot;,&quot;score&quot;:&quot;0&quot;,&quot;starsonly&quot;:&quot;&quot;,&quot;best&quot;:&quot;5&quot;,&quot;gap&quot;:&quot;5&quot;,&quot;greet&quot;:&quot;Valora este art\u00edculo&quot;,&quot;legend&quot;:&quot;0\\\/5 - (0 votos)&quot;,&quot;size&quot;:&quot;24&quot;,&quot;title&quot;:&quot;Zonas azules: qu\u00e9 son y por qu\u00e9 debemos fijarnos en ellas para aumentar nuestra longevidad&quot;,&quot;width&quot;:&quot;0&quot;,&quot;_legend&quot;:&quot;{score}\\\/{best} - ({count} {votes})&quot;,&quot;font_factor&quot;:&quot;1.25&quot;}'>\n            \n<div class=\"kksr-stars\">\n    \n<div class=\"kksr-stars-inactive\">\n            <div class=\"kksr-star\" data-star=\"1\" style=\"padding-right: 5px\">\n            \n\n<div class=\"kksr-icon\" style=\"width: 24px; height: 24px;\"><\/div>\n        <\/div>\n            <div class=\"kksr-star\" data-star=\"2\" style=\"padding-right: 5px\">\n            \n\n<div class=\"kksr-icon\" style=\"width: 24px; height: 24px;\"><\/div>\n        <\/div>\n            <div class=\"kksr-star\" data-star=\"3\" style=\"padding-right: 5px\">\n            \n\n<div class=\"kksr-icon\" style=\"width: 24px; height: 24px;\"><\/div>\n        <\/div>\n            <div class=\"kksr-star\" data-star=\"4\" style=\"padding-right: 5px\">\n            \n\n<div class=\"kksr-icon\" style=\"width: 24px; height: 24px;\"><\/div>\n        <\/div>\n            <div class=\"kksr-star\" data-star=\"5\" style=\"padding-right: 5px\">\n            \n\n<div class=\"kksr-icon\" style=\"width: 24px; height: 24px;\"><\/div>\n        <\/div>\n    <\/div>\n    \n<div class=\"kksr-stars-active\" style=\"width: 0px;\">\n            <div class=\"kksr-star\" style=\"padding-right: 5px\">\n            \n\n<div class=\"kksr-icon\" style=\"width: 24px; height: 24px;\"><\/div>\n        <\/div>\n            <div class=\"kksr-star\" style=\"padding-right: 5px\">\n            \n\n<div class=\"kksr-icon\" style=\"width: 24px; height: 24px;\"><\/div>\n        <\/div>\n            <div class=\"kksr-star\" style=\"padding-right: 5px\">\n            \n\n<div class=\"kksr-icon\" style=\"width: 24px; height: 24px;\"><\/div>\n        <\/div>\n            <div class=\"kksr-star\" style=\"padding-right: 5px\">\n            \n\n<div class=\"kksr-icon\" style=\"width: 24px; height: 24px;\"><\/div>\n        <\/div>\n            <div class=\"kksr-star\" style=\"padding-right: 5px\">\n            \n\n<div class=\"kksr-icon\" style=\"width: 24px; height: 24px;\"><\/div>\n        <\/div>\n    <\/div>\n<\/div>\n                \n\n<div class=\"kksr-legend\" style=\"font-size: 19.2px;\">\n            <span class=\"kksr-muted\">Valora este art\u00edculo<\/span>\n    <\/div>\n    <\/div>\n","protected":false},"excerpt":{"rendered":"<p>Puede que hayas o\u00eddo hablar de ellas o puede que no. El t\u00e9rmino zonas azules se refiere a regiones geogr\u00e1ficas en las que las personas viven m\u00e1s tiempo y con mejor salud. Son lugares donde una proporci\u00f3n significativa de la poblaci\u00f3n supera los 90 e incluso los 100 a\u00f1os, con buena calidad de vida, autonom\u00eda [&hellip;]<\/p>\n","protected":false},"author":14,"featured_media":127710,"comment_status":"closed","ping_status":"closed","sticky":false,"template":"","format":"standard","meta":{"jnews-multi-image_gallery":[],"jnews_single_post":{"format":"standard"},"jnews_primary_category":[],"jnews_social_meta":[],"jnews_override_counter":[],"footnotes":""},"categories":[6299],"tags":[],"class_list":["post-127680","post","type-post","status-publish","format-standard","has-post-thumbnail","hentry","category-bienestar"],"_links":{"self":[{"href":"https:\/\/www.primor.eu\/blog\/wp-json\/wp\/v2\/posts\/127680","targetHints":{"allow":["GET"]}}],"collection":[{"href":"https:\/\/www.primor.eu\/blog\/wp-json\/wp\/v2\/posts"}],"about":[{"href":"https:\/\/www.primor.eu\/blog\/wp-json\/wp\/v2\/types\/post"}],"author":[{"embeddable":true,"href":"https:\/\/www.primor.eu\/blog\/wp-json\/wp\/v2\/users\/14"}],"replies":[{"embeddable":true,"href":"https:\/\/www.primor.eu\/blog\/wp-json\/wp\/v2\/comments?post=127680"}],"version-history":[{"count":1,"href":"https:\/\/www.primor.eu\/blog\/wp-json\/wp\/v2\/posts\/127680\/revisions"}],"predecessor-version":[{"id":127713,"href":"https:\/\/www.primor.eu\/blog\/wp-json\/wp\/v2\/posts\/127680\/revisions\/127713"}],"wp:featuredmedia":[{"embeddable":true,"href":"https:\/\/www.primor.eu\/blog\/wp-json\/wp\/v2\/media\/127710"}],"wp:attachment":[{"href":"https:\/\/www.primor.eu\/blog\/wp-json\/wp\/v2\/media?parent=127680"}],"wp:term":[{"taxonomy":"category","embeddable":true,"href":"https:\/\/www.primor.eu\/blog\/wp-json\/wp\/v2\/categories?post=127680"},{"taxonomy":"post_tag","embeddable":true,"href":"https:\/\/www.primor.eu\/blog\/wp-json\/wp\/v2\/tags?post=127680"}],"curies":[{"name":"wp","href":"https:\/\/api.w.org\/{rel}","templated":true}]}}