{"id":127517,"date":"2025-06-20T06:48:48","date_gmt":"2025-06-20T06:48:48","guid":{"rendered":"https:\/\/www.primor.eu\/blog\/?p=127517"},"modified":"2025-06-13T07:16:28","modified_gmt":"2025-06-13T07:16:28","slug":"productos-consejos-equilibrar-cabello-graso","status":"publish","type":"post","link":"https:\/\/www.primor.eu\/blog\/productos-consejos-equilibrar-cabello-graso\/","title":{"rendered":"C\u00f3mo equilibrar el cabello graso: los mejores consejos y productos para hacerlo"},"content":{"rendered":"\n<p>Tener el <strong>pelo graso en verano<\/strong> no es f\u00e1cil (ni siempre igual). Llega un momento en el que parece que lo dominas, pero a la m\u00ednima, se revela. Te lo lavas por la ma\u00f1ana y a las seis de la tarde ya podr\u00edas fre\u00edr croquetas con la ra\u00edz. Te aplicas un s\u00e9rum en puntas y \u00a1bam!, todo el pelo parece reci\u00e9n salido de una sauna.<\/p>\n\n\n\n<p>Y claro, te pasas la vida en un ciclo sin fin: lavado, coleta, champ\u00fa seco, repetir. Y aunque no lo creas, <strong>eso puede estar empeorando la situaci\u00f3n<\/strong>. Porque s\u00ed, amiga: el pelo graso <strong>no se trata solo lavando m\u00e1s<\/strong>, sino <strong>lavando mejor<\/strong>. Y con un poco de estrategia (y productos adecuados), <strong>puedes equilibrar tu melena sin necesidad de huir del flequillo para siempre<\/strong>.<\/p>\n\n\n\n<p>En este art\u00edculo de Primor te dejo una gu\u00eda honesta, pr\u00e1ctica y con trucos que funcionan para que entiendas <strong>por qu\u00e9 tu pelo es as\u00ed<\/strong> y c\u00f3mo domarlo sin declararte en guerra.<\/p>\n\n\n\n<h2 class=\"wp-block-heading\">\u00bfPor qu\u00e9 tienes el cabello graso?<\/h2>\n\n\n\n<p>No es culpa tuya (del todo). El cuero cabelludo graso es el resultado de una sobreproducci\u00f3n de sebo por parte de las gl\u00e1ndulas seb\u00e1ceas. Y eso puede deberse a:<\/p>\n\n\n\n<ul class=\"wp-block-list\">\n<li>Factores gen\u00e9ticos (gracias, familia).<\/li>\n\n\n\n<li>Lavados demasiado frecuentes (s\u00ed, eso puede empeorar el problema).<\/li>\n\n\n\n<li>Uso de productos inadecuados o demasiado agresivos.<\/li>\n\n\n\n<li>Cambios hormonales, estr\u00e9s o dieta desequilibrada.<\/li>\n<\/ul>\n\n\n\n<p>El resultado son ra\u00edces grasas, puntas apagadas y una necesidad constante de hacer algo con este pelo.<\/p>\n\n\n\n<h2 class=\"wp-block-heading\">C\u00f3mo equilibrar el pelo graso en verano<\/h2>\n\n\n\n<h3 class=\"wp-block-heading\">1\/ Lava menos, pero lava mejor<\/h3>\n\n\n\n<p>S\u00ed, le\u00edste bien. Lavarlo cada d\u00eda con productos agresivos solo estimula m\u00e1s grasa. La clave est\u00e1 en usar <strong>champ\u00fas suaves, equilibrantes o detox<\/strong> que limpien sin arrasar.<\/p>\n\n\n\n<p>Y si no aguantas m\u00e1s de 24 horas, busca un champ\u00fa espec\u00edfico para uso frecuente\u2026 pero que no contenga sulfatos fuertes.<\/p>\n\n\n\n<h3 class=\"wp-block-heading\">2\/ No te olvides del cuero cabelludo<\/h3>\n\n\n\n<p>El cuero cabelludo es piel, y como tal, <strong>tambi\u00e9n necesita cuidados espec\u00edficos<\/strong>. Exfoliarlo una vez por semana con un exfoliante capilar ayuda a eliminar residuos de producto, c\u00e9lulas muertas y exceso de grasa acumulada.<\/p>\n\n\n\n<p>\u00bfEl resultado? Ra\u00edces m\u00e1s limpias por m\u00e1s tiempo. Y una sensaci\u00f3n de frescor capilar que es adictiva.<\/p>\n\n\n\n<h3 class=\"wp-block-heading\">3\/ Huye de los productos pesados<\/h3>\n\n\n\n<p>Mascarillas ultra nutritivas, aceites densos, s\u00e9rums con siliconas... todo eso es perfecto para cabello seco, pero para ti puede ser el beso de la muerte. Usa acondicionador solo de medios a puntas y busca f\u00f3rmulas ligeras, tipo gel o spray.<\/p>\n\n\n\n<p>Y si usas aceite capilar, que sea en microgotas y a una distancia segura del cuero cabelludo (muy segura).<\/p>\n\n\n\n<h3 class=\"wp-block-heading\">4\/ Champ\u00fa en seco: tu mejor aliado\u2026 si lo usas bien<\/h3>\n\n\n\n<p>\u00dasalo <strong>con moderaci\u00f3n y con estrategia<\/strong>. Apl\u00edcalo antes de dormir o justo al notar los primeros signos de grasa. Evita usarlo cinco d\u00edas seguidos y luego quejarte de que el cuero cabelludo se asfixia. Porque s\u00ed, eso pasa.<\/p>\n\n\n\n<h3 class=\"wp-block-heading\">5\/ No toques tu pelo cada dos minutos<\/h3>\n\n\n\n<p>Tus manos tienen grasa. Cuanto m\u00e1s lo toques, m\u00e1s lo ensucias. As\u00ed que: adi\u00f3s a pasarte los dedos por el flequillo como si estuvieras en un videoclip de los 2000. Autocontrol y pinza bonita, gracias.<\/p>\n\n\n<div class=\"kk-star-ratings kksr-auto kksr-align-center kksr-valign-bottom\"\n    data-payload='{&quot;align&quot;:&quot;center&quot;,&quot;id&quot;:&quot;127517&quot;,&quot;slug&quot;:&quot;default&quot;,&quot;valign&quot;:&quot;bottom&quot;,&quot;ignore&quot;:&quot;&quot;,&quot;reference&quot;:&quot;auto&quot;,&quot;class&quot;:&quot;&quot;,&quot;count&quot;:&quot;0&quot;,&quot;legendonly&quot;:&quot;&quot;,&quot;readonly&quot;:&quot;&quot;,&quot;score&quot;:&quot;0&quot;,&quot;starsonly&quot;:&quot;&quot;,&quot;best&quot;:&quot;5&quot;,&quot;gap&quot;:&quot;5&quot;,&quot;greet&quot;:&quot;Valora este art\u00edculo&quot;,&quot;legend&quot;:&quot;0\\\/5 - (0 votos)&quot;,&quot;size&quot;:&quot;24&quot;,&quot;title&quot;:&quot;C\u00f3mo equilibrar el cabello graso: los mejores consejos y productos para hacerlo&quot;,&quot;width&quot;:&quot;0&quot;,&quot;_legend&quot;:&quot;{score}\\\/{best} - ({count} {votes})&quot;,&quot;font_factor&quot;:&quot;1.25&quot;}'>\n            \n<div class=\"kksr-stars\">\n    \n<div class=\"kksr-stars-inactive\">\n            <div class=\"kksr-star\" data-star=\"1\" style=\"padding-right: 5px\">\n            \n\n<div class=\"kksr-icon\" style=\"width: 24px; height: 24px;\"><\/div>\n        <\/div>\n            <div class=\"kksr-star\" data-star=\"2\" style=\"padding-right: 5px\">\n            \n\n<div class=\"kksr-icon\" style=\"width: 24px; height: 24px;\"><\/div>\n        <\/div>\n            <div class=\"kksr-star\" data-star=\"3\" style=\"padding-right: 5px\">\n            \n\n<div class=\"kksr-icon\" style=\"width: 24px; height: 24px;\"><\/div>\n        <\/div>\n            <div class=\"kksr-star\" data-star=\"4\" style=\"padding-right: 5px\">\n            \n\n<div class=\"kksr-icon\" style=\"width: 24px; height: 24px;\"><\/div>\n        <\/div>\n            <div class=\"kksr-star\" data-star=\"5\" style=\"padding-right: 5px\">\n            \n\n<div class=\"kksr-icon\" style=\"width: 24px; height: 24px;\"><\/div>\n        <\/div>\n    <\/div>\n    \n<div class=\"kksr-stars-active\" style=\"width: 0px;\">\n            <div class=\"kksr-star\" style=\"padding-right: 5px\">\n            \n\n<div class=\"kksr-icon\" style=\"width: 24px; height: 24px;\"><\/div>\n        <\/div>\n            <div class=\"kksr-star\" style=\"padding-right: 5px\">\n            \n\n<div class=\"kksr-icon\" style=\"width: 24px; height: 24px;\"><\/div>\n        <\/div>\n            <div class=\"kksr-star\" style=\"padding-right: 5px\">\n            \n\n<div class=\"kksr-icon\" style=\"width: 24px; height: 24px;\"><\/div>\n        <\/div>\n            <div class=\"kksr-star\" style=\"padding-right: 5px\">\n            \n\n<div class=\"kksr-icon\" style=\"width: 24px; height: 24px;\"><\/div>\n        <\/div>\n            <div class=\"kksr-star\" style=\"padding-right: 5px\">\n            \n\n<div class=\"kksr-icon\" style=\"width: 24px; height: 24px;\"><\/div>\n        <\/div>\n    <\/div>\n<\/div>\n                \n\n<div class=\"kksr-legend\" style=\"font-size: 19.2px;\">\n            <span class=\"kksr-muted\">Valora este art\u00edculo<\/span>\n    <\/div>\n    <\/div>\n","protected":false},"excerpt":{"rendered":"<p>Tener el pelo graso en verano no es f\u00e1cil (ni siempre igual). Llega un momento en el que parece que lo dominas, pero a la m\u00ednima, se revela. Te lo lavas por la ma\u00f1ana y a las seis de la tarde ya podr\u00edas fre\u00edr croquetas con la ra\u00edz. Te aplicas un s\u00e9rum en puntas y [&hellip;]<\/p>\n","protected":false},"author":14,"featured_media":127518,"comment_status":"closed","ping_status":"closed","sticky":false,"template":"","format":"standard","meta":{"jnews-multi-image_gallery":[],"jnews_single_post":{"format":"standard"},"jnews_primary_category":[],"jnews_social_meta":[],"jnews_override_counter":[],"footnotes":""},"categories":[35],"tags":[],"class_list":["post-127517","post","type-post","status-publish","format-standard","has-post-thumbnail","hentry","category-cabello"],"_links":{"self":[{"href":"https:\/\/www.primor.eu\/blog\/wp-json\/wp\/v2\/posts\/127517","targetHints":{"allow":["GET"]}}],"collection":[{"href":"https:\/\/www.primor.eu\/blog\/wp-json\/wp\/v2\/posts"}],"about":[{"href":"https:\/\/www.primor.eu\/blog\/wp-json\/wp\/v2\/types\/post"}],"author":[{"embeddable":true,"href":"https:\/\/www.primor.eu\/blog\/wp-json\/wp\/v2\/users\/14"}],"replies":[{"embeddable":true,"href":"https:\/\/www.primor.eu\/blog\/wp-json\/wp\/v2\/comments?post=127517"}],"version-history":[{"count":1,"href":"https:\/\/www.primor.eu\/blog\/wp-json\/wp\/v2\/posts\/127517\/revisions"}],"predecessor-version":[{"id":127559,"href":"https:\/\/www.primor.eu\/blog\/wp-json\/wp\/v2\/posts\/127517\/revisions\/127559"}],"wp:featuredmedia":[{"embeddable":true,"href":"https:\/\/www.primor.eu\/blog\/wp-json\/wp\/v2\/media\/127518"}],"wp:attachment":[{"href":"https:\/\/www.primor.eu\/blog\/wp-json\/wp\/v2\/media?parent=127517"}],"wp:term":[{"taxonomy":"category","embeddable":true,"href":"https:\/\/www.primor.eu\/blog\/wp-json\/wp\/v2\/categories?post=127517"},{"taxonomy":"post_tag","embeddable":true,"href":"https:\/\/www.primor.eu\/blog\/wp-json\/wp\/v2\/tags?post=127517"}],"curies":[{"name":"wp","href":"https:\/\/api.w.org\/{rel}","templated":true}]}}