{"id":127513,"date":"2025-06-18T06:48:39","date_gmt":"2025-06-18T06:48:39","guid":{"rendered":"https:\/\/www.primor.eu\/blog\/?p=127513"},"modified":"2025-06-13T07:12:23","modified_gmt":"2025-06-13T07:12:23","slug":"mejores-cc-creams-pieles-grasas","status":"publish","type":"post","link":"https:\/\/www.primor.eu\/blog\/mejores-cc-creams-pieles-grasas\/","title":{"rendered":"Las 4 mejores CC creams para pieles grasas"},"content":{"rendered":"\n<p><strong>La piel grasa tiene su aquel<\/strong>, y aunque sabemos cu\u00e1les son los <a href=\"https:\/\/www.primor.eu\/blog\/como-cuidar-la-piel-grasa\/?srsltid=AfmBOooEURnHjpkT4YCmkj8DMHZzo82OCYjZeBdVIpWEyW-oN0xI5uFd\">cuidados b\u00e1sicos<\/a>, hay productos que son capaces de hacer el todo, y las CC creams para pieles grasas son uno de ellos. Sin embargo, no todas son iguales y han de cumplir con algunas caracter\u00edsticas. Ene ste art\u00edculo de Primor, con el objetivo de facilitarte la vida, te contamos cu\u00e1les son las mejores, seg\u00fan los expertos.<\/p>\n\n\n\n<h2 class=\"wp-block-heading\">Las mejores CC Creams para pieles grasas<\/h2>\n\n\n        <product-table class=\"pr-slider\">\r\n            <product-headers class=\"grid-table-rows\">\r\n                <div>Foto<\/div>\r\n                <div>Producto<\/div>\r\n                <div>Marca<\/div>\r\n                <div>Valoraciones<\/div>\r\n                <div>Precio<\/div>\r\n            <\/product-headers>\r\n\r\n            <product-list>\r\n                                    <a href=\"https:\/\/www.primor.eu\/es_es\/it-cosmetics-cc-natural-matte-spf-40-base-de-maquillaje-matificante-control-de-brillo-109060.html?#803=43248\" class=\"product-item grid-table-rows\" target=\"_blank\">\r\n                        <div>\r\n                            <img decoding=\"async\" class=\"product-img\" width=\"80px\" height=\"80px\" src=\"https:\/\/cdn2.primor.eu\/media\/catalog\/product\/cache\/8d3aba296f7a18b5251ee30fa5db42b2\/3\/6\/3605972809681_1_17a0.jpg\" alt=\"CC+ Natural Matte SPF 40 Base de Maquillaje Matificante Control de Brillo\">\r\n                        <\/div>\r\n\r\n                        <!-- Contenido de producto  -->\r\n                        <div>\r\n                            <div class=\"product-position\">\r\n                                #1 Top Ventas                            <\/div>\r\n\r\n                            <h2>\r\n                                CC+ Natural Matte SPF 40 Base de Maquillaje Matificante Control de Brillo                            <\/h2>\r\n                        <\/div>\r\n\r\n                        <!-- Imagen y\/o nombre de la marca -->\r\n                        <div>\r\n                                                            <img decoding=\"async\" width=\"70\" src=\"https:\/\/www.primor.eu\/media\/catalog\/category\/Brand_Signature_Mark_SilverBlack_11__1.png\" alt=\"It Cosmetics\">\r\n                                                    <\/div>\r\n\r\n                        <!-- Puntuaci\u00f3n del producto  -->\r\n                        <div class=\"rating\">\r\n                                                            <div class=\"rate\" style=\"--p:94;\"><\/div>\r\n                                <b>4.7\/5<\/b>\r\n                                <div class=\"rate-stars\">\r\n                                                                            <div\r\n                                            class=\"rate-star  \">\r\n                                        <\/div>\r\n                                                                            <div\r\n                                            class=\"rate-star  \">\r\n                                        <\/div>\r\n                                                                            <div\r\n                                            class=\"rate-star  \">\r\n                                        <\/div>\r\n                                                                            <div\r\n                                            class=\"rate-star  \">\r\n                                        <\/div>\r\n                                                                            <div\r\n                                            class=\"rate-star  \">\r\n                                        <\/div>\r\n                                                                    <\/div>\r\n                                                    <\/div>\r\n\r\n                        <!-- Bot\u00f3n de producto  -->\r\n                        <div>\r\n                            <span class=\"price-claim\">\r\n                                VER PRECIO                            <\/span>\r\n                        <\/div>\r\n                    <\/a>\r\n                                    <a href=\"https:\/\/www.primor.eu\/es_es\/ziaja-cc-cream-correctora-piel-irritada-y-sensible-35766.html\" class=\"product-item grid-table-rows\" target=\"_blank\">\r\n                        <div>\r\n                            <img decoding=\"async\" class=\"product-img\" width=\"80px\" height=\"80px\" src=\"https:\/\/cdn2.primor.eu\/media\/catalog\/product\/cache\/8d3aba296f7a18b5251ee30fa5db42b2\/C\/C\/CC_cream_correctora_para_pieles_irritadas_y_sensibles___5901887038344_d3e8.jpg\" alt=\"CC Cream Correctora Piel irritada y Sensible\">\r\n                        <\/div>\r\n\r\n                        <!-- Contenido de producto  -->\r\n                        <div>\r\n                            <div class=\"product-position\">\r\n                                #2                            <\/div>\r\n\r\n                            <h2>\r\n                                CC Cream Correctora Piel irritada y Sensible                            <\/h2>\r\n                        <\/div>\r\n\r\n                        <!-- Imagen y\/o nombre de la marca -->\r\n                        <div>\r\n                                                            <img decoding=\"async\" width=\"70\" src=\"https:\/\/www.primor.eu\/media\/catalog\/category\/logo_ZIAJA.png\" alt=\"\">\r\n                                                    <\/div>\r\n\r\n                        <!-- Puntuaci\u00f3n del producto  -->\r\n                        <div class=\"rating\">\r\n                                                            <div class=\"rate\" style=\"--p:88;\"><\/div>\r\n                                <b>4.4\/5<\/b>\r\n                                <div class=\"rate-stars\">\r\n                                                                            <div\r\n                                            class=\"rate-star  \">\r\n                                        <\/div>\r\n                                                                            <div\r\n                                            class=\"rate-star  \">\r\n                                        <\/div>\r\n                                                                            <div\r\n                                            class=\"rate-star  \">\r\n                                        <\/div>\r\n                                                                            <div\r\n                                            class=\"rate-star  \">\r\n                                        <\/div>\r\n                                                                            <div\r\n                                            class=\"rate-star  \">\r\n                                        <\/div>\r\n                                                                    <\/div>\r\n                                                    <\/div>\r\n\r\n                        <!-- Bot\u00f3n de producto  -->\r\n                        <div>\r\n                            <span class=\"price-claim\">\r\n                                VER PRECIO                            <\/span>\r\n                        <\/div>\r\n                    <\/a>\r\n                                    <a href=\"https:\/\/www.primor.eu\/es_es\/clinique-superdefense-cc-cream-spf30-108983.html?#803=56993\" class=\"product-item grid-table-rows\" target=\"_blank\">\r\n                        <div>\r\n                            <img decoding=\"async\" class=\"product-img\" width=\"80px\" height=\"80px\" src=\"https:\/\/cdn2.primor.eu\/media\/catalog\/product\/cache\/8d3aba296f7a18b5251ee30fa5db42b2\/0\/T\/0TF08516_1_6426.jpg\" alt=\"Superdefense CC Cream SPF30\">\r\n                        <\/div>\r\n\r\n                        <!-- Contenido de producto  -->\r\n                        <div>\r\n                            <div class=\"product-position\">\r\n                                #3                            <\/div>\r\n\r\n                            <h2>\r\n                                Superdefense CC Cream SPF30                            <\/h2>\r\n                        <\/div>\r\n\r\n                        <!-- Imagen y\/o nombre de la marca -->\r\n                        <div>\r\n                                                            <img decoding=\"async\" width=\"70\" src=\"https:\/\/www.primor.eu\/media\/catalog\/category\/clinique.png\" alt=\"Clinique\">\r\n                                                    <\/div>\r\n\r\n                        <!-- Puntuaci\u00f3n del producto  -->\r\n                        <div class=\"rating\">\r\n                                                            <div class=\"rate\" style=\"--p:98;\"><\/div>\r\n                                <b>4.9\/5<\/b>\r\n                                <div class=\"rate-stars\">\r\n                                                                            <div\r\n                                            class=\"rate-star  \">\r\n                                        <\/div>\r\n                                                                            <div\r\n                                            class=\"rate-star  \">\r\n                                        <\/div>\r\n                                                                            <div\r\n                                            class=\"rate-star  \">\r\n                                        <\/div>\r\n                                                                            <div\r\n                                            class=\"rate-star  \">\r\n                                        <\/div>\r\n                                                                            <div\r\n                                            class=\"rate-star  \">\r\n                                        <\/div>\r\n                                                                    <\/div>\r\n                                                    <\/div>\r\n\r\n                        <!-- Bot\u00f3n de producto  -->\r\n                        <div>\r\n                            <span class=\"price-claim\">\r\n                                VER PRECIO                            <\/span>\r\n                        <\/div>\r\n                    <\/a>\r\n                                    <a href=\"https:\/\/www.primor.eu\/es_es\/estee-lauder-revitalizing-supreme-creme-cc-35485.html\" class=\"product-item grid-table-rows\" target=\"_blank\">\r\n                        <div>\r\n                            <img decoding=\"async\" class=\"product-img\" width=\"80px\" height=\"80px\" src=\"https:\/\/cdn2.primor.eu\/media\/catalog\/product\/cache\/8d3aba296f7a18b5251ee30fa5db42b2\/0\/T\/0TF08916_1_08b5.jpg\" alt=\"Revitalizing Supreme Creme CC\">\r\n                        <\/div>\r\n\r\n                        <!-- Contenido de producto  -->\r\n                        <div>\r\n                            <div class=\"product-position\">\r\n                                #4                            <\/div>\r\n\r\n                            <h2>\r\n                                Revitalizing Supreme Creme CC                            <\/h2>\r\n                        <\/div>\r\n\r\n                        <!-- Imagen y\/o nombre de la marca -->\r\n                        <div>\r\n                                                            <img decoding=\"async\" width=\"70\" src=\"https:\/\/www.primor.eu\/media\/catalog\/category\/Estee_Lauder.png\" alt=\"\">\r\n                                                    <\/div>\r\n\r\n                        <!-- Puntuaci\u00f3n del producto  -->\r\n                        <div class=\"rating\">\r\n                                                            <div class=\"rate\" style=\"--p:98;\"><\/div>\r\n                                <b>4.9\/5<\/b>\r\n                                <div class=\"rate-stars\">\r\n                                                                            <div\r\n                                            class=\"rate-star  \">\r\n                                        <\/div>\r\n                                                                            <div\r\n                                            class=\"rate-star  \">\r\n                                        <\/div>\r\n                                                                            <div\r\n                                            class=\"rate-star  \">\r\n                                        <\/div>\r\n                                                                            <div\r\n                                            class=\"rate-star  \">\r\n                                        <\/div>\r\n                                                                            <div\r\n                                            class=\"rate-star  \">\r\n                                        <\/div>\r\n                                                                    <\/div>\r\n                                                    <\/div>\r\n\r\n                        <!-- Bot\u00f3n de producto  -->\r\n                        <div>\r\n                            <span class=\"price-claim\">\r\n                                VER PRECIO                            <\/span>\r\n                        <\/div>\r\n                    <\/a>\r\n                            <\/product-list>\r\n        <\/product-table>\r\n\r\n        \n\n\n\n<h3 class=\"wp-block-heading\">IT Cosmetics CC+ Natural Matte SPF 40<\/h3>\n\n\n\n<p>Para quienes buscan alta cobertura y un acabado mate sin comprometer la hidrataci\u00f3n, <strong>CC+ Natural Matte de IT Cosmetics<\/strong> es esa base multitarea que hace de todo\u2026 y lo hace bien. Esta CC cream con SPF 40 corrige, hidrata y controla el brillo hasta durante 16 horas. S\u00ed, has le\u00eddo bien. \u00bfEl truco? Su f\u00f3rmula con <strong>Air Licium<\/strong>, que absorbe el exceso de grasa al instante, y un <strong>complejo de semilla de lenteja<\/strong> que ayuda a reducir la apariencia de poros.<\/p>\n\n\n\n<p>Lo mejor es que, a pesar de su efecto matificante, no reseca ni acartona la piel, gracias al \u00e1cido hialur\u00f3nico que aporta una hidrataci\u00f3n continua de hasta 24 horas. El resultado es una piel suave, perfeccionada y sin brillos, como si llevaras un filtro real. Perfecta para pieles mixtas a grasas que buscan confort y una cobertura impecable sin efecto m\u00e1scara.<\/p>\n\n\n    <a class='product' target='_blank' href='https:\/\/www.primor.eu\/es_es\/it-cosmetics-cc-natural-matte-spf-40-base-de-maquillaje-matificante-control-de-brillo-109060.html?#803=43248'>\r\n        <img loading='async' src='https:\/\/cdn2.primor.eu\/media\/catalog\/product\/cache\/8d3aba296f7a18b5251ee30fa5db42b2\/3\/6\/3605972809681_1_17a0.jpg' alt='COMPRAR AHORA'>\r\n            <div class=\"claim\">\r\n                COMPRAR AHORA            <\/div>\r\n        <\/a>\r\n    \n\n\n<h3 class=\"wp-block-heading\">Ziaja CC Cream Piel Sensible<\/h3>\n\n\n\n<p><strong>Ziaja<\/strong> vuelve a sorprender con esta CC Cream suave pero poderosa, ideal para pieles grasas con tendencia a la sensibilidad. Su f\u00f3rmula est\u00e1 cargada de ingredientes que no solo corrigen el tono, sino que tambi\u00e9n cuidan y calman la piel desde la primera aplicaci\u00f3n: <strong>vitamina C, \u00e1cido hialur\u00f3nico, escina, provitamina B5, Q10 y filtros UV<\/strong> trabajan en conjunto para unificar, hidratar y proteger.<\/p>\n\n\n\n<p>Aporta un acabado natural, sin brillos y sin irritaciones, ideal si tienes la piel reactiva o con rojeces. Su textura ligera se adapta muy bien incluso a climas c\u00e1lidos o d\u00edas largos. Es ese producto con buena letra y mejores intenciones que no solo embellece, sino que realmente trata tu piel.<\/p>\n\n\n    <a class='product' target='_blank' href='https:\/\/www.primor.eu\/es_es\/ziaja-cc-cream-correctora-piel-irritada-y-sensible-35766.html'>\r\n        <img loading='async' src='https:\/\/cdn2.primor.eu\/media\/catalog\/product\/cache\/8d3aba296f7a18b5251ee30fa5db42b2\/C\/C\/CC_cream_correctora_para_pieles_irritadas_y_sensibles___5901887038344_d3e8.jpg' alt='COMPRAR AHORA'>\r\n            <div class=\"claim\">\r\n                COMPRAR AHORA            <\/div>\r\n        <\/a>\r\n    \n\n\n<h3 class=\"wp-block-heading\">Clinique Superdefense CC Cream SPF30<\/h3>\n\n\n\n<p>Para los d\u00edas en que tu piel necesita buena cara pero sin complicaciones, la <strong>Superdefense CC Cream de Clinique<\/strong> es como un caf\u00e9 para tu rostro. Su f\u00f3rmula sin aceites est\u00e1 pensada para dar ese empuj\u00f3n de luminosidad sin alterar el equilibrio de la piel grasa. Hidrata durante todo el d\u00eda y corrige de forma inteligente los signos de tono apagado, rojeces o irregularidades.<\/p>\n\n\n\n<p>Adem\u00e1s, gracias a su <strong>SPF 30<\/strong>, protege del sol a diario sin necesidad de a\u00f1adir pasos extra. Si lo tuyo es el look natural pero con ese glow saludable y nada brillante, esta CC Cream es ese comod\u00edn diario que se convertir\u00e1 en un b\u00e1sico de tu neceser.<\/p>\n\n\n    <a class='product' target='_blank' href='https:\/\/www.primor.eu\/es_es\/clinique-superdefense-cc-cream-spf30-108983.html?#803=56993'>\r\n        <img loading='async' src='https:\/\/cdn2.primor.eu\/media\/catalog\/product\/cache\/8d3aba296f7a18b5251ee30fa5db42b2\/0\/T\/0TF08516_1_6426.jpg' alt='COMPRAR AHORA'>\r\n            <div class=\"claim\">\r\n                COMPRAR AHORA            <\/div>\r\n        <\/a>\r\n    \n\n\n<h3 class=\"wp-block-heading\">Est\u00e9e Lauder Revitalizing Supreme CC Cream SPF10<\/h3>\n\n\n\n<p>Aunque est\u00e1 formulada para todo tipo de piel, <strong>Revitalizing Supreme CC Cream de Est\u00e9e Lauder<\/strong> es un lujo sutil para pieles grasas que no quieren renunciar al tratamiento anti-edad. Su textura es ligera, se funde al contacto con la piel y se transforma para adaptarse a tu tono natural. \u00bfEl resultado? Un efecto me he despertado as\u00ed, pero con un extra de luminosidad y firmeza.<\/p>\n\n\n\n<p>Gracias a su <strong>tecnolog\u00eda IntuiGen<\/strong> y su combinaci\u00f3n de antioxidantes como la <strong>vitamina E y la cafe\u00edna<\/strong>, esta crema ayuda a prevenir el envejecimiento prematuro y fortalece la barrera de hidrataci\u00f3n de la piel. No genera grasa, no se siente pesada y aporta ese acabado segunda piel que enamora desde la primera aplicaci\u00f3n.<\/p>\n\n\n    <a class='product' target='_blank' href='https:\/\/www.primor.eu\/es_es\/estee-lauder-revitalizing-supreme-creme-cc-35485.html'>\r\n        <img loading='async' src='https:\/\/cdn2.primor.eu\/media\/catalog\/product\/cache\/8d3aba296f7a18b5251ee30fa5db42b2\/0\/T\/0TF08916_1_08b5.jpg' alt='COMPRAR AHORA'>\r\n            <div class=\"claim\">\r\n                COMPRAR AHORA            <\/div>\r\n        <\/a>\r\n    \n\n<div class=\"kk-star-ratings kksr-auto kksr-align-center kksr-valign-bottom\"\n    data-payload='{&quot;align&quot;:&quot;center&quot;,&quot;id&quot;:&quot;127513&quot;,&quot;slug&quot;:&quot;default&quot;,&quot;valign&quot;:&quot;bottom&quot;,&quot;ignore&quot;:&quot;&quot;,&quot;reference&quot;:&quot;auto&quot;,&quot;class&quot;:&quot;&quot;,&quot;count&quot;:&quot;0&quot;,&quot;legendonly&quot;:&quot;&quot;,&quot;readonly&quot;:&quot;&quot;,&quot;score&quot;:&quot;0&quot;,&quot;starsonly&quot;:&quot;&quot;,&quot;best&quot;:&quot;5&quot;,&quot;gap&quot;:&quot;5&quot;,&quot;greet&quot;:&quot;Valora este art\u00edculo&quot;,&quot;legend&quot;:&quot;0\\\/5 - (0 votos)&quot;,&quot;size&quot;:&quot;24&quot;,&quot;title&quot;:&quot;Las 4 mejores CC creams para pieles grasas&quot;,&quot;width&quot;:&quot;0&quot;,&quot;_legend&quot;:&quot;{score}\\\/{best} - ({count} {votes})&quot;,&quot;font_factor&quot;:&quot;1.25&quot;}'>\n            \n<div class=\"kksr-stars\">\n    \n<div class=\"kksr-stars-inactive\">\n            <div class=\"kksr-star\" data-star=\"1\" style=\"padding-right: 5px\">\n            \n\n<div class=\"kksr-icon\" style=\"width: 24px; height: 24px;\"><\/div>\n        <\/div>\n            <div class=\"kksr-star\" data-star=\"2\" style=\"padding-right: 5px\">\n            \n\n<div class=\"kksr-icon\" style=\"width: 24px; height: 24px;\"><\/div>\n        <\/div>\n            <div class=\"kksr-star\" data-star=\"3\" style=\"padding-right: 5px\">\n            \n\n<div class=\"kksr-icon\" style=\"width: 24px; height: 24px;\"><\/div>\n        <\/div>\n            <div class=\"kksr-star\" data-star=\"4\" style=\"padding-right: 5px\">\n            \n\n<div class=\"kksr-icon\" style=\"width: 24px; height: 24px;\"><\/div>\n        <\/div>\n            <div class=\"kksr-star\" data-star=\"5\" style=\"padding-right: 5px\">\n            \n\n<div class=\"kksr-icon\" style=\"width: 24px; height: 24px;\"><\/div>\n        <\/div>\n    <\/div>\n    \n<div class=\"kksr-stars-active\" style=\"width: 0px;\">\n            <div class=\"kksr-star\" style=\"padding-right: 5px\">\n            \n\n<div class=\"kksr-icon\" style=\"width: 24px; height: 24px;\"><\/div>\n        <\/div>\n            <div class=\"kksr-star\" style=\"padding-right: 5px\">\n            \n\n<div class=\"kksr-icon\" style=\"width: 24px; height: 24px;\"><\/div>\n        <\/div>\n            <div class=\"kksr-star\" style=\"padding-right: 5px\">\n            \n\n<div class=\"kksr-icon\" style=\"width: 24px; height: 24px;\"><\/div>\n        <\/div>\n            <div class=\"kksr-star\" style=\"padding-right: 5px\">\n            \n\n<div class=\"kksr-icon\" style=\"width: 24px; height: 24px;\"><\/div>\n        <\/div>\n            <div class=\"kksr-star\" style=\"padding-right: 5px\">\n            \n\n<div class=\"kksr-icon\" style=\"width: 24px; height: 24px;\"><\/div>\n        <\/div>\n    <\/div>\n<\/div>\n                \n\n<div class=\"kksr-legend\" style=\"font-size: 19.2px;\">\n            <span class=\"kksr-muted\">Valora este art\u00edculo<\/span>\n    <\/div>\n    <\/div>\n","protected":false},"excerpt":{"rendered":"<p>La piel grasa tiene su aquel, y aunque sabemos cu\u00e1les son los cuidados b\u00e1sicos, hay productos que son capaces de hacer el todo, y las CC creams para pieles grasas son uno de ellos. Sin embargo, no todas son iguales y han de cumplir con algunas caracter\u00edsticas. Ene ste art\u00edculo de Primor, con el objetivo [&hellip;]<\/p>\n","protected":false},"author":14,"featured_media":127522,"comment_status":"closed","ping_status":"closed","sticky":false,"template":"","format":"standard","meta":{"jnews-multi-image_gallery":[],"jnews_single_post":{"format":"standard"},"jnews_primary_category":[],"jnews_social_meta":[],"jnews_override_counter":[],"footnotes":""},"categories":[29],"tags":[],"class_list":["post-127513","post","type-post","status-publish","format-standard","has-post-thumbnail","hentry","category-cosmetica"],"_links":{"self":[{"href":"https:\/\/www.primor.eu\/blog\/wp-json\/wp\/v2\/posts\/127513","targetHints":{"allow":["GET"]}}],"collection":[{"href":"https:\/\/www.primor.eu\/blog\/wp-json\/wp\/v2\/posts"}],"about":[{"href":"https:\/\/www.primor.eu\/blog\/wp-json\/wp\/v2\/types\/post"}],"author":[{"embeddable":true,"href":"https:\/\/www.primor.eu\/blog\/wp-json\/wp\/v2\/users\/14"}],"replies":[{"embeddable":true,"href":"https:\/\/www.primor.eu\/blog\/wp-json\/wp\/v2\/comments?post=127513"}],"version-history":[{"count":1,"href":"https:\/\/www.primor.eu\/blog\/wp-json\/wp\/v2\/posts\/127513\/revisions"}],"predecessor-version":[{"id":127554,"href":"https:\/\/www.primor.eu\/blog\/wp-json\/wp\/v2\/posts\/127513\/revisions\/127554"}],"wp:featuredmedia":[{"embeddable":true,"href":"https:\/\/www.primor.eu\/blog\/wp-json\/wp\/v2\/media\/127522"}],"wp:attachment":[{"href":"https:\/\/www.primor.eu\/blog\/wp-json\/wp\/v2\/media?parent=127513"}],"wp:term":[{"taxonomy":"category","embeddable":true,"href":"https:\/\/www.primor.eu\/blog\/wp-json\/wp\/v2\/categories?post=127513"},{"taxonomy":"post_tag","embeddable":true,"href":"https:\/\/www.primor.eu\/blog\/wp-json\/wp\/v2\/tags?post=127513"}],"curies":[{"name":"wp","href":"https:\/\/api.w.org\/{rel}","templated":true}]}}