{"id":127476,"date":"2025-06-22T21:00:00","date_gmt":"2025-06-22T21:00:00","guid":{"rendered":"https:\/\/www.primor.eu\/blog\/?p=127476"},"modified":"2025-06-12T10:54:57","modified_gmt":"2025-06-12T10:54:57","slug":"como-usar-repelente-bichos-bebe","status":"publish","type":"post","link":"https:\/\/www.primor.eu\/blog\/como-usar-repelente-bichos-bebe\/","title":{"rendered":"C\u00f3mo usar de forma adecuada el repelente de bichos en tu beb\u00e9 y qu\u00e9 debes tener en cuenta"},"content":{"rendered":"\n<p>Si est\u00e1s pensando en usar <strong>repelente para beb\u00e9s <\/strong>es porque tu hijo o tu hija est\u00e1 siendo v\u00edctima de <strong>picaduras de mosquitos<\/strong>. Sin embargo, debes saber que el hecho de usar<a href=\"https:\/\/www.primor.eu\/blog\/mejores-productos-antimosquitos\/?srsltid=AfmBOorLDglqEotgu8szrqGcT1Jl-jwtN8wqW5eRtOSHgaJuiEDQgABV\" data-type=\"link\" data-id=\"https:\/\/www.primor.eu\/blog\/mejores-productos-antimosquitos\/?srsltid=AfmBOorLDglqEotgu8szrqGcT1Jl-jwtN8wqW5eRtOSHgaJuiEDQgABV\"> repelente<\/a> para beb\u00e9s puede ser peligroso para el beb\u00e9, ya que estos productos tienen sustancias t\u00f3xicas.<\/p>\n\n\n\n<p>Es por eso que, no es que no puedas usarlos, pero s\u00ed deber\u00edas tener en cuenta algunas cosas antes de usar <strong>repelente para beb\u00e9s<\/strong>.<\/p>\n\n\n\n<h2 class=\"wp-block-heading\">Usar repelente para beb\u00e9s: edad recomendada<\/h2>\n\n\n\n<p>El hecho de usar<strong> repelente para beb\u00e9s<\/strong>, no es recomendable hasta cierta edad. Por mucho que se elijan opciones especiales para ni\u00f1os y ni\u00f1as, en el caso de que hablemos de beb\u00e9s reci\u00e9n nacidos, lo mejor es evitar el repelente para beb\u00e9s o recurrir a las <strong>alternativas naturales <\/strong>que despu\u00e9s veremos.<\/p>\n\n\n\n<p>El caso es que el <strong>repelente para beb\u00e9s<\/strong> se recomienda usar a partir de los <strong>dos meses<\/strong> y nunca antes. Antes de que cumplan esta edad, se puede recurrir a formas f\u00edsicas que les protejan y alternativas que despu\u00e9s desarrollaremos.<\/p>\n\n\n\n<p>Una vez que tengan m\u00e1s de dos meses puedes escoger repelente para beb\u00e9s espec\u00edfico y formulado para beb\u00e9s y ni\u00f1os y ni\u00f1as. Lo que deber\u00e1s tener en cuenta son algunas precauciones que te vamos a recomendar a continuaci\u00f3n.&nbsp;<\/p>\n\n\n\n<p>Tambi\u00e9n que, siempre y cuando sea posible, el repelente de beb\u00e9s es deseable que se use lo menos posible y que la formulaci\u00f3n sea lo m\u00e1s natural posible.<\/p>\n\n\n\n<h2 class=\"wp-block-heading\">C\u00f3mo usar repelente para beb\u00e9s<\/h2>\n\n\n\n<p>Intenta cubrir a tu beb\u00e9 lo m\u00e1ximo posible, de modo que solamente necesites usar <strong>repelente para beb\u00e9s <\/strong>en <strong>zonas espec\u00edficas<\/strong> y que no lleguen a estar cubiertas con la ropa. De este modo, no lo pongas encima de la ropa.<\/p>\n\n\n\n<p>Lo mejor es que primero pongas el repelente para beb\u00e9s en tus manos y lo extiendas con cuidado en las zonas expuestas al aire libre. De este modo estamos evitando que entren en contacto sustancias nocivas o t\u00f3xicas, con los ojos o mucosas del beb\u00e9.&nbsp;<\/p>\n\n\n\n<p>Habr\u00e1 que <strong>evitar poner <\/strong>repelente para beb\u00e9s<strong> en las manos<\/strong> as\u00ed como en las zonas irritadas que pueda tener tu peque\u00f1o\/a en la piel. Sobre todo cuando no son muy naturales los ingredientes que lleva el producto.&nbsp;<\/p>\n\n\n\n<p>El hecho de que evites poner repelente en sus manos es para protegerle de que entre en contacto con los ojos, boca o mucosas. Ya sabemos que los beb\u00e9s est\u00e1n explorando con las manos constantemente, lo que hace que pueda haber peligro con algunos de los productos que llevan los repelentes para beb\u00e9s.<\/p>\n\n\n\n<p>En el caso de que esto ocurra, lo mejor es lavar la zona afectada con jab\u00f3n y abundante agua. No deben quedar repuestos de producto, pero tampoco de jab\u00f3n, ya que esto podr\u00eda irritarle.<\/p>\n\n\n\n<h2 class=\"wp-block-heading\">Lo que debes cuidar al usar repelente para beb\u00e9s<\/h2>\n\n\n\n<p>Hay que tener<strong> especial cuidado<\/strong> a la hora de usar repelente para beb\u00e9s con estas cosas, para proteger el bienestar de tu peque\u00f1o\/a:<\/p>\n\n\n\n<ul class=\"wp-block-list\">\n<li>Evita siempre y con mucha atenci\u00f3n poner el producto en las manos del beb\u00e9-<\/li>\n\n\n\n<li>Nunca utilices productos que combinen repelente y protector solar al mismo tiempo. Aunque est\u00e9s en un lugar como una piscina, playa o lago en el que necesites ambos productos, no es bueno abusar del repelente y, en el caso del protector solar, hay que estar poniendo m\u00e1s constantemente.<\/li>\n\n\n\n<li>No uses el modo spray, para evitar que haya peligro de que el producto llegue a los ojos del beb\u00e9 o sus mucosas.<\/li>\n<\/ul>\n\n\n\n<h2 class=\"wp-block-heading\">Alternativas al repelente para beb\u00e9s<\/h2>\n\n\n\n<p>Como habr\u00e1s podido ver, lo mejor es no abusar de este producto y evitarlo lo m\u00e1ximo posible. Por eso vamos a ver algunas<strong> alternativas<\/strong> a usar <strong>repelente para beb\u00e9s<\/strong>, como lo son las <strong>barreras f\u00edsicas <\/strong>contra estos insectos.<\/p>\n\n\n\n<p>Uno de ellos es poner <strong>mosquiteras<\/strong> en el cochecito, la cuna o el portabeb\u00e9 incluso, cubriendo al beb\u00e9 directamente.&nbsp;<\/p>\n\n\n\n<p>Viste a tu peque\u00f1o\/a con <strong>ropa<\/strong> lo m\u00e1s <strong>cubierta<\/strong> posible y de color claro adem\u00e1s de intentar <strong>evitar las zonas<\/strong> en las que haya muchos <strong>mosquitos.<\/strong><\/p>\n\n\n<div class=\"kk-star-ratings kksr-auto kksr-align-center kksr-valign-bottom\"\n    data-payload='{&quot;align&quot;:&quot;center&quot;,&quot;id&quot;:&quot;127476&quot;,&quot;slug&quot;:&quot;default&quot;,&quot;valign&quot;:&quot;bottom&quot;,&quot;ignore&quot;:&quot;&quot;,&quot;reference&quot;:&quot;auto&quot;,&quot;class&quot;:&quot;&quot;,&quot;count&quot;:&quot;0&quot;,&quot;legendonly&quot;:&quot;&quot;,&quot;readonly&quot;:&quot;&quot;,&quot;score&quot;:&quot;0&quot;,&quot;starsonly&quot;:&quot;&quot;,&quot;best&quot;:&quot;5&quot;,&quot;gap&quot;:&quot;5&quot;,&quot;greet&quot;:&quot;Valora este art\u00edculo&quot;,&quot;legend&quot;:&quot;0\\\/5 - (0 votos)&quot;,&quot;size&quot;:&quot;24&quot;,&quot;title&quot;:&quot;C\u00f3mo usar de forma adecuada el repelente de bichos en tu beb\u00e9 y qu\u00e9 debes tener en cuenta&quot;,&quot;width&quot;:&quot;0&quot;,&quot;_legend&quot;:&quot;{score}\\\/{best} - ({count} {votes})&quot;,&quot;font_factor&quot;:&quot;1.25&quot;}'>\n            \n<div class=\"kksr-stars\">\n    \n<div class=\"kksr-stars-inactive\">\n            <div class=\"kksr-star\" data-star=\"1\" style=\"padding-right: 5px\">\n            \n\n<div class=\"kksr-icon\" style=\"width: 24px; height: 24px;\"><\/div>\n        <\/div>\n            <div class=\"kksr-star\" data-star=\"2\" style=\"padding-right: 5px\">\n            \n\n<div class=\"kksr-icon\" style=\"width: 24px; height: 24px;\"><\/div>\n        <\/div>\n            <div class=\"kksr-star\" data-star=\"3\" style=\"padding-right: 5px\">\n            \n\n<div class=\"kksr-icon\" style=\"width: 24px; height: 24px;\"><\/div>\n        <\/div>\n            <div class=\"kksr-star\" data-star=\"4\" style=\"padding-right: 5px\">\n            \n\n<div class=\"kksr-icon\" style=\"width: 24px; height: 24px;\"><\/div>\n        <\/div>\n            <div class=\"kksr-star\" data-star=\"5\" style=\"padding-right: 5px\">\n            \n\n<div class=\"kksr-icon\" style=\"width: 24px; height: 24px;\"><\/div>\n        <\/div>\n    <\/div>\n    \n<div class=\"kksr-stars-active\" style=\"width: 0px;\">\n            <div class=\"kksr-star\" style=\"padding-right: 5px\">\n            \n\n<div class=\"kksr-icon\" style=\"width: 24px; height: 24px;\"><\/div>\n        <\/div>\n            <div class=\"kksr-star\" style=\"padding-right: 5px\">\n            \n\n<div class=\"kksr-icon\" style=\"width: 24px; height: 24px;\"><\/div>\n        <\/div>\n            <div class=\"kksr-star\" style=\"padding-right: 5px\">\n            \n\n<div class=\"kksr-icon\" style=\"width: 24px; height: 24px;\"><\/div>\n        <\/div>\n            <div class=\"kksr-star\" style=\"padding-right: 5px\">\n            \n\n<div class=\"kksr-icon\" style=\"width: 24px; height: 24px;\"><\/div>\n        <\/div>\n            <div class=\"kksr-star\" style=\"padding-right: 5px\">\n            \n\n<div class=\"kksr-icon\" style=\"width: 24px; height: 24px;\"><\/div>\n        <\/div>\n    <\/div>\n<\/div>\n                \n\n<div class=\"kksr-legend\" style=\"font-size: 19.2px;\">\n            <span class=\"kksr-muted\">Valora este art\u00edculo<\/span>\n    <\/div>\n    <\/div>\n","protected":false},"excerpt":{"rendered":"<p>Si est\u00e1s pensando en usar repelente para beb\u00e9s es porque tu hijo o tu hija est\u00e1 siendo v\u00edctima de picaduras de mosquitos. Sin embargo, debes saber que el hecho de usar repelente para beb\u00e9s puede ser peligroso para el beb\u00e9, ya que estos productos tienen sustancias t\u00f3xicas. Es por eso que, no es que no [&hellip;]<\/p>\n","protected":false},"author":30,"featured_media":127477,"comment_status":"closed","ping_status":"closed","sticky":false,"template":"","format":"standard","meta":{"jnews-multi-image_gallery":[],"jnews_single_post":{"format":"standard"},"jnews_primary_category":[],"jnews_social_meta":[],"jnews_override_counter":[],"footnotes":""},"categories":[6317],"tags":[],"class_list":["post-127476","post","type-post","status-publish","format-standard","has-post-thumbnail","hentry","category-ninos"],"_links":{"self":[{"href":"https:\/\/www.primor.eu\/blog\/wp-json\/wp\/v2\/posts\/127476","targetHints":{"allow":["GET"]}}],"collection":[{"href":"https:\/\/www.primor.eu\/blog\/wp-json\/wp\/v2\/posts"}],"about":[{"href":"https:\/\/www.primor.eu\/blog\/wp-json\/wp\/v2\/types\/post"}],"author":[{"embeddable":true,"href":"https:\/\/www.primor.eu\/blog\/wp-json\/wp\/v2\/users\/30"}],"replies":[{"embeddable":true,"href":"https:\/\/www.primor.eu\/blog\/wp-json\/wp\/v2\/comments?post=127476"}],"version-history":[{"count":2,"href":"https:\/\/www.primor.eu\/blog\/wp-json\/wp\/v2\/posts\/127476\/revisions"}],"predecessor-version":[{"id":127479,"href":"https:\/\/www.primor.eu\/blog\/wp-json\/wp\/v2\/posts\/127476\/revisions\/127479"}],"wp:featuredmedia":[{"embeddable":true,"href":"https:\/\/www.primor.eu\/blog\/wp-json\/wp\/v2\/media\/127477"}],"wp:attachment":[{"href":"https:\/\/www.primor.eu\/blog\/wp-json\/wp\/v2\/media?parent=127476"}],"wp:term":[{"taxonomy":"category","embeddable":true,"href":"https:\/\/www.primor.eu\/blog\/wp-json\/wp\/v2\/categories?post=127476"},{"taxonomy":"post_tag","embeddable":true,"href":"https:\/\/www.primor.eu\/blog\/wp-json\/wp\/v2\/tags?post=127476"}],"curies":[{"name":"wp","href":"https:\/\/api.w.org\/{rel}","templated":true}]}}