{"id":127235,"date":"2025-06-12T12:23:40","date_gmt":"2025-06-12T12:23:40","guid":{"rendered":"https:\/\/www.primor.eu\/blog\/?p=127235"},"modified":"2025-06-04T12:43:27","modified_gmt":"2025-06-04T12:43:27","slug":"mejores-complementos-verano","status":"publish","type":"post","link":"https:\/\/www.primor.eu\/blog\/mejores-complementos-verano\/","title":{"rendered":"Los 5 mejores complementos que tomar en verano"},"content":{"rendered":"\n<p>Verano es sin\u00f3nimo de sol, piel al aire, terrazas eternas y muchas ganas de sentirte bien. Pero tambi\u00e9n es una estaci\u00f3n exigente. Entre el calor, los cambios de rutina, las comidas fuera de casa y el ritmo m\u00e1s ligero (aunque a veces agotador), tu cuerpo necesita un plus. Un empujoncito suave. Un cuidado extra que no se ve, pero se nota.<\/p>\n\n\n\n<p>Y ah\u00ed entran ellos: los <strong>complementos alimenticios<\/strong>. Esos aliados silenciosos que ayudan a que todo funcione mejor. No sustituyen una dieta equilibrada, ni hacen milagros, pero cuando se toman con cabeza, <strong>pueden marcar una diferencia real<\/strong> en c\u00f3mo te sientes.<\/p>\n\n\n\n<p>En este art\u00edculo de Primor te traemos <strong>los cinco mejores complementos que puedes tomar en verano<\/strong>, para cuidarte desde dentro sin complicarte la vida. Porque estar bien no deber\u00eda ser dif\u00edcil. Solo intencional.<\/p>\n\n\n\n<h2 class=\"wp-block-heading\">Cinco mejores complementos de verano<\/h2>\n\n\n\n<h3 class=\"wp-block-heading\">1\/ Magnesio: el mineral que relaja cuerpo y mente<\/h3>\n\n\n\n<p>El magnesio es como ese abrazo que te sujeta cuando el mundo va r\u00e1pido. Ayuda a reducir el cansancio, mejora el sue\u00f1o, cuida los m\u00fasculos (\u00a1hola calambres del calor!) y tambi\u00e9n mejora el estado de \u00e1nimo. En verano, que sudamos m\u00e1s y dormimos peor, es especialmente \u00fatil.<\/p>\n\n\n\n<p><strong>\u00bfC\u00f3mo tomarlo?<\/strong> En c\u00e1psulas, polvos solubles o incluso en formato efervescente. Ideal por la noche, justo antes de dormir. Te ayuda a desconectar y a descansar mejor. Y descansar es belleza.<\/p>\n\n\n\n<h3 class=\"wp-block-heading\">2\/ Col\u00e1geno con vitamina C: piel bonita desde dentro<\/h3>\n\n\n\n<p>Tu piel se expone m\u00e1s en verano. Al sol, al cloro, a la sal del mar\u2026 y aunque la crema solar es tu mejor amiga, hay cuidados que tambi\u00e9n empiezan desde el interior. El col\u00e1geno hidrolizado, sobre todo cuando se combina con vitamina C, ayuda a mejorar la elasticidad de la piel, las u\u00f1as y el cabello.<\/p>\n\n\n\n<p><strong>\u00bfEl truco?<\/strong> S\u00e9 constante. T\u00f3malo cada d\u00eda, con el desayuno o en ayunas. Hay formatos bebibles con sabor a frutas del bosque o lim\u00f3n que te encantar\u00e1n. Tu piel lo notar\u00e1. T\u00fa tambi\u00e9n.<\/p>\n\n\n\n<h3 class=\"wp-block-heading\">3\/ Probi\u00f3ticos: equilibrio cuando cambias de ritmo<\/h3>\n\n\n\n<p>Verano tambi\u00e9n significa comidas fuera, horarios que cambian, viajes. Y todo eso\u2026 afecta al intestino. Los probi\u00f3ticos ayudan a mantener el equilibrio de la flora intestinal, mejorar la digesti\u00f3n y fortalecer el sistema inmune. Porque cuando el intestino est\u00e1 bien, todo fluye.<\/p>\n\n\n\n<p><strong>\u00bfCu\u00e1ndo tomarlos?<\/strong> A diario, en ayunas o media hora antes de comer. Especialmente \u00fatil si viajas o si notas tu digesti\u00f3n m\u00e1s lenta de lo normal.<\/p>\n\n\n\n<h3 class=\"wp-block-heading\">4\/ Omega 3: brillo, coraz\u00f3n y antiinflamaci\u00f3n<\/h3>\n\n\n\n<p>El Omega 3 es como ese complemento que combina con todo. Es antiinflamatorio, mejora la salud cardiovascular, ayuda a regular el colesterol y tambi\u00e9n es buen\u00edsimo para la piel. En verano, cuando el cuerpo tiende a retener l\u00edquidos y la piel se sensibiliza, es un gran aliado.<\/p>\n\n\n\n<p><strong>\u00bfC\u00f3mo tomarlo?<\/strong> C\u00e1psulas de aceite de pescado o aceite de lino (versi\u00f3n vegetal). Ideal en desayunos o comidas. Te ayuda a sentirte m\u00e1s ligera, y adem\u00e1s, aporta ese <em>glow<\/em> tan tuyo.<\/p>\n\n\n\n<h3 class=\"wp-block-heading\">5\/&nbsp; Multivitam\u00ednicos espec\u00edficos para verano<\/h3>\n\n\n\n<p>Y por \u00faltimo, si no sabes por d\u00f3nde empezar, opta por un <strong>complemento multivitam\u00ednico adaptado al verano<\/strong>. Suelen incluir vitamina D (clave para el \u00e1nimo y los huesos), antioxidantes como el zinc y el selenio, y vitaminas del grupo B para mantener tu energ\u00eda arriba.<\/p>\n\n\n\n<p><strong>\u00bfLo mejor?<\/strong> Son como un seguro de bienestar. Porque aunque comas bien, a veces no llegas a todo. Y no pasa nada. Un multivitam\u00ednico bien formulado te acompa\u00f1a en ese \u201ctodo\u201d sin exigirte m\u00e1s.<\/p>\n\n\n<div class=\"kk-star-ratings kksr-auto kksr-align-center kksr-valign-bottom\"\n    data-payload='{&quot;align&quot;:&quot;center&quot;,&quot;id&quot;:&quot;127235&quot;,&quot;slug&quot;:&quot;default&quot;,&quot;valign&quot;:&quot;bottom&quot;,&quot;ignore&quot;:&quot;&quot;,&quot;reference&quot;:&quot;auto&quot;,&quot;class&quot;:&quot;&quot;,&quot;count&quot;:&quot;0&quot;,&quot;legendonly&quot;:&quot;&quot;,&quot;readonly&quot;:&quot;&quot;,&quot;score&quot;:&quot;0&quot;,&quot;starsonly&quot;:&quot;&quot;,&quot;best&quot;:&quot;5&quot;,&quot;gap&quot;:&quot;5&quot;,&quot;greet&quot;:&quot;Valora este art\u00edculo&quot;,&quot;legend&quot;:&quot;0\\\/5 - (0 votos)&quot;,&quot;size&quot;:&quot;24&quot;,&quot;title&quot;:&quot;Los 5 mejores complementos que tomar en verano&quot;,&quot;width&quot;:&quot;0&quot;,&quot;_legend&quot;:&quot;{score}\\\/{best} - ({count} {votes})&quot;,&quot;font_factor&quot;:&quot;1.25&quot;}'>\n            \n<div class=\"kksr-stars\">\n    \n<div class=\"kksr-stars-inactive\">\n            <div class=\"kksr-star\" data-star=\"1\" style=\"padding-right: 5px\">\n            \n\n<div class=\"kksr-icon\" style=\"width: 24px; height: 24px;\"><\/div>\n        <\/div>\n            <div class=\"kksr-star\" data-star=\"2\" style=\"padding-right: 5px\">\n            \n\n<div class=\"kksr-icon\" style=\"width: 24px; height: 24px;\"><\/div>\n        <\/div>\n            <div class=\"kksr-star\" data-star=\"3\" style=\"padding-right: 5px\">\n            \n\n<div class=\"kksr-icon\" style=\"width: 24px; height: 24px;\"><\/div>\n        <\/div>\n            <div class=\"kksr-star\" data-star=\"4\" style=\"padding-right: 5px\">\n            \n\n<div class=\"kksr-icon\" style=\"width: 24px; height: 24px;\"><\/div>\n        <\/div>\n            <div class=\"kksr-star\" data-star=\"5\" style=\"padding-right: 5px\">\n            \n\n<div class=\"kksr-icon\" style=\"width: 24px; height: 24px;\"><\/div>\n        <\/div>\n    <\/div>\n    \n<div class=\"kksr-stars-active\" style=\"width: 0px;\">\n            <div class=\"kksr-star\" style=\"padding-right: 5px\">\n            \n\n<div class=\"kksr-icon\" style=\"width: 24px; height: 24px;\"><\/div>\n        <\/div>\n            <div class=\"kksr-star\" style=\"padding-right: 5px\">\n            \n\n<div class=\"kksr-icon\" style=\"width: 24px; height: 24px;\"><\/div>\n        <\/div>\n            <div class=\"kksr-star\" style=\"padding-right: 5px\">\n            \n\n<div class=\"kksr-icon\" style=\"width: 24px; height: 24px;\"><\/div>\n        <\/div>\n            <div class=\"kksr-star\" style=\"padding-right: 5px\">\n            \n\n<div class=\"kksr-icon\" style=\"width: 24px; height: 24px;\"><\/div>\n        <\/div>\n            <div class=\"kksr-star\" style=\"padding-right: 5px\">\n            \n\n<div class=\"kksr-icon\" style=\"width: 24px; height: 24px;\"><\/div>\n        <\/div>\n    <\/div>\n<\/div>\n                \n\n<div class=\"kksr-legend\" style=\"font-size: 19.2px;\">\n            <span class=\"kksr-muted\">Valora este art\u00edculo<\/span>\n    <\/div>\n    <\/div>\n","protected":false},"excerpt":{"rendered":"<p>Verano es sin\u00f3nimo de sol, piel al aire, terrazas eternas y muchas ganas de sentirte bien. Pero tambi\u00e9n es una estaci\u00f3n exigente. Entre el calor, los cambios de rutina, las comidas fuera de casa y el ritmo m\u00e1s ligero (aunque a veces agotador), tu cuerpo necesita un plus. Un empujoncito suave. Un cuidado extra que [&hellip;]<\/p>\n","protected":false},"author":14,"featured_media":127246,"comment_status":"closed","ping_status":"closed","sticky":false,"template":"","format":"standard","meta":{"jnews-multi-image_gallery":[],"jnews_single_post":{"format":"standard"},"jnews_primary_category":[],"jnews_social_meta":[],"jnews_override_counter":[],"footnotes":""},"categories":[6299,6318],"tags":[],"class_list":["post-127235","post","type-post","status-publish","format-standard","has-post-thumbnail","hentry","category-bienestar","category-nutricion"],"_links":{"self":[{"href":"https:\/\/www.primor.eu\/blog\/wp-json\/wp\/v2\/posts\/127235","targetHints":{"allow":["GET"]}}],"collection":[{"href":"https:\/\/www.primor.eu\/blog\/wp-json\/wp\/v2\/posts"}],"about":[{"href":"https:\/\/www.primor.eu\/blog\/wp-json\/wp\/v2\/types\/post"}],"author":[{"embeddable":true,"href":"https:\/\/www.primor.eu\/blog\/wp-json\/wp\/v2\/users\/14"}],"replies":[{"embeddable":true,"href":"https:\/\/www.primor.eu\/blog\/wp-json\/wp\/v2\/comments?post=127235"}],"version-history":[{"count":1,"href":"https:\/\/www.primor.eu\/blog\/wp-json\/wp\/v2\/posts\/127235\/revisions"}],"predecessor-version":[{"id":127265,"href":"https:\/\/www.primor.eu\/blog\/wp-json\/wp\/v2\/posts\/127235\/revisions\/127265"}],"wp:featuredmedia":[{"embeddable":true,"href":"https:\/\/www.primor.eu\/blog\/wp-json\/wp\/v2\/media\/127246"}],"wp:attachment":[{"href":"https:\/\/www.primor.eu\/blog\/wp-json\/wp\/v2\/media?parent=127235"}],"wp:term":[{"taxonomy":"category","embeddable":true,"href":"https:\/\/www.primor.eu\/blog\/wp-json\/wp\/v2\/categories?post=127235"},{"taxonomy":"post_tag","embeddable":true,"href":"https:\/\/www.primor.eu\/blog\/wp-json\/wp\/v2\/tags?post=127235"}],"curies":[{"name":"wp","href":"https:\/\/api.w.org\/{rel}","templated":true}]}}