{"id":127225,"date":"2025-06-09T12:23:17","date_gmt":"2025-06-09T12:23:17","guid":{"rendered":"https:\/\/www.primor.eu\/blog\/?p=127225"},"modified":"2026-03-11T13:43:00","modified_gmt":"2026-03-11T13:43:00","slug":"colores-mas-felices-ciencia","status":"publish","type":"post","link":"https:\/\/www.primor.eu\/blog\/colores-mas-felices-ciencia\/","title":{"rendered":"Los 6 colores m\u00e1s felices seg\u00fan la ciencia"},"content":{"rendered":"\n<p>\u00bfTe has parado alguna vez a pensar por qu\u00e9 te sientes tan bien cuando llevas ese jersey amarillo que te resalta la sonrisa? \u00bfO por qu\u00e9 te cambia el humor al entrar en una habitaci\u00f3n decorada con tonos pastel? La ciencia nos lo confirma: el <strong>color influye directamente en c\u00f3mo nos sentimos. <\/strong>Y s\u00ed, hay colores que nos hacen <strong><a href=\"https:\/\/www.primor.eu\/blog\/mejores-habitos-feliz\/\" data-type=\"link\" data-id=\"https:\/\/www.primor.eu\/blog\/mejores-habitos-feliz\/\">m\u00e1s felices<\/a><\/strong>. Literalmente.<\/p>\n\n\n\n<p>Hoy, en este art\u00edculo de Primor te contamos cu\u00e1les son <strong>los 5 colores m\u00e1s felices<\/strong> seg\u00fan la ciencia\u2026 y c\u00f3mo puedes integrarlos en tu<strong><a href=\"https:\/\/www.primor.eu\/es_es\/natural-y-organico\" data-type=\"link\" data-id=\"https:\/\/www.primor.eu\/es_es\/natural-y-organico\"> rutina de belleza<\/a><\/strong>. Spoiler: no necesitas renovar todo tu armario.<\/p>\n\n\n\n<h2 class=\"wp-block-heading\">Los colores m\u00e1s felices seg\u00fan la ciencia<\/h2>\n\n\n\n<h3 class=\"wp-block-heading\">1\/ Amarillo: el sol en tu piel<\/h3>\n\n\n\n<p>El color de la alegr\u00eda, de las flores que nacen en primavera y de las sonrisas sin filtro. El amarillo estimula la producci\u00f3n de serotonina, la hormona de la felicidad. Y no lo decimos solo nosotras, lo dicen psic\u00f3logos del color como Angela Wright.<\/p>\n\n\n\n<p><strong>\u00bfC\u00f3mo llevarlo?<\/strong> Apunta: sombras doradas, esmaltes mostaza o una mascarilla capilar con envase en este tono (s\u00ed, hasta eso cuenta). Si eres valiente, apuesta por un delineado amarillo mate. Te prometo que no pasar\u00e1s desapercibida, y tu \u00e1nimo tampoco.<\/p>\n\n\n\n<h3 class=\"wp-block-heading\">2\/ Azul cielo: el respiro emocional<\/h3>\n\n\n\n<p>\u00bfHas sentido paz mirando al cielo despejado? No es casualidad. El azul claro transmite tranquilidad, orden y seguridad. Funciona como un peque\u00f1o abrazo invisible al sistema nervioso. De hecho, estudios de la Universidad de Sussex relacionan este color con un ritmo card\u00edaco m\u00e1s bajo. M\u00e1s zen, imposible.<\/p>\n\n\n\n<p><strong>\u00bfC\u00f3mo llevarlo?<\/strong> En tu neceser: sombras baby blue, s\u00e9rums o cremas con envases azul pastel, o incluso una m\u00e1scara de pesta\u00f1as en este tono para d\u00edas en los que quieras salir de lo cl\u00e1sico sin renunciar al buen rollo.<\/p>\n\n\n\n<h3 class=\"wp-block-heading\">3\/ Verde menta: naturaleza en tubo<\/h3>\n\n\n\n<p>El verde es equilibrio. Y si es en su versi\u00f3n menta, suma frescura y dulzura. Representa crecimiento, salud y renovaci\u00f3n. Es como tomarte un matcha, pero en forma de color. La ciencia dice que mirar al verde relaja la vista y conecta con sensaciones de bienestar\u2026 \u00bfY si lo aplicamos tambi\u00e9n al maquillaje?<\/p>\n\n\n\n<p><strong>\u00bfC\u00f3mo llevarlo?<\/strong> Prueba con un labial hidratante con subtono menta (perfecto para primavera), pinta tus u\u00f1as en este color o elige una bruma facial con un packaging que lo tenga. Vas a sentirte como si hubieras hecho yoga, pero sin moverte del tocador.<\/p>\n\n\n\n<h3 class=\"wp-block-heading\">4\/ Coral: vitamina para la piel y el alma<\/h3>\n\n\n\n<p>Entre el rosa y el naranja, vive el coral. Vibrante, luminoso, c\u00e1lido. El coral es energ\u00eda pura, pero sin agobiar. Seg\u00fan un estudio de la Universidad de Rochester, los tonos anaranjados elevan la motivaci\u00f3n y fomentan la sociabilidad. Si alguna vez necesitaste un empujoncito, este color es tu mejor amiga.<\/p>\n\n\n\n<p><strong>\u00bfC\u00f3mo llevarlo?<\/strong> Rubores en crema, b\u00e1lsamos labiales con este tono o incluso una espuma limpiadora con etiqueta coralina. Todo lo que tenga ese toque \u00absunset\u00bb te dar\u00e1 un subid\u00f3n emocional instant\u00e1neo.<\/p>\n\n\n\n<h3 class=\"wp-block-heading\">5\/ Rosa chicle: la felicidad pop<\/h3>\n\n\n\n<p>El rosa no es solo un color. Es un statement. Y si es chicle, todav\u00eda m\u00e1s. En 1979, un estudio en una prisi\u00f3n estadounidense descubri\u00f3 que las paredes rosa bubblegum reduc\u00edan los niveles de agresividad. Desde entonces, muchos hospitales pedi\u00e1tricos lo han adoptado. \u00bfConclusi\u00f3n? El rosa relaja, pero tambi\u00e9n alegra. Es juguet\u00f3n, nost\u00e1lgico, y libre.<\/p>\n\n\n\n<p><strong>\u00bfC\u00f3mo llevarlo?<\/strong> En tu gloss favorito, en una mascarilla facial de burbujas o en tu sombra m\u00e1s atrevida. Da igual c\u00f3mo, pero que est\u00e9.<\/p>\n\n\n\n<h3 class=\"wp-block-heading\">6\/ Naranja: entusiamo y v\u00ednculos<\/h3>\n\n\n\n<p>Produce sensaciones de entusiasmo, sociabilidad y diversi\u00f3n. El naranja estimula a todo el mundo. Solo hay que mirar c\u00f3mo salivamos cuando estamos frente a un reci\u00e9n exprimido zumo de naranja. Y es que incluso suele usarse en marketing para estimular la motivaci\u00f3n y el optimismo.<\/p>\n\n\n\n<p><strong>\u00bfC\u00f3mo llevarlo?<\/strong> Puedes llevar con un outfit en color neutro, un bolso naranja, por ejemplo. O un pa\u00f1uelo en tu cabello. Este color es mejor que est\u00e9 presente en complementos y con mesura, porque puede ser intenso si te pasas.<\/p>\n\n\n<div class=\"kk-star-ratings kksr-auto kksr-align-center kksr-valign-bottom\"\n    data-payload='{&quot;align&quot;:&quot;center&quot;,&quot;id&quot;:&quot;127225&quot;,&quot;slug&quot;:&quot;default&quot;,&quot;valign&quot;:&quot;bottom&quot;,&quot;ignore&quot;:&quot;&quot;,&quot;reference&quot;:&quot;auto&quot;,&quot;class&quot;:&quot;&quot;,&quot;count&quot;:&quot;0&quot;,&quot;legendonly&quot;:&quot;&quot;,&quot;readonly&quot;:&quot;&quot;,&quot;score&quot;:&quot;0&quot;,&quot;starsonly&quot;:&quot;&quot;,&quot;best&quot;:&quot;5&quot;,&quot;gap&quot;:&quot;5&quot;,&quot;greet&quot;:&quot;Valora este art\u00edculo&quot;,&quot;legend&quot;:&quot;0\\\/5 - (0 votos)&quot;,&quot;size&quot;:&quot;24&quot;,&quot;title&quot;:&quot;Los 6 colores m\u00e1s felices seg\u00fan la ciencia&quot;,&quot;width&quot;:&quot;0&quot;,&quot;_legend&quot;:&quot;{score}\\\/{best} - ({count} {votes})&quot;,&quot;font_factor&quot;:&quot;1.25&quot;}'>\n            \n<div class=\"kksr-stars\">\n    \n<div class=\"kksr-stars-inactive\">\n            <div class=\"kksr-star\" data-star=\"1\" style=\"padding-right: 5px\">\n            \n\n<div class=\"kksr-icon\" style=\"width: 24px; height: 24px;\"><\/div>\n        <\/div>\n            <div class=\"kksr-star\" data-star=\"2\" style=\"padding-right: 5px\">\n            \n\n<div class=\"kksr-icon\" style=\"width: 24px; height: 24px;\"><\/div>\n        <\/div>\n            <div class=\"kksr-star\" data-star=\"3\" style=\"padding-right: 5px\">\n            \n\n<div class=\"kksr-icon\" style=\"width: 24px; height: 24px;\"><\/div>\n        <\/div>\n            <div class=\"kksr-star\" data-star=\"4\" style=\"padding-right: 5px\">\n            \n\n<div class=\"kksr-icon\" style=\"width: 24px; height: 24px;\"><\/div>\n        <\/div>\n            <div class=\"kksr-star\" data-star=\"5\" style=\"padding-right: 5px\">\n            \n\n<div class=\"kksr-icon\" style=\"width: 24px; height: 24px;\"><\/div>\n        <\/div>\n    <\/div>\n    \n<div class=\"kksr-stars-active\" style=\"width: 0px;\">\n            <div class=\"kksr-star\" style=\"padding-right: 5px\">\n            \n\n<div class=\"kksr-icon\" style=\"width: 24px; height: 24px;\"><\/div>\n        <\/div>\n            <div class=\"kksr-star\" style=\"padding-right: 5px\">\n            \n\n<div class=\"kksr-icon\" style=\"width: 24px; height: 24px;\"><\/div>\n        <\/div>\n            <div class=\"kksr-star\" style=\"padding-right: 5px\">\n            \n\n<div class=\"kksr-icon\" style=\"width: 24px; height: 24px;\"><\/div>\n        <\/div>\n            <div class=\"kksr-star\" style=\"padding-right: 5px\">\n            \n\n<div class=\"kksr-icon\" style=\"width: 24px; height: 24px;\"><\/div>\n        <\/div>\n            <div class=\"kksr-star\" style=\"padding-right: 5px\">\n            \n\n<div class=\"kksr-icon\" style=\"width: 24px; height: 24px;\"><\/div>\n        <\/div>\n    <\/div>\n<\/div>\n                \n\n<div class=\"kksr-legend\" style=\"font-size: 19.2px;\">\n            <span class=\"kksr-muted\">Valora este art\u00edculo<\/span>\n    <\/div>\n    <\/div>\n","protected":false},"excerpt":{"rendered":"<p>\u00bfTe has parado alguna vez a pensar por qu\u00e9 te sientes tan bien cuando llevas ese jersey amarillo que te resalta la sonrisa? \u00bfO por qu\u00e9 te cambia el humor al entrar en una habitaci\u00f3n decorada con tonos pastel? La ciencia nos lo confirma: el color influye directamente en c\u00f3mo nos sentimos. Y s\u00ed, hay [&hellip;]<\/p>\n","protected":false},"author":14,"featured_media":127255,"comment_status":"closed","ping_status":"closed","sticky":false,"template":"","format":"standard","meta":{"jnews-multi-image_gallery":[],"jnews_single_post":{"format":"standard"},"jnews_primary_category":[],"jnews_social_meta":[],"jnews_override_counter":[],"footnotes":""},"categories":[6299],"tags":[],"class_list":["post-127225","post","type-post","status-publish","format-standard","has-post-thumbnail","hentry","category-bienestar"],"_links":{"self":[{"href":"https:\/\/www.primor.eu\/blog\/wp-json\/wp\/v2\/posts\/127225","targetHints":{"allow":["GET"]}}],"collection":[{"href":"https:\/\/www.primor.eu\/blog\/wp-json\/wp\/v2\/posts"}],"about":[{"href":"https:\/\/www.primor.eu\/blog\/wp-json\/wp\/v2\/types\/post"}],"author":[{"embeddable":true,"href":"https:\/\/www.primor.eu\/blog\/wp-json\/wp\/v2\/users\/14"}],"replies":[{"embeddable":true,"href":"https:\/\/www.primor.eu\/blog\/wp-json\/wp\/v2\/comments?post=127225"}],"version-history":[{"count":2,"href":"https:\/\/www.primor.eu\/blog\/wp-json\/wp\/v2\/posts\/127225\/revisions"}],"predecessor-version":[{"id":140186,"href":"https:\/\/www.primor.eu\/blog\/wp-json\/wp\/v2\/posts\/127225\/revisions\/140186"}],"wp:featuredmedia":[{"embeddable":true,"href":"https:\/\/www.primor.eu\/blog\/wp-json\/wp\/v2\/media\/127255"}],"wp:attachment":[{"href":"https:\/\/www.primor.eu\/blog\/wp-json\/wp\/v2\/media?parent=127225"}],"wp:term":[{"taxonomy":"category","embeddable":true,"href":"https:\/\/www.primor.eu\/blog\/wp-json\/wp\/v2\/categories?post=127225"},{"taxonomy":"post_tag","embeddable":true,"href":"https:\/\/www.primor.eu\/blog\/wp-json\/wp\/v2\/tags?post=127225"}],"curies":[{"name":"wp","href":"https:\/\/api.w.org\/{rel}","templated":true}]}}