{"id":127173,"date":"2025-06-15T12:00:00","date_gmt":"2025-06-15T12:00:00","guid":{"rendered":"https:\/\/www.primor.eu\/blog\/?p=127173"},"modified":"2025-06-04T11:05:59","modified_gmt":"2025-06-04T11:05:59","slug":"consejos-embarazo-verano","status":"publish","type":"post","link":"https:\/\/www.primor.eu\/blog\/consejos-embarazo-verano\/","title":{"rendered":"Embarazo durante el verano: los 5 consejos que te ayudar\u00e1n a sobrevivir a esta \u00e9poca del a\u00f1o"},"content":{"rendered":"\n<p>El <strong>embarazo en verano<\/strong> necesita de unos<strong> cuidados especiales<\/strong>. Si estar embarazada de por s\u00ed, necesita de <a href=\"https:\/\/www.primor.eu\/blog\/mejores-habitos-embarazo\/?srsltid=AfmBOoqglJqhrLBVppIabTWeak-sKkU9QzJ0nbAIY_Zup_uBRuAE121m\" data-type=\"link\" data-id=\"https:\/\/www.primor.eu\/blog\/mejores-habitos-embarazo\/?srsltid=AfmBOoqglJqhrLBVppIabTWeak-sKkU9QzJ0nbAIY_Zup_uBRuAE121m\">cuidados <\/a>que no solemos tener en cuenta en otras etapas de nuestra vida, m\u00e1s a\u00fan los necesita un embarazo en verano.<\/p>\n\n\n\n<p>Vamos a ver cu\u00e1les son los cuidados que necesita un <strong>embarazo en verano<\/strong> y, tambi\u00e9n, los <strong>productos<\/strong> que pueden ayudar a darte estos cuidados y que est\u00e1n disponibles en nuestra tienda.<\/p>\n\n\n\n<h2 class=\"wp-block-heading\">Embarazo en verano: cuidados especiales<\/h2>\n\n\n\n<p>Vamos a ver cu\u00e1les son los cuidados que necesita un embarazo en verano:<\/p>\n\n\n\n<h3 class=\"wp-block-heading\">Protege tu piel<\/h3>\n\n\n\n<p>Protege tu piel con cremas solares especiales y de alta cobertura. Ten en cuenta que la piel es mucho m\u00e1s sensible cuando est\u00e1s embarazada. De hecho, tiene en esta etapa de la vida de una mujer hay mayor propensi\u00f3n a que salgan manchas en la piel. Por eso, hay que protegerse con solares que incluso ayuden con este problema.<\/p>\n\n\n\n<h3 class=\"wp-block-heading\">Alivia tus piernas<\/h3>\n\n\n\n<p>Con el embarazo en verano, sobre todo cuando se est\u00e1 en las \u00faltimas fases, tienden a hincharse las piernas. Con el calor, esto se acent\u00faa. Por eso, es importante que cuides tus piernas especialmente en esta \u00e9poca del a\u00f1o. Para ello, reposa con ellas en alto y usa productos que ayuden a su circulaci\u00f3n y descanso.<\/p>\n\n\n\n<h3 class=\"wp-block-heading\">No salgas cuando hace demasiado calor<\/h3>\n\n\n\n<p>Esto podr\u00eda hacer que sufras un golpe de calor, por lo que es mejor que guardes para tus salidas las primeras o las \u00faltimas horas del d\u00eda. Tambi\u00e9n es recomendable que permanezcas en lugares bien climatizados.<\/p>\n\n\n\n<h3 class=\"wp-block-heading\">Hidr\u00e1tate bien<\/h3>\n\n\n\n<p>Aunque incluso no sientas sed, es importante que bebas dos litros de agua al d\u00eda. Puedes hacerlo ayud\u00e1ndote de infusiones fr\u00edas, zumos de frutas u otras bebidas que te apetezcan. Si sales de casa, lleva una botella de agua contigo.<\/p>\n\n\n\n<h3 class=\"wp-block-heading\">Da paseos a primer o \u00faltima hora del d\u00eda<\/h3>\n\n\n\n<p>Estar embarazada no significa estar sedentaria. Eso s\u00ed, aunque los paseos son muy recomendables en esta etapa porque lo mejor es hacer ejercicio suave, lo mejor con un embarazo en verano es hacerlo cuando sale el sol o cuando se pone.<\/p>\n\n\n\n<h2 class=\"wp-block-heading\">Productos que te ayudar\u00e1n con estos cuidados<\/h2>\n\n\n        <product-table class=\"pr-slider\">\r\n            <product-headers class=\"grid-table-rows\">\r\n                <div>Foto<\/div>\r\n                <div>Producto<\/div>\r\n                <div>Marca<\/div>\r\n                <div>Valoraciones<\/div>\r\n                <div>Precio<\/div>\r\n            <\/product-headers>\r\n\r\n            <product-list>\r\n                                    <a href=\"https:\/\/www.primor.eu\/es_es\/nivea-luminous-630-fluido-antimanchas-fps50-79325.html\" class=\"product-item grid-table-rows\" target=\"_blank\">\r\n                        <div>\r\n                            <img decoding=\"async\" class=\"product-img\" width=\"80px\" height=\"80px\" src=\"https:\/\/cdn2.primor.eu\/media\/catalog\/product\/cache\/8d3aba296f7a18b5251ee30fa5db42b2\/4\/0\/4005900993878_1a7f.jpg\" alt=\"Luminous 630 Fluido Solar Antimanchas FPS50\">\r\n                        <\/div>\r\n\r\n                        <!-- Contenido de producto  -->\r\n                        <div>\r\n                            <div class=\"product-position\">\r\n                                #1 Top Ventas                            <\/div>\r\n\r\n                            <h2>\r\n                                Luminous 630 Fluido Solar Antimanchas FPS50                            <\/h2>\r\n                        <\/div>\r\n\r\n                        <!-- Imagen y\/o nombre de la marca -->\r\n                        <div>\r\n                                                            <img decoding=\"async\" width=\"70\" src=\"https:\/\/www.primor.eu\/media\/catalog\/category\/nivea.png\" alt=\"\">\r\n                                                    <\/div>\r\n\r\n                        <!-- Puntuaci\u00f3n del producto  -->\r\n                        <div class=\"rating\">\r\n                                                            <div class=\"rate\" style=\"--p:98;\"><\/div>\r\n                                <b>4.9\/5<\/b>\r\n                                <div class=\"rate-stars\">\r\n                                                                            <div\r\n                                            class=\"rate-star  \">\r\n                                        <\/div>\r\n                                                                            <div\r\n                                            class=\"rate-star  \">\r\n                                        <\/div>\r\n                                                                            <div\r\n                                            class=\"rate-star  \">\r\n                                        <\/div>\r\n                                                                            <div\r\n                                            class=\"rate-star  \">\r\n                                        <\/div>\r\n                                                                            <div\r\n                                            class=\"rate-star  \">\r\n                                        <\/div>\r\n                                                                    <\/div>\r\n                                                    <\/div>\r\n\r\n                        <!-- Bot\u00f3n de producto  -->\r\n                        <div>\r\n                            <span class=\"price-claim\">\r\n                                VER PRECIO                            <\/span>\r\n                        <\/div>\r\n                    <\/a>\r\n                                    <a href=\"https:\/\/www.primor.eu\/es_es\/natural-honey-locion-piernas-cansadas-12292.html\" class=\"product-item grid-table-rows\" target=\"_blank\">\r\n                        <div>\r\n                            <img decoding=\"async\" class=\"product-img\" width=\"80px\" height=\"80px\" src=\"https:\/\/cdn2.primor.eu\/media\/catalog\/product\/cache\/8d3aba296f7a18b5251ee30fa5db42b2\/2\/B\/2BL01867_1_2f0b.jpg\" alt=\"Loci\u00f3n Piernas Cansadas\">\r\n                        <\/div>\r\n\r\n                        <!-- Contenido de producto  -->\r\n                        <div>\r\n                            <div class=\"product-position\">\r\n                                #2                            <\/div>\r\n\r\n                            <h2>\r\n                                Loci\u00f3n Piernas Cansadas                            <\/h2>\r\n                        <\/div>\r\n\r\n                        <!-- Imagen y\/o nombre de la marca -->\r\n                        <div>\r\n                                                            <img decoding=\"async\" width=\"70\" src=\"https:\/\/www.primor.eu\/media\/catalog\/category\/Natural-Honey.jpg\" alt=\"\">\r\n                                                    <\/div>\r\n\r\n                        <!-- Puntuaci\u00f3n del producto  -->\r\n                        <div class=\"rating\">\r\n                                                            <div class=\"rate\" style=\"--p:90;\"><\/div>\r\n                                <b>4.5\/5<\/b>\r\n                                <div class=\"rate-stars\">\r\n                                                                            <div\r\n                                            class=\"rate-star  \">\r\n                                        <\/div>\r\n                                                                            <div\r\n                                            class=\"rate-star  \">\r\n                                        <\/div>\r\n                                                                            <div\r\n                                            class=\"rate-star  \">\r\n                                        <\/div>\r\n                                                                            <div\r\n                                            class=\"rate-star  \">\r\n                                        <\/div>\r\n                                                                            <div\r\n                                            class=\"rate-star  middle\">\r\n                                        <\/div>\r\n                                                                    <\/div>\r\n                                                    <\/div>\r\n\r\n                        <!-- Bot\u00f3n de producto  -->\r\n                        <div>\r\n                            <span class=\"price-claim\">\r\n                                VER PRECIO                            <\/span>\r\n                        <\/div>\r\n                    <\/a>\r\n                                    <a href=\"https:\/\/www.primor.eu\/es_es\/arganour-aceite-esencial-menta-piperita-100-natural-11734.html\" class=\"product-item grid-table-rows\" target=\"_blank\">\r\n                        <div>\r\n                            <img decoding=\"async\" class=\"product-img\" width=\"80px\" height=\"80px\" src=\"https:\/\/cdn2.primor.eu\/media\/catalog\/product\/cache\/8d3aba296f7a18b5251ee30fa5db42b2\/8\/4\/8435438600348_dc55.png\" alt=\"Aceite Esencial de Menta\">\r\n                        <\/div>\r\n\r\n                        <!-- Contenido de producto  -->\r\n                        <div>\r\n                            <div class=\"product-position\">\r\n                                #3                            <\/div>\r\n\r\n                            <h2>\r\n                                Aceite Esencial de Menta                            <\/h2>\r\n                        <\/div>\r\n\r\n                        <!-- Imagen y\/o nombre de la marca -->\r\n                        <div>\r\n                                                            <img decoding=\"async\" width=\"70\" src=\"https:\/\/www.primor.eu\/media\/catalog\/category\/arganour.jpg\" alt=\"\">\r\n                                                    <\/div>\r\n\r\n                        <!-- Puntuaci\u00f3n del producto  -->\r\n                        <div class=\"rating\">\r\n                                                            <div class=\"rate\" style=\"--p:96;\"><\/div>\r\n                                <b>4.8\/5<\/b>\r\n                                <div class=\"rate-stars\">\r\n                                                                            <div\r\n                                            class=\"rate-star  \">\r\n                                        <\/div>\r\n                                                                            <div\r\n                                            class=\"rate-star  \">\r\n                                        <\/div>\r\n                                                                            <div\r\n                                            class=\"rate-star  \">\r\n                                        <\/div>\r\n                                                                            <div\r\n                                            class=\"rate-star  \">\r\n                                        <\/div>\r\n                                                                            <div\r\n                                            class=\"rate-star  \">\r\n                                        <\/div>\r\n                                                                    <\/div>\r\n                                                    <\/div>\r\n\r\n                        <!-- Bot\u00f3n de producto  -->\r\n                        <div>\r\n                            <span class=\"price-claim\">\r\n                                VER PRECIO                            <\/span>\r\n                        <\/div>\r\n                    <\/a>\r\n                            <\/product-list>\r\n        <\/product-table>\r\n\r\n        \n\n\n\n<h3 class=\"wp-block-heading\">Luminous 630 Fluido Solar Antimanchas FPS50 de Nivea<\/h3>\n\n\n\n<p>El ingrediente patentado LUMINOUS630\u00ae regula la producci\u00f3n de melanina, disminuyendo eficazmente las manchas y aclarando la piel. Este producto est\u00e1 dise\u00f1ado para tratar y prevenir manchas, ofreciendo tres beneficios principales: Reduce las manchas existentes en el rostro. Previene la aparici\u00f3n de nuevas manchas y protege la piel de los radicales libres gracias a su acci\u00f3n antioxidante y alta protecci\u00f3n solar. Unifica el tono de la piel, aclar\u00e1ndola e hidrat\u00e1ndola para una apariencia m\u00e1s uniforme y luminosa.<\/p>\n\n\n    <a class='product' target='_blank' href='https:\/\/www.primor.eu\/es_es\/nivea-luminous-630-fluido-antimanchas-fps50-79325.html'>\r\n        <img loading='async' src='https:\/\/cdn2.primor.eu\/media\/catalog\/product\/cache\/8d3aba296f7a18b5251ee30fa5db42b2\/4\/0\/4005900993878_1a7f.jpg' alt='COMPRAR AHORA'>\r\n            <div class=\"claim\">\r\n                COMPRAR AHORA            <\/div>\r\n        <\/a>\r\n    \n\n\n<h3 class=\"wp-block-heading\">Loci\u00f3n Piernas Cansadas de Natural Honey<\/h3>\n\n\n\n<p>Refresca r\u00e1pidamente proporcionando un alivio inmediato en tus piernas. Elimina esa sensaci\u00f3n de pesadez que se va acumulando sobre tus piernas a lo largo del d\u00eda, dej\u00e1ndolas m\u00e1s ligeras durante 12 horas. Tendr\u00e1n un aspecto menos hinchado y m\u00e1s saludable. Se crea a partir del extracto de vid y centella asi\u00e1tica, una planta originaria de Asia, utilizada en la medicina tradicional china por sus propiedades medicinales.<\/p>\n\n\n    <a class='product' target='_blank' href='https:\/\/www.primor.eu\/es_es\/natural-honey-locion-piernas-cansadas-12292.html'>\r\n        <img loading='async' src='https:\/\/cdn2.primor.eu\/media\/catalog\/product\/cache\/8d3aba296f7a18b5251ee30fa5db42b2\/2\/B\/2BL01867_1_2f0b.jpg' alt='COMPRAR AHORA'>\r\n            <div class=\"claim\">\r\n                COMPRAR AHORA            <\/div>\r\n        <\/a>\r\n    \n\n\n<h3 class=\"wp-block-heading\">Aceite Esencial Menta Piperita 100% Natural de Arganour<\/h3>\n\n\n\n<p>Gracias a su alto contenido en mentol, el Aceite Esencial Menta Piperita 100% Natural de Arganour tiene tambi\u00e9n efectos calmantes para piernas cansadas e hinchadas, refresca la piel y es efectiva en productos cut\u00e1neos, como las lociones para pies y las cremas para despu\u00e9s del sol. Es un aceite con muchas propiedades y efectos beneficiosos como:<\/p>\n\n\n\n<ul class=\"wp-block-list\">\n<li>Efecto analg\u00e9sico<\/li>\n\n\n\n<li>Antimicrobiano<\/li>\n\n\n\n<li>Antiinflamatorio<\/li>\n\n\n\n<li>Calma picores<\/li>\n\n\n\n<li>Astringente<\/li>\n\n\n\n<li>Expectorante (Promover la expulsi\u00f3n de la mucosidad)<\/li>\n\n\n\n<li>Febr\u00edfugo (Reducir fiebre)<\/li>\n\n\n\n<li>Regula la producci\u00f3n de grasa (acn\u00e9, celulitis)<\/li>\n\n\n\n<li>Trara varices y edemas<\/li>\n\n\n\n<li>Retenci\u00f3n de l\u00edquidos<\/li>\n\n\n\n<li>Descongestivo y desodorante<\/li>\n<\/ul>\n\n\n\n<p>\u2714 No testado en animales<\/p>\n\n\n\n<p>\u2714 Vegan Friendly<\/p>\n\n\n    <a class='product' target='_blank' href='https:\/\/www.primor.eu\/es_es\/arganour-aceite-esencial-menta-piperita-100-natural-11734.html'>\r\n        <img loading='async' src='https:\/\/cdn2.primor.eu\/media\/catalog\/product\/cache\/8d3aba296f7a18b5251ee30fa5db42b2\/8\/4\/8435438600348_dc55.png' alt='COMPRAR AHORA'>\r\n            <div class=\"claim\">\r\n                COMPRAR AHORA            <\/div>\r\n        <\/a>\r\n    \n\n<div class=\"kk-star-ratings kksr-auto kksr-align-center kksr-valign-bottom\"\n    data-payload='{&quot;align&quot;:&quot;center&quot;,&quot;id&quot;:&quot;127173&quot;,&quot;slug&quot;:&quot;default&quot;,&quot;valign&quot;:&quot;bottom&quot;,&quot;ignore&quot;:&quot;&quot;,&quot;reference&quot;:&quot;auto&quot;,&quot;class&quot;:&quot;&quot;,&quot;count&quot;:&quot;0&quot;,&quot;legendonly&quot;:&quot;&quot;,&quot;readonly&quot;:&quot;&quot;,&quot;score&quot;:&quot;0&quot;,&quot;starsonly&quot;:&quot;&quot;,&quot;best&quot;:&quot;5&quot;,&quot;gap&quot;:&quot;5&quot;,&quot;greet&quot;:&quot;Valora este art\u00edculo&quot;,&quot;legend&quot;:&quot;0\\\/5 - (0 votos)&quot;,&quot;size&quot;:&quot;24&quot;,&quot;title&quot;:&quot;Embarazo durante el verano: los 5 consejos que te ayudar\u00e1n a sobrevivir a esta \u00e9poca del a\u00f1o&quot;,&quot;width&quot;:&quot;0&quot;,&quot;_legend&quot;:&quot;{score}\\\/{best} - ({count} {votes})&quot;,&quot;font_factor&quot;:&quot;1.25&quot;}'>\n            \n<div class=\"kksr-stars\">\n    \n<div class=\"kksr-stars-inactive\">\n            <div class=\"kksr-star\" data-star=\"1\" style=\"padding-right: 5px\">\n            \n\n<div class=\"kksr-icon\" style=\"width: 24px; height: 24px;\"><\/div>\n        <\/div>\n            <div class=\"kksr-star\" data-star=\"2\" style=\"padding-right: 5px\">\n            \n\n<div class=\"kksr-icon\" style=\"width: 24px; height: 24px;\"><\/div>\n        <\/div>\n            <div class=\"kksr-star\" data-star=\"3\" style=\"padding-right: 5px\">\n            \n\n<div class=\"kksr-icon\" style=\"width: 24px; height: 24px;\"><\/div>\n        <\/div>\n            <div class=\"kksr-star\" data-star=\"4\" style=\"padding-right: 5px\">\n            \n\n<div class=\"kksr-icon\" style=\"width: 24px; height: 24px;\"><\/div>\n        <\/div>\n            <div class=\"kksr-star\" data-star=\"5\" style=\"padding-right: 5px\">\n            \n\n<div class=\"kksr-icon\" style=\"width: 24px; height: 24px;\"><\/div>\n        <\/div>\n    <\/div>\n    \n<div class=\"kksr-stars-active\" style=\"width: 0px;\">\n            <div class=\"kksr-star\" style=\"padding-right: 5px\">\n            \n\n<div class=\"kksr-icon\" style=\"width: 24px; height: 24px;\"><\/div>\n        <\/div>\n            <div class=\"kksr-star\" style=\"padding-right: 5px\">\n            \n\n<div class=\"kksr-icon\" style=\"width: 24px; height: 24px;\"><\/div>\n        <\/div>\n            <div class=\"kksr-star\" style=\"padding-right: 5px\">\n            \n\n<div class=\"kksr-icon\" style=\"width: 24px; height: 24px;\"><\/div>\n        <\/div>\n            <div class=\"kksr-star\" style=\"padding-right: 5px\">\n            \n\n<div class=\"kksr-icon\" style=\"width: 24px; height: 24px;\"><\/div>\n        <\/div>\n            <div class=\"kksr-star\" style=\"padding-right: 5px\">\n            \n\n<div class=\"kksr-icon\" style=\"width: 24px; height: 24px;\"><\/div>\n        <\/div>\n    <\/div>\n<\/div>\n                \n\n<div class=\"kksr-legend\" style=\"font-size: 19.2px;\">\n            <span class=\"kksr-muted\">Valora este art\u00edculo<\/span>\n    <\/div>\n    <\/div>\n","protected":false},"excerpt":{"rendered":"<p>El embarazo en verano necesita de unos cuidados especiales. Si estar embarazada de por s\u00ed, necesita de cuidados que no solemos tener en cuenta en otras etapas de nuestra vida, m\u00e1s a\u00fan los necesita un embarazo en verano. Vamos a ver cu\u00e1les son los cuidados que necesita un embarazo en verano y, tambi\u00e9n, los productos [&hellip;]<\/p>\n","protected":false},"author":30,"featured_media":127175,"comment_status":"closed","ping_status":"closed","sticky":false,"template":"","format":"standard","meta":{"jnews-multi-image_gallery":[],"jnews_single_post":{"format":"standard"},"jnews_primary_category":[],"jnews_social_meta":[],"jnews_override_counter":[],"footnotes":""},"categories":[6310],"tags":[],"class_list":["post-127173","post","type-post","status-publish","format-standard","has-post-thumbnail","hentry","category-embarazo-y-lactancia"],"_links":{"self":[{"href":"https:\/\/www.primor.eu\/blog\/wp-json\/wp\/v2\/posts\/127173","targetHints":{"allow":["GET"]}}],"collection":[{"href":"https:\/\/www.primor.eu\/blog\/wp-json\/wp\/v2\/posts"}],"about":[{"href":"https:\/\/www.primor.eu\/blog\/wp-json\/wp\/v2\/types\/post"}],"author":[{"embeddable":true,"href":"https:\/\/www.primor.eu\/blog\/wp-json\/wp\/v2\/users\/30"}],"replies":[{"embeddable":true,"href":"https:\/\/www.primor.eu\/blog\/wp-json\/wp\/v2\/comments?post=127173"}],"version-history":[{"count":2,"href":"https:\/\/www.primor.eu\/blog\/wp-json\/wp\/v2\/posts\/127173\/revisions"}],"predecessor-version":[{"id":127178,"href":"https:\/\/www.primor.eu\/blog\/wp-json\/wp\/v2\/posts\/127173\/revisions\/127178"}],"wp:featuredmedia":[{"embeddable":true,"href":"https:\/\/www.primor.eu\/blog\/wp-json\/wp\/v2\/media\/127175"}],"wp:attachment":[{"href":"https:\/\/www.primor.eu\/blog\/wp-json\/wp\/v2\/media?parent=127173"}],"wp:term":[{"taxonomy":"category","embeddable":true,"href":"https:\/\/www.primor.eu\/blog\/wp-json\/wp\/v2\/categories?post=127173"},{"taxonomy":"post_tag","embeddable":true,"href":"https:\/\/www.primor.eu\/blog\/wp-json\/wp\/v2\/tags?post=127173"}],"curies":[{"name":"wp","href":"https:\/\/api.w.org\/{rel}","templated":true}]}}