{"id":126909,"date":"2025-06-05T14:11:23","date_gmt":"2025-06-05T14:11:23","guid":{"rendered":"https:\/\/www.primor.eu\/blog\/?p=126909"},"modified":"2026-04-14T07:22:16","modified_gmt":"2026-04-14T07:22:16","slug":"cosmetica-azul","status":"publish","type":"post","link":"https:\/\/www.primor.eu\/blog\/cosmetica-azul\/","title":{"rendered":"Cosm\u00e9tica azul: qu\u00e9 es y por qu\u00e9 est\u00e1 ganando tanto protagonismo"},"content":{"rendered":"\n<p>Imagina esto: abres tu neceser, y ah\u00ed est\u00e1n. Texturas acuosas, envases en tonos que van del azul hielo al azul oc\u00e9ano profundo, y un aroma que te transporta directamente a un spa junto al mar. Bienvenida a la era de la <strong><a href=\"https:\/\/www.primor.eu\/blog\/maquillaje-azul\/\" data-type=\"link\" data-id=\"https:\/\/www.primor.eu\/blog\/maquillaje-azul\/\">cosm\u00e9tica azul<\/a><\/strong>, la tendencia beauty que ha llegado (con fuerza) para quedarse.<\/p>\n\n\n\n<p>Pero antes de que pienses que esto va solo de envases bonitos para Instagram \u2014que tambi\u00e9n\u2014, vamos a lo importante: <strong>\u00bfqu\u00e9 es exactamente la <a href=\"https:\/\/www.primor.eu\/es_es\/hidratantes-y-nutritivas-lujo\" data-type=\"link\" data-id=\"https:\/\/www.primor.eu\/es_es\/hidratantes-y-nutritivas-lujo\">cosm\u00e9tica<\/a> azul? \u00bfY por qu\u00e9 todas las marcas, revistas y gur\u00fas del cuidado facial est\u00e1n hablando de ella como si fuera el Santo Grial del skincare moderno?<\/strong><\/p>\n\n\n\n<h2 class=\"wp-block-heading\">\u00bfQu\u00e9 es la cosm\u00e9tica azul?<\/h2>\n\n\n\n<p>La \u201ccosm\u00e9tica azul\u201d no es solo un t\u00e9rmino de marketing. Es una <strong>corriente dentro del cuidado de la piel que se basa en activos marinos<\/strong> y en tecnolog\u00edas inspiradas por el oc\u00e9ano: algas, plancton, agua de glaciar, minerales marinos, sal marina, col\u00e1geno de origen oce\u00e1nico\u2026 y un largo etc\u00e9tera que huele a brisa marina.<\/p>\n\n\n\n<p>\u00bfPor qu\u00e9 azul? Porque muchas de estas f\u00f3rmulas est\u00e1n literalmente inspiradas (y pigmentadas) por ingredientes marinos. Pero tambi\u00e9n porque evocan ese concepto de <strong>pureza, frescura, calma y limpieza<\/strong> que todas buscamos cuando tenemos la cara cansada y el \u00e1nimo a medio gas.<\/p>\n\n\n\n<h2 class=\"wp-block-heading\">\u00bfPor qu\u00e9 est\u00e1 de moda?<\/h2>\n\n\n\n<p>Tres palabras: <strong>ciencia, sostenibilidad y sensorialidad<\/strong>. Vamos por partes:<\/p>\n\n\n\n<h3 class=\"wp-block-heading\">1\/ Activos eficaces de verdad<\/h3>\n\n\n\n<p>El mar es un laboratorio natural impresionante. Las algas, por ejemplo, son ricas en antioxidantes, vitaminas y minerales. El plancton tiene una capacidad regeneradora incre\u00edble. Y muchos extractos marinos ayudan a reforzar la barrera cut\u00e1nea, a hidratar profundamente y a calmar pieles reactivas.<\/p>\n\n\n\n<p>En resumen: no solo suenan bien, <strong>funcionan<\/strong>.<\/p>\n\n\n\n<h3 class=\"wp-block-heading\">2\/ Un enfoque m\u00e1s sostenible<\/h3>\n\n\n\n<p>Muchas marcas que se suben a esta ola (s\u00ed, lo dije) apuestan por ingredientes cultivados de forma responsable, sistemas de extracci\u00f3n que no da\u00f1an el ecosistema marino, y envases reciclables o incluso libres de pl\u00e1stico.<\/p>\n\n\n\n<p>Porque no sirve de nada tener la piel radiante si el planeta est\u00e1 pidiendo auxilio.<\/p>\n\n\n\n<h3 class=\"wp-block-heading\">3\/ Una experiencia sensorial \u00fanica<\/h3>\n\n\n\n<p>Texturas en gel, aromas que relajan, colores que transmiten paz\u2026 La cosm\u00e9tica azul no solo cuida tu piel, <strong>cuida tu momento<\/strong>. Ese ratito de \u201cme lo merezco\u201d frente al espejo se transforma en una mini escapada al mar. Sin billete de avi\u00f3n, sin maleta y sin rastro de arena.<\/p>\n\n\n\n<h2 class=\"wp-block-heading\">\u00bfPara qu\u00e9 tipo de piel sirve?<\/h2>\n\n\n\n<p>Buena noticia: <strong>para casi todas<\/strong>. La mayor\u00eda de los productos de cosm\u00e9tica azul est\u00e1n formulados para hidratar, calmar, revitalizar o regenerar. Es decir, lo que m\u00e1s necesitamos en una piel urbana, estresada y con ganas de reset.<\/p>\n\n\n\n<p>\u00bfTienes la piel sensible? Hay versiones con agua termal y algas calmantes. \u00bfPiel grasa? Las f\u00f3rmulas en gel tipo agua son tus aliadas. \u00bfPiel seca o apagada? Los ingredientes marinos ayudan a recuperar luminosidad y elasticidad.<\/p>\n\n\n\n<h2 class=\"wp-block-heading\">Marcas que ya est\u00e1n surfeando esta tendencia<\/h2>\n\n\n\n<p>En <strong>Primor<\/strong> puedes encontrar varias marcas que apuestan fuerte por la cosm\u00e9tica azul:<\/p>\n\n\n\n<ul class=\"wp-block-list\">\n<li><a href=\"https:\/\/www.primor.eu\/es_es\/biotherm\"><strong>Biotherm<\/strong><\/a>, con su ic\u00f3nico <em>Life Plankton Elixir<\/em><\/li>\n\n\n\n<li><a href=\"https:\/\/www.primor.eu\/es_es\/l-oreal-paris\"><strong>L'Or\u00e9al Paris<\/strong>,<\/a> con s\u00e9rums azules y texturas acu\u00e1ticas irresistibles<\/li>\n\n\n\n<li><a href=\"https:\/\/www.primor.eu\/es_es\/biovene\"><strong>Biov\u00e8ne<\/strong><\/a>, con sticks s\u00f3lidos, pr\u00e1cticos y respetuosos<\/li>\n<\/ul>\n\n\n\n<p>Y lo mejor: cada vez hay m\u00e1s opciones sostenibles y accesibles. Porque cuidar tu piel no deber\u00eda ser un lujo (y cuidar el planeta, mucho menos).<\/p>\n\n\n\n<h2 class=\"wp-block-heading\">Dos productos infalibles de cosm\u00e9tica azul<\/h2>\n\n\n\n<h3 class=\"wp-block-heading\">Aquapower Confort Gel Hidratante Piel Seca de Biotherm<\/h3>\n\n\n\n<p>Ingredientes clave: Enriquecido con Life Plankton\u2122 calmante, un ingrediente regenerador \u00fanico de la industria cosm\u00e9tica, que hace que la piel se sienta profundamente hidratada, revitalizada y ultra fresca tras la aplicaci\u00f3n de este gel hidratante para el rostro.<\/p>\n\n\n\n<p>Textura: Esta crema hidratante facial para hombres tiene una textura de gel de agua ultraligera y transpirable. No es pegajoso ni graso. Efecto refrescante inmediato. Penetraci\u00f3n r\u00e1pida. R\u00e1pida absorci\u00f3n. Sin parabenos. Sin aceites minerales. Sin EDTA.<\/p>\n\n\n    <a class='product' target='_blank' href='https:\/\/www.primor.eu\/es_es\/biotherm-aquapower-confort-gel-hidratante-piel-seca-17629.html'>\r\n        <img loading='async' src='https:\/\/cdn2.primor.eu\/media\/catalog\/product\/cache\/8d3aba296f7a18b5251ee30fa5db42b2\/0\/T\/0TM01387_1_c70b.jpg' alt='COMPRAR AHORA'>\r\n            <div class=\"claim\">\r\n                COMPRAR AHORA            <\/div>\r\n        <\/a>\r\n    \n\n\n<h3 class=\"wp-block-heading\">Hyaluronic Hydro Crema Corporal Ultrahidratante de Biov\u00e8ne<\/h3>\n\n\n\n<p>Tratamiento de crema corporal ultrahidratante para pieles extra secas con \u00e1cido hialur\u00f3nico hidratante y aguacate org\u00e1nico que nutre intensamente la piel para ayudar a restaurar su barrera protectora y recuperar inmediatamente una suavidad sedosa al tacto<\/p>\n\n\n\n<p>El \u00e1cido hialur\u00f3nico rellena visiblemente y ayuda a retener la humedad natural de la piel para reducir la apariencia de l\u00edneas finas y arrugas.<br><\/p>\n\n\n    <a class='product' target='_blank' href='https:\/\/www.primor.eu\/es_es\/biovene-hyaluronic-hydro-crema-corporal-ultrahidratante-72271.html'>\r\n        <img loading='async' src='https:\/\/cdn2.primor.eu\/media\/catalog\/product\/cache\/8d3aba296f7a18b5251ee30fa5db42b2\/0\/T\/0TN03244_1_1436.jpg' alt='COMPRAR AHORA'>\r\n            <div class=\"claim\">\r\n                COMPRAR AHORA            <\/div>\r\n        <\/a>\r\n    \n\n<div class=\"kk-star-ratings kksr-auto kksr-align-center kksr-valign-bottom\"\n    data-payload='{&quot;align&quot;:&quot;center&quot;,&quot;id&quot;:&quot;126909&quot;,&quot;slug&quot;:&quot;default&quot;,&quot;valign&quot;:&quot;bottom&quot;,&quot;ignore&quot;:&quot;&quot;,&quot;reference&quot;:&quot;auto&quot;,&quot;class&quot;:&quot;&quot;,&quot;count&quot;:&quot;0&quot;,&quot;legendonly&quot;:&quot;&quot;,&quot;readonly&quot;:&quot;&quot;,&quot;score&quot;:&quot;0&quot;,&quot;starsonly&quot;:&quot;&quot;,&quot;best&quot;:&quot;5&quot;,&quot;gap&quot;:&quot;5&quot;,&quot;greet&quot;:&quot;Valora este art\u00edculo&quot;,&quot;legend&quot;:&quot;0\\\/5 - (0 votos)&quot;,&quot;size&quot;:&quot;24&quot;,&quot;title&quot;:&quot;Cosm\u00e9tica azul: qu\u00e9 es y por qu\u00e9 est\u00e1 ganando tanto protagonismo&quot;,&quot;width&quot;:&quot;0&quot;,&quot;_legend&quot;:&quot;{score}\\\/{best} - ({count} {votes})&quot;,&quot;font_factor&quot;:&quot;1.25&quot;}'>\n            \n<div class=\"kksr-stars\">\n    \n<div class=\"kksr-stars-inactive\">\n            <div class=\"kksr-star\" data-star=\"1\" style=\"padding-right: 5px\">\n            \n\n<div class=\"kksr-icon\" style=\"width: 24px; height: 24px;\"><\/div>\n        <\/div>\n            <div class=\"kksr-star\" data-star=\"2\" style=\"padding-right: 5px\">\n            \n\n<div class=\"kksr-icon\" style=\"width: 24px; height: 24px;\"><\/div>\n        <\/div>\n            <div class=\"kksr-star\" data-star=\"3\" style=\"padding-right: 5px\">\n            \n\n<div class=\"kksr-icon\" style=\"width: 24px; height: 24px;\"><\/div>\n        <\/div>\n            <div class=\"kksr-star\" data-star=\"4\" style=\"padding-right: 5px\">\n            \n\n<div class=\"kksr-icon\" style=\"width: 24px; height: 24px;\"><\/div>\n        <\/div>\n            <div class=\"kksr-star\" data-star=\"5\" style=\"padding-right: 5px\">\n            \n\n<div class=\"kksr-icon\" style=\"width: 24px; height: 24px;\"><\/div>\n        <\/div>\n    <\/div>\n    \n<div class=\"kksr-stars-active\" style=\"width: 0px;\">\n            <div class=\"kksr-star\" style=\"padding-right: 5px\">\n            \n\n<div class=\"kksr-icon\" style=\"width: 24px; height: 24px;\"><\/div>\n        <\/div>\n            <div class=\"kksr-star\" style=\"padding-right: 5px\">\n            \n\n<div class=\"kksr-icon\" style=\"width: 24px; height: 24px;\"><\/div>\n        <\/div>\n            <div class=\"kksr-star\" style=\"padding-right: 5px\">\n            \n\n<div class=\"kksr-icon\" style=\"width: 24px; height: 24px;\"><\/div>\n        <\/div>\n            <div class=\"kksr-star\" style=\"padding-right: 5px\">\n            \n\n<div class=\"kksr-icon\" style=\"width: 24px; height: 24px;\"><\/div>\n        <\/div>\n            <div class=\"kksr-star\" style=\"padding-right: 5px\">\n            \n\n<div class=\"kksr-icon\" style=\"width: 24px; height: 24px;\"><\/div>\n        <\/div>\n    <\/div>\n<\/div>\n                \n\n<div class=\"kksr-legend\" style=\"font-size: 19.2px;\">\n            <span class=\"kksr-muted\">Valora este art\u00edculo<\/span>\n    <\/div>\n    <\/div>\n","protected":false},"excerpt":{"rendered":"<p>Imagina esto: abres tu neceser, y ah\u00ed est\u00e1n. Texturas acuosas, envases en tonos que van del azul hielo al azul oc\u00e9ano profundo, y un aroma que te transporta directamente a un spa junto al mar. Bienvenida a la era de la cosm\u00e9tica azul, la tendencia beauty que ha llegado (con fuerza) para quedarse. Pero antes [&hellip;]<\/p>\n","protected":false},"author":14,"featured_media":126920,"comment_status":"closed","ping_status":"closed","sticky":false,"template":"","format":"standard","meta":{"jnews-multi-image_gallery":[],"jnews_single_post":{"format":"standard"},"jnews_primary_category":[],"jnews_social_meta":[],"jnews_override_counter":[],"footnotes":""},"categories":[29],"tags":[],"class_list":["post-126909","post","type-post","status-publish","format-standard","has-post-thumbnail","hentry","category-cosmetica"],"_links":{"self":[{"href":"https:\/\/www.primor.eu\/blog\/wp-json\/wp\/v2\/posts\/126909","targetHints":{"allow":["GET"]}}],"collection":[{"href":"https:\/\/www.primor.eu\/blog\/wp-json\/wp\/v2\/posts"}],"about":[{"href":"https:\/\/www.primor.eu\/blog\/wp-json\/wp\/v2\/types\/post"}],"author":[{"embeddable":true,"href":"https:\/\/www.primor.eu\/blog\/wp-json\/wp\/v2\/users\/14"}],"replies":[{"embeddable":true,"href":"https:\/\/www.primor.eu\/blog\/wp-json\/wp\/v2\/comments?post=126909"}],"version-history":[{"count":2,"href":"https:\/\/www.primor.eu\/blog\/wp-json\/wp\/v2\/posts\/126909\/revisions"}],"predecessor-version":[{"id":141208,"href":"https:\/\/www.primor.eu\/blog\/wp-json\/wp\/v2\/posts\/126909\/revisions\/141208"}],"wp:featuredmedia":[{"embeddable":true,"href":"https:\/\/www.primor.eu\/blog\/wp-json\/wp\/v2\/media\/126920"}],"wp:attachment":[{"href":"https:\/\/www.primor.eu\/blog\/wp-json\/wp\/v2\/media?parent=126909"}],"wp:term":[{"taxonomy":"category","embeddable":true,"href":"https:\/\/www.primor.eu\/blog\/wp-json\/wp\/v2\/categories?post=126909"},{"taxonomy":"post_tag","embeddable":true,"href":"https:\/\/www.primor.eu\/blog\/wp-json\/wp\/v2\/tags?post=126909"}],"curies":[{"name":"wp","href":"https:\/\/api.w.org\/{rel}","templated":true}]}}