{"id":126898,"date":"2025-06-02T14:10:57","date_gmt":"2025-06-02T14:10:57","guid":{"rendered":"https:\/\/www.primor.eu\/blog\/?p=126898"},"modified":"2025-05-30T14:15:27","modified_gmt":"2025-05-30T14:15:27","slug":"diferencias-envases-reciclables-reciclados-biodegradables","status":"publish","type":"post","link":"https:\/\/www.primor.eu\/blog\/diferencias-envases-reciclables-reciclados-biodegradables\/","title":{"rendered":"Las diferencias entre los envases reciclables, reciclados y biodegradables"},"content":{"rendered":"\n<p>Vamos a hablar claro. Todos amamos una buena crema con textura de nube, un s\u00e9rum que nos deja la cara como si hubi\u00e9ramos dormido ocho horas (aunque hayan sido cuatro) y un pintalabios que grita tengo la vida resuelta. Pero, \u00bfalguna vez te has detenido a mirar el <strong>envase<\/strong>? No la etiqueta rosa, ni el dise\u00f1o aesthetic, sino el material que est\u00e1s sosteniendo.<\/p>\n\n\n\n<p>Si eres de las que piensa que ecol\u00f3gico es solo una palabra bonita que las marcas usan para venderte m\u00e1s caro, este art\u00edculo es para ti. Porque no, no es lo mismo un envase reciclable que uno reciclado o biodegradable. Y s\u00ed, saberlo importa. Mucho m\u00e1s de lo que crees.<\/p>\n\n\n\n<h2 class=\"wp-block-heading\">Envase reciclable: el que tiene potencial (pero depende de ti)<\/h2>\n\n\n\n<p>Empecemos con el <em>envase reciclable<\/em>. Es como ese ex con potencial: <strong>puede mejorar<\/strong>, pero solo si alguien hace el trabajo. Un envase reciclable es aquel que <em>puede ser transformado<\/em> en otro producto si se deposita en el contenedor correcto y el proceso de reciclaje se realiza correctamente. Pero aqu\u00ed est\u00e1 la clave: si tiras ese tarro de crema con restos de producto al contenedor amarillo, probablemente acabe en el vertedero. \u00bfPor qu\u00e9? Porque est\u00e1 sucio, y el reciclaje no es magia. Requiere colaboraci\u00f3n.<\/p>\n\n\n\n<p>Entonces, <em>s\u00ed<\/em>, que tu champ\u00fa venga en una botella reciclable es genial. Pero si no la limpias y reciclas bien, es como si no lo fuera.<\/p>\n\n\n\n<h2 class=\"wp-block-heading\">Envase reciclado: el que ya tuvo otra vida (y volvi\u00f3 mejor)<\/h2>\n\n\n\n<p>El <em>envase reciclado<\/em>, en cambio, <strong>es el que ya ha sido reciclado<\/strong>. Es decir, ese bote de gel que est\u00e1s usando ahora puede haber sido una botella de agua en otra vida. Esto no solo reduce la necesidad de producir m\u00e1s pl\u00e1stico nuevo (gracias, petr\u00f3leo, pero no gracias), sino que disminuye la huella ambiental de cada producto.<\/p>\n\n\n\n<p>Y aqu\u00ed es donde entran las marcas <em>realmente comprometidas<\/em>, las que apuestan por materiales reciclados, aunque les cueste un poco m\u00e1s. \u00bfLa diferencia? T\u00fa, tu piel y el planeta ganan. Y eso, perdona, es m\u00e1s sostenible que cualquier tendencia viral.<\/p>\n\n\n\n<h2 class=\"wp-block-heading\">Envase biodegradable: el Houdini de los envases<\/h2>\n\n\n\n<p>Ahora vamos con la joya de la corona del marketing verde: el <em>envase biodegradable<\/em>. Aqu\u00ed hablamos de materiales que se descomponen de forma natural, sin dejar rastro t\u00f3xico y sin necesitar un complejo sistema de reciclaje. Ideal, \u00bfverdad? S\u00ed, pero con matices.<\/p>\n\n\n\n<p>Porque biodegradable <strong>no significa que puedas tirarlo al monte como si fuera una semilla<\/strong>. Muchos materiales biodegradables necesitan condiciones espec\u00edficas para degradarse bien: humedad, temperatura, microorganismos... Y, spoiler, no todos los vertederos las tienen. Adem\u00e1s, no todo lo biodegradable es compostable, que es otro nivel (m\u00e1s exigente, m\u00e1s guay).<\/p>\n\n\n\n<h2 class=\"wp-block-heading\">\u00bfY qu\u00e9 tiene que ver esto con tu neceser?<\/h2>\n\n\n\n<p>Todo. Porque la industria de la belleza, aunque cada vez m\u00e1s consciente, sigue generando toneladas de residuos. Y t\u00fa, como consumidora, tienes el poder de cambiar eso. No se trata de vivir sin cosm\u00e9ticos, sino de elegir mejor. De mirar la etiqueta m\u00e1s all\u00e1 de los activos de moda y preguntarte: \u00bfqu\u00e9 va a pasar con este bote cuando lo termine?<\/p>\n\n\n<div class=\"kk-star-ratings kksr-auto kksr-align-center kksr-valign-bottom\"\n    data-payload='{&quot;align&quot;:&quot;center&quot;,&quot;id&quot;:&quot;126898&quot;,&quot;slug&quot;:&quot;default&quot;,&quot;valign&quot;:&quot;bottom&quot;,&quot;ignore&quot;:&quot;&quot;,&quot;reference&quot;:&quot;auto&quot;,&quot;class&quot;:&quot;&quot;,&quot;count&quot;:&quot;0&quot;,&quot;legendonly&quot;:&quot;&quot;,&quot;readonly&quot;:&quot;&quot;,&quot;score&quot;:&quot;0&quot;,&quot;starsonly&quot;:&quot;&quot;,&quot;best&quot;:&quot;5&quot;,&quot;gap&quot;:&quot;5&quot;,&quot;greet&quot;:&quot;Valora este art\u00edculo&quot;,&quot;legend&quot;:&quot;0\\\/5 - (0 votos)&quot;,&quot;size&quot;:&quot;24&quot;,&quot;title&quot;:&quot;Las diferencias entre los envases reciclables, reciclados y biodegradables&quot;,&quot;width&quot;:&quot;0&quot;,&quot;_legend&quot;:&quot;{score}\\\/{best} - ({count} {votes})&quot;,&quot;font_factor&quot;:&quot;1.25&quot;}'>\n            \n<div class=\"kksr-stars\">\n    \n<div class=\"kksr-stars-inactive\">\n            <div class=\"kksr-star\" data-star=\"1\" style=\"padding-right: 5px\">\n            \n\n<div class=\"kksr-icon\" style=\"width: 24px; height: 24px;\"><\/div>\n        <\/div>\n            <div class=\"kksr-star\" data-star=\"2\" style=\"padding-right: 5px\">\n            \n\n<div class=\"kksr-icon\" style=\"width: 24px; height: 24px;\"><\/div>\n        <\/div>\n            <div class=\"kksr-star\" data-star=\"3\" style=\"padding-right: 5px\">\n            \n\n<div class=\"kksr-icon\" style=\"width: 24px; height: 24px;\"><\/div>\n        <\/div>\n            <div class=\"kksr-star\" data-star=\"4\" style=\"padding-right: 5px\">\n            \n\n<div class=\"kksr-icon\" style=\"width: 24px; height: 24px;\"><\/div>\n        <\/div>\n            <div class=\"kksr-star\" data-star=\"5\" style=\"padding-right: 5px\">\n            \n\n<div class=\"kksr-icon\" style=\"width: 24px; height: 24px;\"><\/div>\n        <\/div>\n    <\/div>\n    \n<div class=\"kksr-stars-active\" style=\"width: 0px;\">\n            <div class=\"kksr-star\" style=\"padding-right: 5px\">\n            \n\n<div class=\"kksr-icon\" style=\"width: 24px; height: 24px;\"><\/div>\n        <\/div>\n            <div class=\"kksr-star\" style=\"padding-right: 5px\">\n            \n\n<div class=\"kksr-icon\" style=\"width: 24px; height: 24px;\"><\/div>\n        <\/div>\n            <div class=\"kksr-star\" style=\"padding-right: 5px\">\n            \n\n<div class=\"kksr-icon\" style=\"width: 24px; height: 24px;\"><\/div>\n        <\/div>\n            <div class=\"kksr-star\" style=\"padding-right: 5px\">\n            \n\n<div class=\"kksr-icon\" style=\"width: 24px; height: 24px;\"><\/div>\n        <\/div>\n            <div class=\"kksr-star\" style=\"padding-right: 5px\">\n            \n\n<div class=\"kksr-icon\" style=\"width: 24px; height: 24px;\"><\/div>\n        <\/div>\n    <\/div>\n<\/div>\n                \n\n<div class=\"kksr-legend\" style=\"font-size: 19.2px;\">\n            <span class=\"kksr-muted\">Valora este art\u00edculo<\/span>\n    <\/div>\n    <\/div>\n","protected":false},"excerpt":{"rendered":"<p>Vamos a hablar claro. Todos amamos una buena crema con textura de nube, un s\u00e9rum que nos deja la cara como si hubi\u00e9ramos dormido ocho horas (aunque hayan sido cuatro) y un pintalabios que grita tengo la vida resuelta. Pero, \u00bfalguna vez te has detenido a mirar el envase? No la etiqueta rosa, ni el [&hellip;]<\/p>\n","protected":false},"author":14,"featured_media":126929,"comment_status":"closed","ping_status":"closed","sticky":false,"template":"","format":"standard","meta":{"jnews-multi-image_gallery":[],"jnews_single_post":{"format":"standard"},"jnews_primary_category":[],"jnews_social_meta":[],"jnews_override_counter":[],"footnotes":""},"categories":[6299],"tags":[],"class_list":["post-126898","post","type-post","status-publish","format-standard","has-post-thumbnail","hentry","category-bienestar"],"_links":{"self":[{"href":"https:\/\/www.primor.eu\/blog\/wp-json\/wp\/v2\/posts\/126898","targetHints":{"allow":["GET"]}}],"collection":[{"href":"https:\/\/www.primor.eu\/blog\/wp-json\/wp\/v2\/posts"}],"about":[{"href":"https:\/\/www.primor.eu\/blog\/wp-json\/wp\/v2\/types\/post"}],"author":[{"embeddable":true,"href":"https:\/\/www.primor.eu\/blog\/wp-json\/wp\/v2\/users\/14"}],"replies":[{"embeddable":true,"href":"https:\/\/www.primor.eu\/blog\/wp-json\/wp\/v2\/comments?post=126898"}],"version-history":[{"count":1,"href":"https:\/\/www.primor.eu\/blog\/wp-json\/wp\/v2\/posts\/126898\/revisions"}],"predecessor-version":[{"id":126930,"href":"https:\/\/www.primor.eu\/blog\/wp-json\/wp\/v2\/posts\/126898\/revisions\/126930"}],"wp:featuredmedia":[{"embeddable":true,"href":"https:\/\/www.primor.eu\/blog\/wp-json\/wp\/v2\/media\/126929"}],"wp:attachment":[{"href":"https:\/\/www.primor.eu\/blog\/wp-json\/wp\/v2\/media?parent=126898"}],"wp:term":[{"taxonomy":"category","embeddable":true,"href":"https:\/\/www.primor.eu\/blog\/wp-json\/wp\/v2\/categories?post=126898"},{"taxonomy":"post_tag","embeddable":true,"href":"https:\/\/www.primor.eu\/blog\/wp-json\/wp\/v2\/tags?post=126898"}],"curies":[{"name":"wp","href":"https:\/\/api.w.org\/{rel}","templated":true}]}}