{"id":126673,"date":"2025-05-25T17:00:00","date_gmt":"2025-05-25T17:00:00","guid":{"rendered":"https:\/\/www.primor.eu\/blog\/?p=126673"},"modified":"2025-05-21T18:25:17","modified_gmt":"2025-05-21T18:25:17","slug":"mejores-reparadores-de-unas","status":"publish","type":"post","link":"https:\/\/www.primor.eu\/blog\/mejores-reparadores-de-unas\/","title":{"rendered":"Los 5 mejores reparadores de u\u00f1as y c\u00f3mo se usan"},"content":{"rendered":"\n<p>Los <strong><a href=\"https:\/\/www.primor.eu\/blog\/peligros-unas-de-gel\/?srsltid=AfmBOoqld_DHJJj-gIcYmYRNpZfstxwYfAijOy2iv5Q2_EFF_GC8CtEB\" data-type=\"link\" data-id=\"https:\/\/www.primor.eu\/blog\/peligros-unas-de-gel\/?srsltid=AfmBOoqld_DHJJj-gIcYmYRNpZfstxwYfAijOy2iv5Q2_EFF_GC8CtEB\">reparadores de u\u00f1as<\/a><\/strong> son cada vez m\u00e1s comunes. Hay que tener en cuenta que muchas de nosotras nos hacemos la manicura a menudo, lo que quiere decir que nuestras u\u00f1as no respiran correctamente.\u00a0<\/p>\n\n\n\n<p>No lo hacen porque est\u00e1n taponadas con <strong>manicuras permanentes<\/strong> o con<strong> esmaltes <\/strong>constantemente. Por eso, ya sea que llevas u\u00f1as postizas, u\u00f1as de gel o que sueles pintarte las u\u00f1as a menudo, los reparadores de u\u00f1as son geniales para nutrirlas y dejarles descansar.<\/p>\n\n\n\n<p>Es m\u00e1s, ni siquiera es necesario que tus u\u00f1as est\u00e9n <strong>da\u00f1adas<\/strong> por la manicura para que decidas cuidarlas un poco m\u00e1s con los reparadores de u\u00f1as que te vamos a recomendar y que est\u00e1n disponibles en nuestra tienda.<\/p>\n\n\n\n<h2 class=\"wp-block-heading\">Reparadores de u\u00f1as: c\u00f3mo se usan<\/h2>\n\n\n\n<p>Te contamos cu\u00e1l es el paso a paso para usar reparadores de u\u00f1as por si es tu primera vez o por si quieres saber si los usas correctamente.&nbsp;<\/p>\n\n\n\n<ol class=\"wp-block-list\">\n<li><strong>Retira el esmalte<\/strong>: si lo llevas, preferentemente con quitaesmalte sin acetona si es posible con la manicura que llevas, ya que es menos da\u00f1ino.<\/li>\n\n\n\n<li><strong>Limpia tus u\u00f1as<\/strong>: en el caso de que queden restos de esmalte o algo entre las u\u00f1as. Puedes centrarte tambi\u00e9n en las cut\u00edculas y aprovechar para repararlas.<\/li>\n\n\n\n<li><strong>Lima tus u\u00f1as<\/strong>: si lo necesitas o incluso c\u00f3rtalas antes de darles forma con la lima si es que est\u00e1n muy largas.<\/li>\n\n\n\n<li><strong>Aplica el reparador<\/strong>: ahora es el momento de hacerlo. Para ello pon una capa delgada, exactamente igual que si fuera un esmalte. Cubre para ello toda la u\u00f1a menos la parte de la cut\u00edcula.<\/li>\n\n\n\n<li><strong>Pon otra capa<\/strong>: para que se nutran m\u00e1s las u\u00f1as, sobre todo si as\u00ed lo indica el producto o si las u\u00f1as est\u00e1n muy da\u00f1adas.<\/li>\n\n\n\n<li>Deja secar: del todo antes de tocar agua o usar las manos para cualquier otra cosa.<\/li>\n\n\n\n<li><strong>Repite<\/strong>: al menos una vez cada semana o cada dos semanas, dejando descansar tus u\u00f1as si llevas esmalte para que puedan nutrirse.<\/li>\n<\/ol>\n\n\n\n<h2 class=\"wp-block-heading\">Reparadores de u\u00f1as: los mejores de nuestra tienda<\/h2>\n\n\n        <product-table class=\"pr-slider\">\r\n            <product-headers class=\"grid-table-rows\">\r\n                <div>Foto<\/div>\r\n                <div>Producto<\/div>\r\n                <div>Marca<\/div>\r\n                <div>Valoraciones<\/div>\r\n                <div>Precio<\/div>\r\n            <\/product-headers>\r\n\r\n            <product-list>\r\n                                    <a href=\"https:\/\/www.primor.eu\/es_es\/essie-tratamiento-to-the-rescue-121658.html\" class=\"product-item grid-table-rows\" target=\"_blank\">\r\n                        <div>\r\n                            <img decoding=\"async\" class=\"product-img\" width=\"80px\" height=\"80px\" src=\"https:\/\/cdn2.primor.eu\/media\/catalog\/product\/cache\/8d3aba296f7a18b5251ee30fa5db42b2\/3\/6\/3600531699710_1_ad6e.jpg\" alt=\"Gel Reparador de U\u00f1as To The Rescue\">\r\n                        <\/div>\r\n\r\n                        <!-- Contenido de producto  -->\r\n                        <div>\r\n                            <div class=\"product-position\">\r\n                                #1 Top Ventas                            <\/div>\r\n\r\n                            <h2>\r\n                                Gel Reparador de U\u00f1as To The Rescue                            <\/h2>\r\n                        <\/div>\r\n\r\n                        <!-- Imagen y\/o nombre de la marca -->\r\n                        <div>\r\n                                                            <img decoding=\"async\" width=\"70\" src=\"https:\/\/www.primor.eu\/media\/catalog\/category\/essie.png\" alt=\"\">\r\n                                                    <\/div>\r\n\r\n                        <!-- Puntuaci\u00f3n del producto  -->\r\n                        <div class=\"rating\">\r\n                                                            <div class=\"rate\" style=\"--p:90;\"><\/div>\r\n                                <b>4.5\/5<\/b>\r\n                                <div class=\"rate-stars\">\r\n                                                                            <div\r\n                                            class=\"rate-star  \">\r\n                                        <\/div>\r\n                                                                            <div\r\n                                            class=\"rate-star  \">\r\n                                        <\/div>\r\n                                                                            <div\r\n                                            class=\"rate-star  \">\r\n                                        <\/div>\r\n                                                                            <div\r\n                                            class=\"rate-star  \">\r\n                                        <\/div>\r\n                                                                            <div\r\n                                            class=\"rate-star  middle\">\r\n                                        <\/div>\r\n                                                                    <\/div>\r\n                                                    <\/div>\r\n\r\n                        <!-- Bot\u00f3n de producto  -->\r\n                        <div>\r\n                            <span class=\"price-claim\">\r\n                                VER PRECIO                            <\/span>\r\n                        <\/div>\r\n                    <\/a>\r\n                                    <a href=\"https:\/\/www.primor.eu\/es_es\/beter-nail-care-mascarilla-reparadora-de-unas-noche-35826.html\" class=\"product-item grid-table-rows\" target=\"_blank\">\r\n                        <div>\r\n                            <img decoding=\"async\" class=\"product-img\" width=\"80px\" height=\"80px\" src=\"https:\/\/cdn2.primor.eu\/media\/catalog\/product\/cache\/8d3aba296f7a18b5251ee30fa5db42b2\/8\/4\/8412122400538_7faf.png\" alt=\"Nail Care Mascarilla Reparadora de U\u00f1as Noche\">\r\n                        <\/div>\r\n\r\n                        <!-- Contenido de producto  -->\r\n                        <div>\r\n                            <div class=\"product-position\">\r\n                                #2                            <\/div>\r\n\r\n                            <h2>\r\n                                Nail Care Mascarilla Reparadora de U\u00f1as Noche                            <\/h2>\r\n                        <\/div>\r\n\r\n                        <!-- Imagen y\/o nombre de la marca -->\r\n                        <div>\r\n                                                            <img decoding=\"async\" width=\"70\" src=\"https:\/\/www.primor.eu\/media\/catalog\/category\/BETER.jpg\" alt=\"\">\r\n                                                    <\/div>\r\n\r\n                        <!-- Puntuaci\u00f3n del producto  -->\r\n                        <div class=\"rating\">\r\n                                                            <div class=\"rate\" style=\"--p:78;\"><\/div>\r\n                                <b>3.9\/5<\/b>\r\n                                <div class=\"rate-stars\">\r\n                                                                            <div\r\n                                            class=\"rate-star  \">\r\n                                        <\/div>\r\n                                                                            <div\r\n                                            class=\"rate-star  \">\r\n                                        <\/div>\r\n                                                                            <div\r\n                                            class=\"rate-star  \">\r\n                                        <\/div>\r\n                                                                            <div\r\n                                            class=\"rate-star  \">\r\n                                        <\/div>\r\n                                                                            <div\r\n                                            class=\"rate-star disable \">\r\n                                        <\/div>\r\n                                                                    <\/div>\r\n                                                    <\/div>\r\n\r\n                        <!-- Bot\u00f3n de producto  -->\r\n                        <div>\r\n                            <span class=\"price-claim\">\r\n                                VER PRECIO                            <\/span>\r\n                        <\/div>\r\n                    <\/a>\r\n                                    <a href=\"https:\/\/www.primor.eu\/es_es\/opi-repair-mode-bond-building-serum-para-unas-86709.html\" class=\"product-item grid-table-rows\" target=\"_blank\">\r\n                        <div>\r\n                            <img decoding=\"async\" class=\"product-img\" width=\"80px\" height=\"80px\" src=\"https:\/\/cdn2.primor.eu\/media\/catalog\/product\/cache\/8d3aba296f7a18b5251ee30fa5db42b2\/4\/0\/4064665202625_1_8de1.jpg\" alt=\"Repair Mode Bond Building Serum Para U\u00f1as\">\r\n                        <\/div>\r\n\r\n                        <!-- Contenido de producto  -->\r\n                        <div>\r\n                            <div class=\"product-position\">\r\n                                #3                            <\/div>\r\n\r\n                            <h2>\r\n                                Repair Mode Bond Building Serum Para U\u00f1as                            <\/h2>\r\n                        <\/div>\r\n\r\n                        <!-- Imagen y\/o nombre de la marca -->\r\n                        <div>\r\n                                                            <img decoding=\"async\" width=\"70\" src=\"https:\/\/www.primor.eu\/media\/catalog\/category\/opi.jpg\" alt=\"\">\r\n                                                    <\/div>\r\n\r\n                        <!-- Puntuaci\u00f3n del producto  -->\r\n                        <div class=\"rating\">\r\n                                                            <div class=\"rate\" style=\"--p:94;\"><\/div>\r\n                                <b>4.7\/5<\/b>\r\n                                <div class=\"rate-stars\">\r\n                                                                            <div\r\n                                            class=\"rate-star  \">\r\n                                        <\/div>\r\n                                                                            <div\r\n                                            class=\"rate-star  \">\r\n                                        <\/div>\r\n                                                                            <div\r\n                                            class=\"rate-star  \">\r\n                                        <\/div>\r\n                                                                            <div\r\n                                            class=\"rate-star  \">\r\n                                        <\/div>\r\n                                                                            <div\r\n                                            class=\"rate-star  \">\r\n                                        <\/div>\r\n                                                                    <\/div>\r\n                                                    <\/div>\r\n\r\n                        <!-- Bot\u00f3n de producto  -->\r\n                        <div>\r\n                            <span class=\"price-claim\">\r\n                                VER PRECIO                            <\/span>\r\n                        <\/div>\r\n                    <\/a>\r\n                                    <a href=\"https:\/\/www.primor.eu\/es_es\/le-mini-macaron-rescue-moi-tratamiento-de-reparador-de-unas-83945.html\" class=\"product-item grid-table-rows\" target=\"_blank\">\r\n                        <div>\r\n                            <img decoding=\"async\" class=\"product-img\" width=\"80px\" height=\"80px\" src=\"https:\/\/cdn2.primor.eu\/media\/catalog\/product\/cache\/8d3aba296f7a18b5251ee30fa5db42b2\/3\/7\/3760297540265_f7e1.jpg\" alt=\"Rescue Moi Tratamiento de Reparador de U\u00f1as\">\r\n                        <\/div>\r\n\r\n                        <!-- Contenido de producto  -->\r\n                        <div>\r\n                            <div class=\"product-position\">\r\n                                #4                            <\/div>\r\n\r\n                            <h2>\r\n                                Rescue Moi Tratamiento de Reparador de U\u00f1as                            <\/h2>\r\n                        <\/div>\r\n\r\n                        <!-- Imagen y\/o nombre de la marca -->\r\n                        <div>\r\n                                                            <p class=\"brand-name\"><b><\/b><\/p>\r\n                                                    <\/div>\r\n\r\n                        <!-- Puntuaci\u00f3n del producto  -->\r\n                        <div class=\"rating\">\r\n                                                            <p>No hay valoraciones disponibles<\/p>\r\n                                                    <\/div>\r\n\r\n                        <!-- Bot\u00f3n de producto  -->\r\n                        <div>\r\n                            <span class=\"price-claim\">\r\n                                VER PRECIO                            <\/span>\r\n                        <\/div>\r\n                    <\/a>\r\n                                    <a href=\"https:\/\/www.primor.eu\/es_es\/catrice-aceite-reparador-unas-blossom-122058.html\" class=\"product-item grid-table-rows\" target=\"_blank\">\r\n                        <div>\r\n                            <img decoding=\"async\" class=\"product-img\" width=\"80px\" height=\"80px\" src=\"https:\/\/cdn2.primor.eu\/media\/catalog\/product\/cache\/8d3aba296f7a18b5251ee30fa5db42b2\/4\/0\/4059729516480_5Catrice_Magic_Repair_Blossom_Nail_Oil_85ee.jpg\" alt=\"Aceite Reparador de U\u00f1as Magic Repair Blossom Nail Oil\">\r\n                        <\/div>\r\n\r\n                        <!-- Contenido de producto  -->\r\n                        <div>\r\n                            <div class=\"product-position\">\r\n                                #5                            <\/div>\r\n\r\n                            <h2>\r\n                                Aceite Reparador de U\u00f1as Magic Repair Blossom Nail Oil                            <\/h2>\r\n                        <\/div>\r\n\r\n                        <!-- Imagen y\/o nombre de la marca -->\r\n                        <div>\r\n                                                            <img decoding=\"async\" width=\"70\" src=\"https:\/\/www.primor.eu\/media\/catalog\/category\/catrice.png\" alt=\"\">\r\n                                                    <\/div>\r\n\r\n                        <!-- Puntuaci\u00f3n del producto  -->\r\n                        <div class=\"rating\">\r\n                                                            <p>No hay valoraciones disponibles<\/p>\r\n                                                    <\/div>\r\n\r\n                        <!-- Bot\u00f3n de producto  -->\r\n                        <div>\r\n                            <span class=\"price-claim\">\r\n                                VER PRECIO                            <\/span>\r\n                        <\/div>\r\n                    <\/a>\r\n                            <\/product-list>\r\n        <\/product-table>\r\n\r\n        \n\n\n\n<h3 class=\"wp-block-heading\">Gel Reparador de U\u00f1as To The Rescue de Essie<\/h3>\n\n\n\n<p>Es un tratamiento dise\u00f1ado para fortalecer y restaurar las u\u00f1as da\u00f1adas. Su f\u00f3rmula avanzada con un complejo de tres prote\u00ednas ayuda a reparar los signos visibles del da\u00f1o causado por el gel UV en solo cinco d\u00edas, proporcionando una protecci\u00f3n efectiva contra la rotura y el debilitamiento. Sella la superficie descamada de las u\u00f1as, creando una capa protectora que las engrosa y refuerza. Su textura en gel permite una aplicaci\u00f3n sencilla con dos capas finas, logrando un acabado uniforme y resistente.<\/p>\n\n\n    <a class='product' target='_blank' href='https:\/\/www.primor.eu\/es_es\/essie-tratamiento-to-the-rescue-121658.html'>\r\n        <img loading='async' src='https:\/\/cdn2.primor.eu\/media\/catalog\/product\/cache\/8d3aba296f7a18b5251ee30fa5db42b2\/3\/6\/3600531699710_1_ad6e.jpg' alt='COMPRAR AHORA'>\r\n            <div class=\"claim\">\r\n                COMPRAR AHORA            <\/div>\r\n        <\/a>\r\n    \n\n\n<h3 class=\"wp-block-heading\">Nail Care Mascarilla Reparadora de U\u00f1as Noche de Beter<\/h3>\n\n\n\n<p>La mascarilla reparadora de u\u00f1as de noche Nail Care de Beter rehidrata y vigoriza las u\u00f1as deshidratadas y castigadas. Restaura la hidrataci\u00f3n natural de las u\u00f1as. Su acci\u00f3n nocturna crea una capa que repara y vigoriza las u\u00f1as. Su f\u00f3rmula est\u00e1 dise\u00f1ada con un 3% de vitamina B5, prote\u00edna de trigo y Aloe Vera de extraordinarias propiedades hidratantes. Textura no grasa.<\/p>\n\n\n    <a class='product' target='_blank' href='https:\/\/www.primor.eu\/es_es\/beter-nail-care-mascarilla-reparadora-de-unas-noche-35826.html'>\r\n        <img loading='async' src='https:\/\/cdn2.primor.eu\/media\/catalog\/product\/cache\/8d3aba296f7a18b5251ee30fa5db42b2\/8\/4\/8412122400538_7faf.png' alt='COMPRAR AHORA'>\r\n            <div class=\"claim\">\r\n                COMPRAR AHORA            <\/div>\r\n        <\/a>\r\n    \n\n\n<h3 class=\"wp-block-heading\">Repair Mode Bond Building Serum Para U\u00f1as de Opi<\/h3>\n\n\n\n<p>Est\u00e1 dise\u00f1ado con la tecnolog\u00eda patentada Ulti-Plex Technology, que se enfoca en reparar la estructura de la queratina de la u\u00f1a. Penetra profundamente en la superficie, creando nuevos enlaces dentro de la u\u00f1a natural. Adem\u00e1s, notar\u00e1s una mejora notable en la apariencia de las irregularidades y el color de tus u\u00f1as.<\/p>\n\n\n    <a class='product' target='_blank' href='https:\/\/www.primor.eu\/es_es\/opi-repair-mode-bond-building-serum-para-unas-86709.html'>\r\n        <img loading='async' src='https:\/\/cdn2.primor.eu\/media\/catalog\/product\/cache\/8d3aba296f7a18b5251ee30fa5db42b2\/4\/0\/4064665202625_1_8de1.jpg' alt='COMPRAR AHORA'>\r\n            <div class=\"claim\">\r\n                COMPRAR AHORA            <\/div>\r\n        <\/a>\r\n    \n\n\n<h3 class=\"wp-block-heading\">Rescue Moi Tratamiento de Reparador de U\u00f1as de Le Mini Macaron<\/h3>\n\n\n\n<p>Repara y rejuvenece las u\u00f1as naturales en solo una semana con nuestra f\u00f3rmula triple AHA. La vitamina B5 hidrata y la vitamina C nutre y protege la superficie de la u\u00f1a.&nbsp;<\/p>\n\n\n\n<p>Aplicar dos veces por semana sobre las u\u00f1as limpias, o usar como una capa base debajo del esmalte de u\u00f1as regular. Usar entre manicuras semi-permanentes para reconstruir las u\u00f1as. (No debe usarse junto el esmalte semi-permanente).<\/p>\n\n\n    <a class='product' target='_blank' href='https:\/\/www.primor.eu\/es_es\/le-mini-macaron-rescue-moi-tratamiento-de-reparador-de-unas-83945.html'>\r\n        <img loading='async' src='https:\/\/cdn2.primor.eu\/media\/catalog\/product\/cache\/8d3aba296f7a18b5251ee30fa5db42b2\/3\/7\/3760297540265_f7e1.jpg' alt='COMPRAR AHORA'>\r\n            <div class=\"claim\">\r\n                COMPRAR AHORA            <\/div>\r\n        <\/a>\r\n    \n\n\n<h3 class=\"wp-block-heading\">Aceite Reparador de U\u00f1as Magic Repair Blossom Nail Oil de Catrice<\/h3>\n\n\n\n<p>Es un tratamiento bif\u00e1sico dise\u00f1ado para nutrir y fortalecer u\u00f1as y cut\u00edculas. Su f\u00f3rmula combina ingredientes que aportan hidrataci\u00f3n y protecci\u00f3n, ayudando a restaurar la salud de las u\u00f1as.<\/p>\n\n\n    <a class='product' target='_blank' href='https:\/\/www.primor.eu\/es_es\/catrice-aceite-reparador-unas-blossom-122058.html'>\r\n        <img loading='async' src='https:\/\/cdn2.primor.eu\/media\/catalog\/product\/cache\/8d3aba296f7a18b5251ee30fa5db42b2\/4\/0\/4059729516480_5Catrice_Magic_Repair_Blossom_Nail_Oil_85ee.jpg' alt='COMPRAR AHORA'>\r\n            <div class=\"claim\">\r\n                COMPRAR AHORA            <\/div>\r\n        <\/a>\r\n    \n\n<div class=\"kk-star-ratings kksr-auto kksr-align-center kksr-valign-bottom\"\n    data-payload='{&quot;align&quot;:&quot;center&quot;,&quot;id&quot;:&quot;126673&quot;,&quot;slug&quot;:&quot;default&quot;,&quot;valign&quot;:&quot;bottom&quot;,&quot;ignore&quot;:&quot;&quot;,&quot;reference&quot;:&quot;auto&quot;,&quot;class&quot;:&quot;&quot;,&quot;count&quot;:&quot;0&quot;,&quot;legendonly&quot;:&quot;&quot;,&quot;readonly&quot;:&quot;&quot;,&quot;score&quot;:&quot;0&quot;,&quot;starsonly&quot;:&quot;&quot;,&quot;best&quot;:&quot;5&quot;,&quot;gap&quot;:&quot;5&quot;,&quot;greet&quot;:&quot;Valora este art\u00edculo&quot;,&quot;legend&quot;:&quot;0\\\/5 - (0 votos)&quot;,&quot;size&quot;:&quot;24&quot;,&quot;title&quot;:&quot;Los 5 mejores reparadores de u\u00f1as y c\u00f3mo se usan&quot;,&quot;width&quot;:&quot;0&quot;,&quot;_legend&quot;:&quot;{score}\\\/{best} - ({count} {votes})&quot;,&quot;font_factor&quot;:&quot;1.25&quot;}'>\n            \n<div class=\"kksr-stars\">\n    \n<div class=\"kksr-stars-inactive\">\n            <div class=\"kksr-star\" data-star=\"1\" style=\"padding-right: 5px\">\n            \n\n<div class=\"kksr-icon\" style=\"width: 24px; height: 24px;\"><\/div>\n        <\/div>\n            <div class=\"kksr-star\" data-star=\"2\" style=\"padding-right: 5px\">\n            \n\n<div class=\"kksr-icon\" style=\"width: 24px; height: 24px;\"><\/div>\n        <\/div>\n            <div class=\"kksr-star\" data-star=\"3\" style=\"padding-right: 5px\">\n            \n\n<div class=\"kksr-icon\" style=\"width: 24px; height: 24px;\"><\/div>\n        <\/div>\n            <div class=\"kksr-star\" data-star=\"4\" style=\"padding-right: 5px\">\n            \n\n<div class=\"kksr-icon\" style=\"width: 24px; height: 24px;\"><\/div>\n        <\/div>\n            <div class=\"kksr-star\" data-star=\"5\" style=\"padding-right: 5px\">\n            \n\n<div class=\"kksr-icon\" style=\"width: 24px; height: 24px;\"><\/div>\n        <\/div>\n    <\/div>\n    \n<div class=\"kksr-stars-active\" style=\"width: 0px;\">\n            <div class=\"kksr-star\" style=\"padding-right: 5px\">\n            \n\n<div class=\"kksr-icon\" style=\"width: 24px; height: 24px;\"><\/div>\n        <\/div>\n            <div class=\"kksr-star\" style=\"padding-right: 5px\">\n            \n\n<div class=\"kksr-icon\" style=\"width: 24px; height: 24px;\"><\/div>\n        <\/div>\n            <div class=\"kksr-star\" style=\"padding-right: 5px\">\n            \n\n<div class=\"kksr-icon\" style=\"width: 24px; height: 24px;\"><\/div>\n        <\/div>\n            <div class=\"kksr-star\" style=\"padding-right: 5px\">\n            \n\n<div class=\"kksr-icon\" style=\"width: 24px; height: 24px;\"><\/div>\n        <\/div>\n            <div class=\"kksr-star\" style=\"padding-right: 5px\">\n            \n\n<div class=\"kksr-icon\" style=\"width: 24px; height: 24px;\"><\/div>\n        <\/div>\n    <\/div>\n<\/div>\n                \n\n<div class=\"kksr-legend\" style=\"font-size: 19.2px;\">\n            <span class=\"kksr-muted\">Valora este art\u00edculo<\/span>\n    <\/div>\n    <\/div>\n","protected":false},"excerpt":{"rendered":"<p>Los reparadores de u\u00f1as son cada vez m\u00e1s comunes. Hay que tener en cuenta que muchas de nosotras nos hacemos la manicura a menudo, lo que quiere decir que nuestras u\u00f1as no respiran correctamente.\u00a0 No lo hacen porque est\u00e1n taponadas con manicuras permanentes o con esmaltes constantemente. Por eso, ya sea que llevas u\u00f1as postizas, [&hellip;]<\/p>\n","protected":false},"author":30,"featured_media":126677,"comment_status":"closed","ping_status":"closed","sticky":false,"template":"","format":"standard","meta":{"jnews-multi-image_gallery":[],"jnews_single_post":{"format":"standard"},"jnews_primary_category":[],"jnews_social_meta":[],"jnews_override_counter":[],"footnotes":""},"categories":[1831],"tags":[],"class_list":["post-126673","post","type-post","status-publish","format-standard","has-post-thumbnail","hentry","category-manicuras"],"_links":{"self":[{"href":"https:\/\/www.primor.eu\/blog\/wp-json\/wp\/v2\/posts\/126673","targetHints":{"allow":["GET"]}}],"collection":[{"href":"https:\/\/www.primor.eu\/blog\/wp-json\/wp\/v2\/posts"}],"about":[{"href":"https:\/\/www.primor.eu\/blog\/wp-json\/wp\/v2\/types\/post"}],"author":[{"embeddable":true,"href":"https:\/\/www.primor.eu\/blog\/wp-json\/wp\/v2\/users\/30"}],"replies":[{"embeddable":true,"href":"https:\/\/www.primor.eu\/blog\/wp-json\/wp\/v2\/comments?post=126673"}],"version-history":[{"count":2,"href":"https:\/\/www.primor.eu\/blog\/wp-json\/wp\/v2\/posts\/126673\/revisions"}],"predecessor-version":[{"id":126680,"href":"https:\/\/www.primor.eu\/blog\/wp-json\/wp\/v2\/posts\/126673\/revisions\/126680"}],"wp:featuredmedia":[{"embeddable":true,"href":"https:\/\/www.primor.eu\/blog\/wp-json\/wp\/v2\/media\/126677"}],"wp:attachment":[{"href":"https:\/\/www.primor.eu\/blog\/wp-json\/wp\/v2\/media?parent=126673"}],"wp:term":[{"taxonomy":"category","embeddable":true,"href":"https:\/\/www.primor.eu\/blog\/wp-json\/wp\/v2\/categories?post=126673"},{"taxonomy":"post_tag","embeddable":true,"href":"https:\/\/www.primor.eu\/blog\/wp-json\/wp\/v2\/tags?post=126673"}],"curies":[{"name":"wp","href":"https:\/\/api.w.org\/{rel}","templated":true}]}}